{"id":5931,"date":"2015-02-01T13:54:59","date_gmt":"2015-02-01T12:54:59","guid":{"rendered":"http:\/\/www.grandesterresbio.com\/?p=5931"},"modified":"2015-02-01T13:54:59","modified_gmt":"2015-02-01T12:54:59","slug":"lonu-au-secours-des-oceans","status":"publish","type":"post","link":"https:\/\/claire-jannot.com\/?p=5931","title":{"rendered":"L&rsquo;ONU au secours des oc\u00e9ans"},"content":{"rendered":"<h2><span style=\"color: #000000;\">Les pays membres de l&rsquo;ONU se sont mis d&rsquo;accord samedi pour commencer \u00e0 n\u00e9gocier un trait\u00e9 qui prot\u00e9gerait pour la premi\u00e8re fois la biodiversit\u00e9 dans la profondeur des oc\u00e9ans, apr\u00e8s quatre jours de discussions \u00e0 New York.<\/span><\/h2>\n<div id=\"attachment_5932\" style=\"width: 420px\" class=\"wp-caption alignleft\"><a href=\"https:\/\/i0.wp.com\/www.grandesterresbio.com\/wp-content\/uploads\/2015\/02\/1280px-Labrador-sea-paamiut.jpg\"><img data-recalc-dims=\"1\" loading=\"lazy\" decoding=\"async\" aria-describedby=\"caption-attachment-5932\" class=\"wp-image-5932 \" src=\"https:\/\/i0.wp.com\/www.grandesterresbio.com\/wp-content\/uploads\/2015\/02\/1280px-Labrador-sea-paamiut.jpg?resize=410%2C298\" alt=\"Mer du Labrador- Groenland\" width=\"410\" height=\"298\" srcset=\"https:\/\/i0.wp.com\/claire-jannot.com\/wp-content\/uploads\/2015\/02\/1280px-Labrador-sea-paamiut.jpg?w=989&amp;ssl=1 989w, https:\/\/i0.wp.com\/claire-jannot.com\/wp-content\/uploads\/2015\/02\/1280px-Labrador-sea-paamiut.jpg?resize=300%2C218&amp;ssl=1 300w\" sizes=\"auto, (max-width: 410px) 100vw, 410px\" \/><\/a><p id=\"caption-attachment-5932\" class=\"wp-caption-text\">Mer du Labrador- Groenland<\/p><\/div>\n<p><span style=\"color: #000000;\">Des organisations \u00e9cologistes qui suivaient de pr\u00e8s ces discussions, regroup\u00e9es dans la <strong>Coalition pour la haute mer (High Seas Alliance)<\/strong>, ont salu\u00e9 \u00ab\u00a0une \u00e9tape importante pour la protection des oc\u00e9ans\u00a0\u00bb.<\/span><br \/>\n<span style=\"color: #000000;\">Le futur trait\u00e9, qui serait le premier du genre, permettrait de <strong>pr\u00e9server les vastes zones qui s&rsquo;\u00e9tendent au-del\u00e0 des eaux territoriales<\/strong> (200 milles nautiques) que <strong>chaque Etat riverain g\u00e8re \u00e0 sa guise.<\/strong> Ces zones et les fonds marins qu&rsquo;elle recouvrent sont menac\u00e9es par la pollution, la surp\u00eache ou le r\u00e9chauffement climatique.<\/span><br \/>\n<span style=\"color: #000000;\">Elles repr\u00e9sentent <strong>64% des oc\u00e9ans et 43% de la surface de la Terre<\/strong>, ce qui en fait la plus grande biosph\u00e8re de la plan\u00e8te.<\/span><br \/>\n<span style=\"color: #000000;\">Il faudra encore que l&rsquo;Assembl\u00e9e g\u00e9n\u00e9rale de l&rsquo;ONU, \u00e0 sa prochaine session, ent\u00e9rine formellement l&rsquo;accord obtenu t\u00f4t samedi matin \u00e0 New York. <strong>Et un trait\u00e9 ne verra le jour au mieux qu&rsquo;en 2018.<\/strong><\/span><br \/>\n<span style=\"color: #000000;\">Selon le texte adopt\u00e9 samedi et dont l&rsquo;AFP a eu copie, un <strong>\u00ab\u00a0comit\u00e9 pr\u00e9paratoire\u00a0\u00bb<\/strong> sera mis sur pied en 2016 pour dessiner les contours d&rsquo;un <strong>futur trait\u00e9<\/strong> et faire des recommandations \u00e0 l&rsquo;Assembl\u00e9e \u00e0 sa session de <strong>septembre 2017.<\/strong><\/span><\/p>\n<p><span style=\"color: #000000;\">\u00a0Celle-ci d\u00e9cidera alors si et quand il convient de r\u00e9unir une <strong>\u00ab\u00a0conf\u00e9rence intergouvernementale sous l&rsquo;\u00e9gide des Nations unies\u00a0\u00bb<\/strong> afin de n\u00e9gocier un \u00ab\u00a0instrument international juridiquement contraignant\u00a0\u00bb. Ce trait\u00e9 devra porter sur <strong>\u00ab\u00a0la pr\u00e9servation et l&rsquo;utilisation durable de la biodiversit\u00e9 marine dans les zones situ\u00e9es au-del\u00e0 de la juridiction nationale\u00a0\u00bb.<\/strong><\/span><br \/>\n<span style=\"color: #000000;\">Il s&rsquo;agira en particulier de cr\u00e9er des <strong>\u00ab\u00a0zones marines prot\u00e9g\u00e9es\u00a0\u00bb<\/strong> et de \u00ab\u00a0partager les b\u00e9n\u00e9fices\u00a0\u00bb tir\u00e9s des grands fonds, par exemple en mati\u00e8re de g\u00e9n\u00e9tique marine.<\/span><br \/>\n<span style=\"color: #000000;\">Pour <strong>Karen Sack<\/strong>, de <strong>Pew Charitable Trusts<\/strong>, <strong>\u00ab\u00a0c&rsquo;est un grand moment pour la haute mer (&#8230;) et une vraie bonne nouvelle pour la vie dans les oc\u00e9ans\u00a0\u00bb<\/strong>.<\/span><br \/>\n<span style=\"color: #000000;\">\u00ab\u00a0L&rsquo;accord obtenu aujourd&rsquo;hui peut faire beaucoup pour garantir la protection de la haute mer, qui en a terriblement besoin\u00a0\u00bb, a soulign\u00e9 <strong>Sofia Tsenikli de Greenpeace<\/strong> dans un communiqu\u00e9. <strong>\u00ab\u00a0Le temps presse\u00a0\u00bb<\/strong>.<\/span><br \/>\n<span style=\"color: #000000;\">\u00ab\u00a0C&rsquo;est la plus grande biosph\u00e8re de la plan\u00e8te et il n&rsquo;existe pas encore d&rsquo;instrument juridique pour y cr\u00e9er des parcs nationaux de la mer\u00a0\u00bb, explique <strong>Karen Sack<\/strong>.\u00a0<\/span><span style=\"color: #000000;\">Des conventions internationales r\u00e9glementent d\u00e9j\u00e0 certaines activit\u00e9s comme la p\u00eache ou certaines zones pr\u00e9cises, mais il n&rsquo;existe pas pour l&rsquo;instant de texte couvrant l&rsquo;ensemble des dangers qui menacent les fonds marins.<\/span><\/p>\n<p><strong><span style=\"color: #000000;\">Les enjeux potentiels sont \u00e9normes: outre son r\u00f4le de r\u00e9gulateur du climat, l&rsquo;oc\u00e9an fournit des prot\u00e9ines \u00e0 pr\u00e8s de trois milliards de terriens.<\/span><\/strong><\/p>\n<p><span style=\"color: #000000;\">Au cours des discussions \u00e0 New York entre experts des 193 pays membres, une majorit\u00e9 de pays, comme ceux de l&rsquo;<strong>Union europ\u00e9enne et du G77 (groupe de pays en d\u00e9veloppement, notamment africains) le Mexique, la Chine, l&rsquo;Australie ou la Nouvelle-Z\u00e9lande<\/strong>, ont pouss\u00e9 \u00e0 agir vite. Mais d&rsquo;autres comme <strong>les Etats-Unis, la Russie, le Canada, l&rsquo;Islande ou le Japon<\/strong> se sont montr\u00e9s r\u00e9ticents \u00e0 fixer des <strong>\u00e9ch\u00e9ances rapides et contraignantes.<\/strong><\/span><br \/>\n<span style=\"color: #000000;\">Ces pays entendent pr\u00e9server les <strong>immenses possibilit\u00e9s d&rsquo;exploitation \u00e9conomique des fonds marins: non seulement la p\u00eache en haute mer mais la prospection mini\u00e8re ou la g\u00e9n\u00e9tique marine.<\/strong><\/span><br \/>\n<span style=\"color: #000000;\">La Coalition pour la haute mer regroupe 27 ONG (dont Greenpeace et le WWF) ainsi que l&rsquo;Union internationale pour la conservation de la nature (UICN).<\/span><\/p>\n<address><span style=\"color: #000000;\">Source :\u00a0NATIONS UNIES (Etats-Unis),\u00a024 jan 2015 (AFP)<\/span><\/address>\n<address><span style=\"color: #000000;\">Cr\u00e9dit photo :\u00a0Par Algkalv (d) (Travail personnel) [CC BY-SA 3.0 (http:\/\/creativecommons.org\/licenses\/by-sa\/3.0)], via Wikimedia Commons<\/span><\/address>\n<address>\u00a0<\/address>\n<address>\u00a0<\/address>\n<address>\u00a0<\/address>\n<address>\u00a0<\/address>\n<address>\u00a0<\/address>\n<address>\u00a0<\/address>\n<address>\u00a0<\/address>\n<address>\u00a0<\/address>\n","protected":false},"excerpt":{"rendered":"<p>Les pays membres de l&rsquo;ONU se sont mis d&rsquo;accord samedi pour commencer \u00e0 n\u00e9gocier un trait\u00e9 qui prot\u00e9gerait pour la premi\u00e8re fois la biodiversit\u00e9 dans la profondeur des oc\u00e9ans, apr\u00e8s quatre jours de discussions \u00e0 New York. Des organisations \u00e9cologistes &hellip; <a href=\"https:\/\/claire-jannot.com\/?p=5931\">Continuer la lecture <span class=\"meta-nav\">&rarr;<\/span><\/a><\/p>\n","protected":false},"author":1,"featured_media":0,"comment_status":"open","ping_status":"open","sticky":false,"template":"","format":"standard","meta":{"jetpack_post_was_ever_published":false,"_jetpack_newsletter_access":"","_jetpack_dont_email_post_to_subs":false,"_jetpack_newsletter_tier_id":0,"_jetpack_memberships_contains_paywalled_content":false,"_jetpack_memberships_contains_paid_content":false,"footnotes":"","jetpack_publicize_message":"","jetpack_publicize_feature_enabled":true,"jetpack_social_post_already_shared":true,"jetpack_social_options":{"image_generator_settings":{"template":"highway","default_image_id":0,"font":"","enabled":false},"version":2}},"categories":[2],"tags":[51,3,39,4,5,52,10,11],"class_list":["post-5931","post","type-post","status-publish","format-standard","hentry","category-ecologie","tag-climat","tag-consommation","tag-eau","tag-ecologie2","tag-environnement","tag-oceans","tag-sante","tag-societe-2"],"jetpack_publicize_connections":[],"jetpack_featured_media_url":"","jetpack_sharing_enabled":true,"jetpack_shortlink":"https:\/\/wp.me\/p5jjt5-1xF","_links":{"self":[{"href":"https:\/\/claire-jannot.com\/index.php?rest_route=\/wp\/v2\/posts\/5931","targetHints":{"allow":["GET"]}}],"collection":[{"href":"https:\/\/claire-jannot.com\/index.php?rest_route=\/wp\/v2\/posts"}],"about":[{"href":"https:\/\/claire-jannot.com\/index.php?rest_route=\/wp\/v2\/types\/post"}],"author":[{"embeddable":true,"href":"https:\/\/claire-jannot.com\/index.php?rest_route=\/wp\/v2\/users\/1"}],"replies":[{"embeddable":true,"href":"https:\/\/claire-jannot.com\/index.php?rest_route=%2Fwp%2Fv2%2Fcomments&post=5931"}],"version-history":[{"count":2,"href":"https:\/\/claire-jannot.com\/index.php?rest_route=\/wp\/v2\/posts\/5931\/revisions"}],"predecessor-version":[{"id":5934,"href":"https:\/\/claire-jannot.com\/index.php?rest_route=\/wp\/v2\/posts\/5931\/revisions\/5934"}],"wp:attachment":[{"href":"https:\/\/claire-jannot.com\/index.php?rest_route=%2Fwp%2Fv2%2Fmedia&parent=5931"}],"wp:term":[{"taxonomy":"category","embeddable":true,"href":"https:\/\/claire-jannot.com\/index.php?rest_route=%2Fwp%2Fv2%2Fcategories&post=5931"},{"taxonomy":"post_tag","embeddable":true,"href":"https:\/\/claire-jannot.com\/index.php?rest_route=%2Fwp%2Fv2%2Ftags&post=5931"}],"curies":[{"name":"wp","href":"https:\/\/api.w.org\/{rel}","templated":true}]}}