{"id":5940,"date":"2015-02-09T17:17:52","date_gmt":"2015-02-09T16:17:52","guid":{"rendered":"http:\/\/www.grandesterresbio.com\/?p=5940"},"modified":"2015-03-18T14:03:58","modified_gmt":"2015-03-18T13:03:58","slug":"au-bresil-le-melon-est-a-destination-du-monde-entier","status":"publish","type":"post","link":"https:\/\/claire-jannot.com\/?p=5940","title":{"rendered":"Au Br\u00e9sil, le melon est \u00e0 destination du monde entier"},"content":{"rendered":"<h2><span style=\"color: #000000;\">Il est 9 heures du matin mais Lorival de Cruz sue d\u00e9j\u00e0 \u00e0 grosses gouttes sous sa casquette. Au coeur de la zone semi-aride br\u00e9silienne, dans des all\u00e9es d&rsquo;une immense parcelle, le salari\u00e9 de la soci\u00e9t\u00e9 Agricola Famosa cueille une dizaine de melons par minute.<\/span><\/h2>\n<p><span style=\"color: #000000;\"><a href=\"https:\/\/i0.wp.com\/www.grandesterresbio.com\/wp-content\/uploads\/2015\/02\/640px-Lebensmittel-Galiamelone1-Asio.jpg\"><img data-recalc-dims=\"1\" loading=\"lazy\" decoding=\"async\" class=\"alignleft wp-image-5941 \" src=\"https:\/\/i0.wp.com\/www.grandesterresbio.com\/wp-content\/uploads\/2015\/02\/640px-Lebensmittel-Galiamelone1-Asio.jpg?resize=331%2C330\" alt=\"melon-www.grandesterresbio.com\" width=\"331\" height=\"330\" srcset=\"https:\/\/i0.wp.com\/claire-jannot.com\/wp-content\/uploads\/2015\/02\/640px-Lebensmittel-Galiamelone1-Asio.jpg?w=640&amp;ssl=1 640w, https:\/\/i0.wp.com\/claire-jannot.com\/wp-content\/uploads\/2015\/02\/640px-Lebensmittel-Galiamelone1-Asio.jpg?resize=150%2C150&amp;ssl=1 150w, https:\/\/i0.wp.com\/claire-jannot.com\/wp-content\/uploads\/2015\/02\/640px-Lebensmittel-Galiamelone1-Asio.jpg?resize=300%2C300&amp;ssl=1 300w\" sizes=\"auto, (max-width: 331px) 100vw, 331px\" \/><\/a>Cette ferme gigantesque et ses voisines, pourtant situ\u00e9es dans une r\u00e9gion de s\u00e9cheresse chronique, comptent parmi <strong>les plus grandes exportatrices de melons de la plan\u00e8te.<\/strong> En 2012, les ports du Ceara et du Rio Grande en ont exp\u00e9di\u00e9 <strong>130.000 tonnes jusqu&rsquo;aux march\u00e9s du Chili, du Danemark ou du Golfe.<\/strong><\/span><br \/>\n<span style=\"color: #000000;\">Le Br\u00e9sil est <strong>le troisi\u00e8me producteur mondial de fruits apr\u00e8s la Chine et l&rsquo;Inde<\/strong>, selon la FAO. <strong>Le melon est le fruit le plus export\u00e9<\/strong> par le g\u00e9ant sud-am\u00e9ricain en volume. En valeur, il se range apr\u00e8s la noix de cajou et la mangue, d&rsquo;apr\u00e8s des donn\u00e9es 2012 du Secr\u00e9tariat au commerce ext\u00e9rieur.<\/span><br \/>\n<span style=\"color: #000000;\">\u00ab\u00a0Les temp\u00e9ratures ne descendent <strong>pas en-de\u00e7\u00e0 de 28\u00b0C la nuit et nous b\u00e9n\u00e9ficions de 12 heures de soleil par jour<\/strong>, c&rsquo;est un climat id\u00e9al. Mais <strong>sans l&rsquo;irrigation<\/strong> rien ne pousserait, le sol serait trop sec\u00a0\u00bb, assure Valmir Lins Souza, g\u00e9rant des plantations.<\/span><br \/>\n<span style=\"color: #000000;\">Le secret de l&rsquo;abondance consiste en un <strong>tuyau noir h\u00e9riss\u00e9 de petits embouts<\/strong>, qui serpente sous les feuilles des melons. \u00ab\u00a0Nous pompons l&rsquo;eau dans nos 200 puits, certains jusqu&rsquo;\u00e0 800 m de profondeur, et la distribuons au goutte-\u00e0-goutte pour en perdre le moins possible\u00a0\u00bb, pr\u00e9cise Allison Magno de Sousa, charg\u00e9 de l&rsquo;irrigation.<\/span><\/p>\n<p><span style=\"color: #000000;\">La soif des fruits reste impressionnante, un d\u00e9fi pour une r\u00e9gion semi-aride: \u00e0 la fin de sa croissance, <strong>chaque kilo de melon ou de past\u00e8que aura absorb\u00e9 environ 100 litres d&rsquo;eau.<\/strong><\/span><br \/>\n<span style=\"color: #000000;\"><strong>\u00ab\u00a0Si la s\u00e9cheresse actuelle se poursuit et que les villes viennent \u00e0 manquer d&rsquo;eau, nous allons devoir cesser d&rsquo;irriguer\u00a0\u00bb<\/strong>, craint Jose Roberto Prado, directeur commercial d&rsquo;Itaueira, un autre g\u00e9ant du fruit dans la r\u00e9gion. D\u00e9j\u00e0, le niveau des puits d&rsquo;Agricola Famosa a baiss\u00e9 de 15%.<\/span><br \/>\n<span style=\"color: #000000;\">Les tuyaux de \u00ab\u00a0ferti-irrigation\u00a0\u00bb alimentent aussi les plantes en nutriments: nitrate et phosphore durant la pousse des feuilles, potassium et calcium pendant la p\u00e9riode de fructification.<\/span><br \/>\n<span style=\"color: #000000;\"><strong>Itaueira recourt m\u00eame aux drones et aux satellites<\/strong> pour surveiller ses 2.500 hectares de plantations.<\/span><br \/>\n<span style=\"color: #000000;\">Le melon ne peut \u00eatre cueilli qu&rsquo;en saison s\u00e8che car la pluie l&rsquo;abime. Gr\u00e2ce \u00e0 une distance de 1.000 km entre ses trois fermes, le long du littoral atlantique, la soci\u00e9t\u00e9 parvient \u00e0 \u00e9viter la pluie et r\u00e9colter et exporter des fruits tout au long de l&rsquo;ann\u00e9e.<\/span><br \/>\n<span style=\"color: #000000;\">Une fois lav\u00e9es et cir\u00e9es pour gagner en brillant, les boules vert p\u00e2le, jaune ou marbr\u00e9es s&#8217;empilent dans des cagettes \u00e0 destination de<strong> l&rsquo;Allemand Lidl, de l&rsquo;Anglais Tesco ou des supermarch\u00e9s du Chili.<\/strong><\/span><br \/>\n<span style=\"color: #000000;\">A partir de cet instant, le charg\u00e9 des exportations, Marcellus Junior, se lance dans une <strong>course contre la montre \u00e0 l&rsquo;\u00e9chelle plan\u00e9taire.<\/strong> \u00ab\u00a0Les melons ont <strong>28 jours de vie utile apr\u00e8s la cueillette.<\/strong> Or il faut compter quatre jours pour le trajet jusqu&rsquo;au port, la pes\u00e9e, le chargement&#8230; Puis sept jours de mer jusqu&rsquo;en Espagne, 19 jusqu&rsquo;au Danemark et encore un petit s\u00e9jour sur les rayons des supermarch\u00e9s avant de trouver preneur\u00a0\u00bb, d\u00e9taille-t-il en manipulant les lourdes portes des chambres froides.<\/span><\/p>\n<address><span style=\"color: #000000;\">Source :\u00a0\u00a0\u00a0MOSSORO\/ (Br\u00e9sil),\u00a020 jan 2015 (AFP)<\/span><\/address>\n<address><span style=\"color: #000000;\">Cr\u00e9dit photo :\u00a0By Asio otus (selbst fotografiert &#8211; own work) [GFDL (http:\/\/www.gnu.org\/copyleft\/fdl.html), CC-BY-SA-3.0 (http:\/\/creativecommons.org\/licenses\/by-sa\/3.0\/) or CC BY-SA 2.5-2.0-1.0 (http:\/\/creativecommons.org\/licenses\/by-sa\/2.5-2.0-1.0)], via Wikimedia Commons<\/span><\/address>\n<address>\u00a0<\/address>\n<address>\u00a0<\/address>\n<address>\u00a0<\/address>\n<address>\u00a0<\/address>\n<address>\u00a0<\/address>\n<address>\u00a0<\/address>\n<address>\u00a0<\/address>\n<address>\u00a0<\/address>\n<address>\u00a0<\/address>\n","protected":false},"excerpt":{"rendered":"<p>Il est 9 heures du matin mais Lorival de Cruz sue d\u00e9j\u00e0 \u00e0 grosses gouttes sous sa casquette. Au coeur de la zone semi-aride br\u00e9silienne, dans des all\u00e9es d&rsquo;une immense parcelle, le salari\u00e9 de la soci\u00e9t\u00e9 Agricola Famosa cueille une &hellip; <a href=\"https:\/\/claire-jannot.com\/?p=5940\">Continuer la lecture <span class=\"meta-nav\">&rarr;<\/span><\/a><\/p>\n","protected":false},"author":1,"featured_media":0,"comment_status":"open","ping_status":"open","sticky":false,"template":"","format":"standard","meta":{"jetpack_post_was_ever_published":false,"_jetpack_newsletter_access":"","_jetpack_dont_email_post_to_subs":false,"_jetpack_newsletter_tier_id":0,"_jetpack_memberships_contains_paywalled_content":false,"_jetpack_memberships_contains_paid_content":false,"footnotes":"","jetpack_publicize_message":"Au Br\u00e9sil, le melon est \u00e0 destination du monde entier","jetpack_publicize_feature_enabled":true,"jetpack_social_post_already_shared":true,"jetpack_social_options":{"image_generator_settings":{"template":"highway","default_image_id":0,"font":"","enabled":false},"version":2}},"categories":[1],"tags":[42,58,3,39,5],"class_list":["post-5940","post","type-post","status-publish","format-standard","hentry","category-alimentation","tag-agriculture","tag-alimentation-2","tag-consommation","tag-eau","tag-environnement"],"jetpack_publicize_connections":[],"jetpack_featured_media_url":"","jetpack_sharing_enabled":true,"jetpack_shortlink":"https:\/\/wp.me\/p5jjt5-1xO","_links":{"self":[{"href":"https:\/\/claire-jannot.com\/index.php?rest_route=\/wp\/v2\/posts\/5940","targetHints":{"allow":["GET"]}}],"collection":[{"href":"https:\/\/claire-jannot.com\/index.php?rest_route=\/wp\/v2\/posts"}],"about":[{"href":"https:\/\/claire-jannot.com\/index.php?rest_route=\/wp\/v2\/types\/post"}],"author":[{"embeddable":true,"href":"https:\/\/claire-jannot.com\/index.php?rest_route=\/wp\/v2\/users\/1"}],"replies":[{"embeddable":true,"href":"https:\/\/claire-jannot.com\/index.php?rest_route=%2Fwp%2Fv2%2Fcomments&post=5940"}],"version-history":[{"count":1,"href":"https:\/\/claire-jannot.com\/index.php?rest_route=\/wp\/v2\/posts\/5940\/revisions"}],"predecessor-version":[{"id":5942,"href":"https:\/\/claire-jannot.com\/index.php?rest_route=\/wp\/v2\/posts\/5940\/revisions\/5942"}],"wp:attachment":[{"href":"https:\/\/claire-jannot.com\/index.php?rest_route=%2Fwp%2Fv2%2Fmedia&parent=5940"}],"wp:term":[{"taxonomy":"category","embeddable":true,"href":"https:\/\/claire-jannot.com\/index.php?rest_route=%2Fwp%2Fv2%2Fcategories&post=5940"},{"taxonomy":"post_tag","embeddable":true,"href":"https:\/\/claire-jannot.com\/index.php?rest_route=%2Fwp%2Fv2%2Ftags&post=5940"}],"curies":[{"name":"wp","href":"https:\/\/api.w.org\/{rel}","templated":true}]}}