{"id":5952,"date":"2015-02-12T19:50:11","date_gmt":"2015-02-12T18:50:11","guid":{"rendered":"http:\/\/www.grandesterresbio.com\/?p=5952"},"modified":"2015-02-12T19:50:11","modified_gmt":"2015-02-12T18:50:11","slug":"le-nucleaire-cest-pas-cher","status":"publish","type":"post","link":"https:\/\/claire-jannot.com\/?p=5952","title":{"rendered":"Le nucl\u00e9aire ? C&rsquo;est pas cher !"},"content":{"rendered":"<h2><span style=\"color: #000000;\">Areva et EDF devront assumer de \u00ab\u00a0lourds surco\u00fbts\u00a0\u00bb li\u00e9s \u00e0 un retard de plusieurs mois dans la maintenance de la centrale nucl\u00e9aire du Blayais, en Gironde, affirment Les Echos mardi.<\/span><\/h2>\n<p><span style=\"color: #000000;\"><a href=\"https:\/\/i0.wp.com\/www.grandesterresbio.com\/wp-content\/uploads\/2015\/02\/800px-Centrale_nucl%C3%A9aire_du_Blayais_2.jpg\"><img data-recalc-dims=\"1\" loading=\"lazy\" decoding=\"async\" class=\"alignleft wp-image-5953 \" src=\"https:\/\/i0.wp.com\/www.grandesterresbio.com\/wp-content\/uploads\/2015\/02\/800px-Centrale_nucl%C3%A9aire_du_Blayais_2.jpg?resize=343%2C228\" alt=\"Centralenucl\u00e9aireduBlayais-www.grandesterresbio.com\" width=\"343\" height=\"228\" srcset=\"https:\/\/i0.wp.com\/claire-jannot.com\/wp-content\/uploads\/2015\/02\/800px-Centrale_nucl%C3%A9aire_du_Blayais_2.jpg?w=800&amp;ssl=1 800w, https:\/\/i0.wp.com\/claire-jannot.com\/wp-content\/uploads\/2015\/02\/800px-Centrale_nucl%C3%A9aire_du_Blayais_2.jpg?resize=300%2C199&amp;ssl=1 300w\" sizes=\"auto, (max-width: 343px) 100vw, 343px\" \/><\/a>L&rsquo;op\u00e9ration de <strong>maintenance<\/strong> entam\u00e9e en juillet 2014 \u00e0 la centrale du <strong>Blayais<\/strong> <strong>devait s&rsquo;achever d\u00e9but 2015, mais le r\u00e9acteur ne devrait pas red\u00e9marrer \u00ab\u00a0avant l&rsquo;\u00e9t\u00e9 prochain\u00a0\u00bb<\/strong>, engendrant <strong>un co\u00fbt suppl\u00e9mentaire d&rsquo;un million d&rsquo;euros par jour pour EDF<\/strong>, soit <strong>180 millions d&rsquo;euros pour six mois,<\/strong> indique le quotidien \u00e9conomique.<\/span><br \/>\n<span style=\"color: #000000;\"><strong>Areva devra pour sa part supporter le co\u00fbt<\/strong>, non chiffr\u00e9, <strong>\u00ab\u00a0de la mise en conformit\u00e9 et de l&rsquo;immobilisation de ses \u00e9quipements et de ses \u00e9quipes\u00a0\u00bb<\/strong>. <\/span><br \/>\n<span style=\"color: #000000;\">Le montant initial du chantier \u00e9tait estim\u00e9 \u00e0 <strong>112 millions d&rsquo;euros.<\/strong><\/span><br \/>\n<span style=\"color: #000000;\">Contact\u00e9s par l&rsquo;AFP, le sp\u00e9cialiste du nucl\u00e9aire et l&rsquo;\u00e9lectricien n&rsquo;\u00e9taient pas joignables dans l&rsquo;imm\u00e9diat.<\/span><br \/>\n<span style=\"color: #000000;\">Le retard est li\u00e9 \u00e0 des <strong>\u00ab\u00a0justifications de s\u00fbret\u00e9\u00a0\u00bb<\/strong> insuffisantes d&rsquo;Areva pour les trois g\u00e9n\u00e9rateurs de vapeur neufs qui doivent prolonger la dur\u00e9e de vie du r\u00e9acteur 3 de la centrale du Blayais.<\/span><br \/>\n<span style=\"color: #000000;\">Entr\u00e9e en service en 1981, <strong>cette centrale est l&rsquo;une des trois plus anciennes de France, avec Fessenheim (Haut-Rhin) et Tricastin (Dr\u00f4me)<\/strong>. Situ\u00e9e \u00e0 quelque 50 km au nord de Bordeaux, en bordure de l&rsquo;estuaire de la Gironde, elle dispose de quatre r\u00e9acteurs de 900 m\u00e9gawatts (MW) chacun.<\/span><\/p>\n<address><span style=\"color: #000000;\">Source :\u00a0PARIS,\u00a010 f\u00e9v 2015 (AFP)<\/span><\/address>\n<address><span style=\"color: #000000;\">Cr\u00e9dit photo :\u00a0Par Pierre-alain dorange (Travail personnel) [CC BY-SA 3.0 (http:\/\/creativecommons.org\/licenses\/by-sa\/3.0)], via Wikimedia Commons<\/span><\/address>\n<address>\u00a0<\/address>\n<address>\u00a0<\/address>\n<address>\u00a0<\/address>\n<address>\u00a0<\/address>\n","protected":false},"excerpt":{"rendered":"<p>Areva et EDF devront assumer de \u00ab\u00a0lourds surco\u00fbts\u00a0\u00bb li\u00e9s \u00e0 un retard de plusieurs mois dans la maintenance de la centrale nucl\u00e9aire du Blayais, en Gironde, affirment Les Echos mardi. L&rsquo;op\u00e9ration de maintenance entam\u00e9e en juillet 2014 \u00e0 la centrale &hellip; <a href=\"https:\/\/claire-jannot.com\/?p=5952\">Continuer la lecture <span class=\"meta-nav\">&rarr;<\/span><\/a><\/p>\n","protected":false},"author":1,"featured_media":0,"comment_status":"open","ping_status":"open","sticky":false,"template":"","format":"standard","meta":{"jetpack_post_was_ever_published":false,"_jetpack_newsletter_access":"","_jetpack_dont_email_post_to_subs":false,"_jetpack_newsletter_tier_id":0,"_jetpack_memberships_contains_paywalled_content":false,"_jetpack_memberships_contains_paid_content":false,"footnotes":"","jetpack_publicize_message":"","jetpack_publicize_feature_enabled":true,"jetpack_social_post_already_shared":true,"jetpack_social_options":{"image_generator_settings":{"template":"highway","default_image_id":0,"font":"","enabled":false},"version":2}},"categories":[2,47],"tags":[44,6,36,10,11],"class_list":["post-5952","post","type-post","status-publish","format-standard","hentry","category-ecologie","category-societe","tag-energie","tag-nucleaire","tag-pollution","tag-sante","tag-societe-2"],"jetpack_publicize_connections":[],"jetpack_featured_media_url":"","jetpack_sharing_enabled":true,"jetpack_shortlink":"https:\/\/wp.me\/p5jjt5-1y0","_links":{"self":[{"href":"https:\/\/claire-jannot.com\/index.php?rest_route=\/wp\/v2\/posts\/5952","targetHints":{"allow":["GET"]}}],"collection":[{"href":"https:\/\/claire-jannot.com\/index.php?rest_route=\/wp\/v2\/posts"}],"about":[{"href":"https:\/\/claire-jannot.com\/index.php?rest_route=\/wp\/v2\/types\/post"}],"author":[{"embeddable":true,"href":"https:\/\/claire-jannot.com\/index.php?rest_route=\/wp\/v2\/users\/1"}],"replies":[{"embeddable":true,"href":"https:\/\/claire-jannot.com\/index.php?rest_route=%2Fwp%2Fv2%2Fcomments&post=5952"}],"version-history":[{"count":1,"href":"https:\/\/claire-jannot.com\/index.php?rest_route=\/wp\/v2\/posts\/5952\/revisions"}],"predecessor-version":[{"id":5954,"href":"https:\/\/claire-jannot.com\/index.php?rest_route=\/wp\/v2\/posts\/5952\/revisions\/5954"}],"wp:attachment":[{"href":"https:\/\/claire-jannot.com\/index.php?rest_route=%2Fwp%2Fv2%2Fmedia&parent=5952"}],"wp:term":[{"taxonomy":"category","embeddable":true,"href":"https:\/\/claire-jannot.com\/index.php?rest_route=%2Fwp%2Fv2%2Fcategories&post=5952"},{"taxonomy":"post_tag","embeddable":true,"href":"https:\/\/claire-jannot.com\/index.php?rest_route=%2Fwp%2Fv2%2Ftags&post=5952"}],"curies":[{"name":"wp","href":"https:\/\/api.w.org\/{rel}","templated":true}]}}