{"id":5955,"date":"2015-02-21T12:52:38","date_gmt":"2015-02-21T11:52:38","guid":{"rendered":"http:\/\/www.grandesterresbio.com\/?p=5955"},"modified":"2015-02-21T12:52:38","modified_gmt":"2015-02-21T11:52:38","slug":"innovation-et-si-on-habitait-une-maison-en-eau","status":"publish","type":"post","link":"https:\/\/claire-jannot.com\/?p=5955","title":{"rendered":"Innovation : Et si on habitait une maison en eau ?"},"content":{"rendered":"<h2><span style=\"color: #000000;\">Une maison aux murs remplis de beaucoup d&rsquo;eau: c&rsquo;est l&rsquo;id\u00e9e que teste, presque grandeur nature, un architecte hongrois en qu\u00eate de solutions pour r\u00e9duire les besoins de l&rsquo;humanit\u00e9 en \u00e9nergie.<\/span><\/h2>\n<p><span style=\"color: #000000;\"><a style=\"color: #000000;\" href=\"https:\/\/i0.wp.com\/www.grandesterresbio.com\/wp-content\/uploads\/2015\/02\/800px-Onsen-6-bath.jpg\"><img data-recalc-dims=\"1\" loading=\"lazy\" decoding=\"async\" class=\"alignleft wp-image-5957 \" src=\"https:\/\/i0.wp.com\/www.grandesterresbio.com\/wp-content\/uploads\/2015\/02\/800px-Onsen-6-bath.jpg?resize=377%2C283\" alt=\"Onsen-www.grandesterresbio.com\" width=\"377\" height=\"283\" srcset=\"https:\/\/i0.wp.com\/claire-jannot.com\/wp-content\/uploads\/2015\/02\/800px-Onsen-6-bath.jpg?w=800&amp;ssl=1 800w, https:\/\/i0.wp.com\/claire-jannot.com\/wp-content\/uploads\/2015\/02\/800px-Onsen-6-bath.jpg?resize=300%2C225&amp;ssl=1 300w\" sizes=\"auto, (max-width: 377px) 100vw, 377px\" \/><\/a>\u00ab\u00a0Imaginez un <strong>b\u00e2timent sans isolation<\/strong>, mais dont l&rsquo;int\u00e9rieur b\u00e9n\u00e9ficie d&rsquo;un <strong>\u00e9quilibre thermique id\u00e9al gr\u00e2ce aux propri\u00e9t\u00e9s de l&rsquo;eau<\/strong>\u00ab\u00a0, r\u00e9sume <strong>Matyas Gutai<\/strong>, 34 ans, qui d\u00e9veloppe son projet et le fait breveter pas \u00e0 pas depuis une d\u00e9cennie.<\/span><\/p>\n<p><span style=\"color: #000000;\">Loin de Gen\u00e8ve, o\u00f9 l&rsquo;on n\u00e9gocie cette semaine dans l&rsquo;espoir d&rsquo;un accord \u00e0 la <strong>conf\u00e9rence de Paris sur le climat (COP21)<\/strong> en fin d&rsquo;ann\u00e9e, l&rsquo;inventeur a b\u00e2ti un petit prototype dans sa ville natale de <strong>Kecskem\u00e9t, au sud de Budapest.\u00a0<\/strong>La plupart des murs du b\u00e2timent sont des <strong>panneaux de verre doubl\u00e9s, dont les intervalles sont remplis d&rsquo;eau.<\/strong> Expos\u00e9e au soleil, celle-ci absorbe la chaleur, \u00e0 la mani\u00e8re d&rsquo;une batterie de voiture qui se charge en roulant.\u00a0<strong>L&rsquo;eau restitue cette chaleur quand le temps devient froid, \u00e0 la mani\u00e8re d&rsquo;un convecteur.<\/strong> Le besoin de sources de chauffage ext\u00e9rieures, et donc la consommation d&rsquo;\u00e9nergie, sont limit\u00e9es d&rsquo;autant.\u00a0La conception de la <strong>\u00ab\u00a0maison en eau\u00a0\u00bb permet aussi une isolation parfaite, bien que ses murs ne mesurent que cinq centim\u00e8tres d&rsquo;\u00e9paisseur &#8211; une \u00e9conomie suppl\u00e9mentaire, cette fois en mat\u00e9riaux de construction.\u00a0<\/strong>\u00ab\u00a0Il n&rsquo;existe aucune autre structure dans laquelle vous soyez compl\u00e8tement entour\u00e9 de volumes d&rsquo;eau reli\u00e9s entre eux\u00a0\u00bb, assure Matyas Gutai \u00e0 l&rsquo;AFP. <strong>\u00ab\u00a0Et cette eau, en utilisant ses propri\u00e9t\u00e9s naturelles, est capable de d\u00e9placer l&rsquo;\u00e9nergie l\u00e0 o\u00f9 elle est n\u00e9cessaire.<\/strong> Elle absorbe, stocke, chauffe, refroidit, et \u00e9quilibre la temp\u00e9rature int\u00e9rieure\u00a0\u00bb.\u00a0Matyas Gutai, qui a d\u00e9croch\u00e9 une subvention de l&rsquo;Union europ\u00e9enne, affirme que son projet suscite l&rsquo;int\u00e9r\u00eat d&rsquo;architectes et de promoteurs du monde entier.<\/span><\/p>\n<p><span style=\"color: #000000;\">La Hongrie est c\u00e9l\u00e8bre pour ses bains thermaux. Plut\u00f4t que dans les thermes de Budapest, c&rsquo;est pourtant dans un <strong>onsen ( voir photo )\u00a0<\/strong>, un <strong>bain thermal de plein air japonais<\/strong>, que l&rsquo;architecte a eu la r\u00e9v\u00e9lation de son id\u00e9e en 2003, alors qu&rsquo;il \u00e9tudiait l&rsquo;architecture durable \u00e0 Tokyo.\u00a0Ce f\u00e9ru du Japon dit s&rsquo;\u00eatre aussi inspir\u00e9 de l&rsquo;<strong>a\u00efkido<\/strong>, un art martial dans lequel la victoire s&rsquo;offre \u00e0 qui sait profiter de la puissance d\u00e9ploy\u00e9e par l&rsquo;adversaire.<\/span><\/p>\n<p><span style=\"color: #000000;\">\u00a0\u00ab\u00a0Vous utilisez sa force \u00e0 votre avantage, vous le faites tomber en vous coulant hors de son attaque plut\u00f4t qu&rsquo;en la bloquant\u00a0\u00bb, d\u00e9crit Matyas Gutai: \u00ab\u00a0C&rsquo;est en m&rsquo;impr\u00e9gnant de cette technique que je me suis int\u00e9ress\u00e9 de plus en plus \u00e0 <strong>l&rsquo;eau, qui ne r\u00e9siste pas mais qui r\u00e9pond autrement, intelligemment\u00a0\u00bb quand elle est bloqu\u00e9e.<\/strong><\/span><\/p>\n<address><span style=\"color: #000000;\">Source : \u00a0\u00a0\u00a0\u00a0\u00a0\u00a0KECSKEM\u00c9T (Hongrie),\u00a010 f\u00e9v 2015 (AFP)<\/span><\/address>\n<address><span style=\"color: #000000;\">Cr\u00e9dit photo :\u00a0By Onsen (Own work) [GFDL (http:\/\/www.gnu.org\/copyleft\/fdl.html) or CC BY-SA 3.0 (http:\/\/creativecommons.org\/licenses\/by-sa\/3.0)], via Wikimedia Commons<\/span><\/address>\n<address>\u00a0<\/address>\n<address>\u00a0<\/address>\n<address>\u00a0<\/address>\n<address>\u00a0<\/address>\n<address>\u00a0<\/address>\n<address>\u00a0<\/address>\n","protected":false},"excerpt":{"rendered":"<p>Une maison aux murs remplis de beaucoup d&rsquo;eau: c&rsquo;est l&rsquo;id\u00e9e que teste, presque grandeur nature, un architecte hongrois en qu\u00eate de solutions pour r\u00e9duire les besoins de l&rsquo;humanit\u00e9 en \u00e9nergie. \u00ab\u00a0Imaginez un b\u00e2timent sans isolation, mais dont l&rsquo;int\u00e9rieur b\u00e9n\u00e9ficie d&rsquo;un &hellip; <a href=\"https:\/\/claire-jannot.com\/?p=5955\">Continuer la lecture <span class=\"meta-nav\">&rarr;<\/span><\/a><\/p>\n","protected":false},"author":1,"featured_media":0,"comment_status":"open","ping_status":"open","sticky":false,"template":"","format":"standard","meta":{"jetpack_post_was_ever_published":false,"_jetpack_newsletter_access":"","_jetpack_dont_email_post_to_subs":false,"_jetpack_newsletter_tier_id":0,"_jetpack_memberships_contains_paywalled_content":false,"_jetpack_memberships_contains_paid_content":false,"footnotes":"","jetpack_publicize_message":"","jetpack_publicize_feature_enabled":true,"jetpack_social_post_already_shared":true,"jetpack_social_options":{"image_generator_settings":{"template":"highway","default_image_id":0,"font":"","enabled":false},"version":2}},"categories":[2],"tags":[26,39,4,44,5,27,11],"class_list":["post-5955","post","type-post","status-publish","format-standard","hentry","category-ecologie","tag-architecture","tag-eau","tag-ecologie2","tag-energie","tag-environnement","tag-insolite","tag-societe-2"],"jetpack_publicize_connections":[],"jetpack_featured_media_url":"","jetpack_sharing_enabled":true,"jetpack_shortlink":"https:\/\/wp.me\/p5jjt5-1y3","_links":{"self":[{"href":"https:\/\/claire-jannot.com\/index.php?rest_route=\/wp\/v2\/posts\/5955","targetHints":{"allow":["GET"]}}],"collection":[{"href":"https:\/\/claire-jannot.com\/index.php?rest_route=\/wp\/v2\/posts"}],"about":[{"href":"https:\/\/claire-jannot.com\/index.php?rest_route=\/wp\/v2\/types\/post"}],"author":[{"embeddable":true,"href":"https:\/\/claire-jannot.com\/index.php?rest_route=\/wp\/v2\/users\/1"}],"replies":[{"embeddable":true,"href":"https:\/\/claire-jannot.com\/index.php?rest_route=%2Fwp%2Fv2%2Fcomments&post=5955"}],"version-history":[{"count":1,"href":"https:\/\/claire-jannot.com\/index.php?rest_route=\/wp\/v2\/posts\/5955\/revisions"}],"predecessor-version":[{"id":5958,"href":"https:\/\/claire-jannot.com\/index.php?rest_route=\/wp\/v2\/posts\/5955\/revisions\/5958"}],"wp:attachment":[{"href":"https:\/\/claire-jannot.com\/index.php?rest_route=%2Fwp%2Fv2%2Fmedia&parent=5955"}],"wp:term":[{"taxonomy":"category","embeddable":true,"href":"https:\/\/claire-jannot.com\/index.php?rest_route=%2Fwp%2Fv2%2Fcategories&post=5955"},{"taxonomy":"post_tag","embeddable":true,"href":"https:\/\/claire-jannot.com\/index.php?rest_route=%2Fwp%2Fv2%2Ftags&post=5955"}],"curies":[{"name":"wp","href":"https:\/\/api.w.org\/{rel}","templated":true}]}}