{"id":5959,"date":"2015-02-26T20:07:05","date_gmt":"2015-02-26T19:07:05","guid":{"rendered":"http:\/\/www.grandesterresbio.com\/?p=5959"},"modified":"2015-03-18T14:03:40","modified_gmt":"2015-03-18T13:03:40","slug":"la-confederation-paysanne-en-croisade-contre-les-fermes-usines","status":"publish","type":"post","link":"https:\/\/claire-jannot.com\/?p=5959","title":{"rendered":"La Conf\u00e9d\u00e9ration Paysanne : En croisade contre les \u00ab\u00a0Fermes usines\u00a0\u00bb"},"content":{"rendered":"<h2><span style=\"color: #000000;\">A travers la France, 29 projets de \u00ab\u00a0fermes usines\u00a0\u00bb sont \u00e0 l&rsquo;\u00e9tude, ou d\u00e9j\u00e0 \u00e0 l&rsquo;oeuvre, \u00e0 l&rsquo;instar de la controvers\u00e9e \u00ab\u00a0ferme des 1.000 vaches\u00a0\u00bb en Picardie, selon la Conf\u00e9d\u00e9ration paysanne, syndicat agricole minoritaire, qui en publie vendredi une carte.<\/span><\/h2>\n<div id=\"attachment_5960\" style=\"width: 427px\" class=\"wp-caption alignleft\"><a style=\"color: #000000;\" href=\"https:\/\/i0.wp.com\/www.grandesterresbio.com\/wp-content\/uploads\/2015\/02\/LaurentPinatel.jpg\"><img data-recalc-dims=\"1\" loading=\"lazy\" decoding=\"async\" aria-describedby=\"caption-attachment-5960\" class=\"wp-image-5960\" src=\"https:\/\/i0.wp.com\/www.grandesterresbio.com\/wp-content\/uploads\/2015\/02\/LaurentPinatel.jpg?resize=417%2C278\" alt=\"LaurentPinatel-www.grandesterresbio.com\" width=\"417\" height=\"278\" srcset=\"https:\/\/i0.wp.com\/claire-jannot.com\/wp-content\/uploads\/2015\/02\/LaurentPinatel.jpg?w=800&amp;ssl=1 800w, https:\/\/i0.wp.com\/claire-jannot.com\/wp-content\/uploads\/2015\/02\/LaurentPinatel.jpg?resize=300%2C199&amp;ssl=1 300w\" sizes=\"auto, (max-width: 417px) 100vw, 417px\" \/><\/a><p id=\"caption-attachment-5960\" class=\"wp-caption-text\"><\/span> <span style=\"color: #000000;\">Laurent Pinatel<\/span><\/p><\/div>\n<p><span style=\"color: #000000;\"><strong>2.200 animaux<\/strong> sur une exploitation laiti\u00e8re \u00e0 Monts (Indre-et-Loire), <strong>23.000 porcelets<\/strong> \u00e0 Tr\u00e9brivan (C\u00f4tes d&rsquo;Armor)et \u00e0 Poirou (Vend\u00e9e), <strong>250.000 poules<\/strong> dans la Somme&#8230; Le syndicat fond\u00e9 par <strong>Jos\u00e9 Bov\u00e9 a recens\u00e9 pendant un an des projets qu&rsquo;il consid\u00e8re comme de l'\u00a0\u00bbagriculture industrielle\u00a0\u00bb.<\/strong><\/span><\/p>\n<p><span style=\"color: #000000;\">Ces exploitations sont situ\u00e9es en majorit\u00e9 dans le Grand Ouest et au nord de Paris.\u00a0\u00bbNous nous sommes aper\u00e7us qu&rsquo;il y avait aussi des fermes usines v\u00e9g\u00e9tales\u00a0\u00bb, comme ce projet de <strong>serres de tomates hors-sol sur 40 hectares<\/strong> en Charente-Maritime, alors que \u00ab\u00a02-3 hectares c&rsquo;est d\u00e9j\u00e0 beaucoup en mara\u00eechage\u00a0\u00bb, a expliqu\u00e9 \u00e0 l&rsquo;AFP <strong>Laurent Pinatel, porte-parole de la Conf\u00e9d\u00e9ration.\u00a0<\/strong>\u00ab\u00a0Ce qu&rsquo;on nous vend depuis les ann\u00e9es 60, c&rsquo;est qu&rsquo;il faut se concentrer pour r\u00e9sister. Ce n&rsquo;est pas la solution: on sauve la production mais pas les producteurs\u00a0\u00bb, estime-t-il.\u00a0Ainsi, un centre d&rsquo;engraissement de <strong>mille taurillons<\/strong> pr\u00e9vu dans le Limousin \u00ab\u00a0risque de d\u00e9truire de la main d&rsquo;oeuvre\u00a0\u00bb, en emp\u00eachant d&rsquo;autres petites fermes de pratiquer cette activit\u00e9, alors que \u00ab\u00a0le march\u00e9 n&rsquo;est pas infini\u00a0\u00bb, analyse-t-il.<\/span><\/p>\n<p><span style=\"color: #000000;\">M. Pinatel d\u00e9nonce <strong>\u00ab\u00a0l&rsquo;ultra-sp\u00e9cialisation\u00a0\u00bb de ce type d&rsquo;agriculture, et les cons\u00e9quences en termes de transport routier \u00ab\u00a0<\/strong>alors que l&rsquo;on est en pleine ann\u00e9e sur le climat\u00a0\u00bb.<\/span><\/p>\n<p><span style=\"color: #000000;\">La Conf\u00e9d\u00e9ration paysanne d\u00e9fend une <strong>\u00ab\u00a0agriculture diversifi\u00e9e\u00a0\u00bb<\/strong>, entre les productions animales, c\u00e9r\u00e9ali\u00e8res et mara\u00eech\u00e8re, <strong>\u00ab\u00a0bas\u00e9e sur l&rsquo;agronomie\u00a0\u00bb<\/strong>.\u00a0En termes de qualit\u00e9, les productions des fermes usines \u00ab\u00a0n&rsquo;auront aucun souci sur les normes sanitaires, mais ce seront des <strong>produits standard, sans go\u00fbt<\/strong>\u00ab\u00a0, regrette-t-il.\u00a0Selon lui, nombre de fermes g\u00e9antes, bien que port\u00e9es par des agriculteurs, font appel \u00e0 des <strong>investisseurs ext\u00e9rieurs.<\/strong><\/span><\/p>\n<p><span style=\"color: #000000;\">Sont cit\u00e9s entre autres <strong>Sofiprot\u00e9ol<\/strong> (rebaptis\u00e9 r\u00e9cemment Avril), le poids-lourd des huiles et prot\u00e9ines v\u00e9g\u00e9tales qui d\u00e9tient les marques <strong>Lesieur et Puget, SVA Jean Roz\u00e9 (filiale d&rsquo;Intermarch\u00e9)<\/strong>, ou le groupe de gestion de l&rsquo;eau, des d\u00e9chets et de l&rsquo;\u00e9nergie <strong>Veolia.<\/strong><\/span><\/p>\n<p><span style=\"color: #000000;\">L&rsquo;extension d&rsquo;une ferme laiti\u00e8re \u00e0 Monts, bien que d\u00e9tenue par trois agriculteurs \u00ab\u00a0reste un <strong>projet industriel qui va faire dispara\u00eetre des paysans<\/strong>\u00ab\u00a0, assure-t-il.\u00a0L&rsquo;exploitation accueillera \u00e0 terme <strong>420 vaches laiti\u00e8res, 260 g\u00e9nisses, 210 taurillons, 1.300 ch\u00e8vres, soit 2.200 animaux<\/strong> au total, selon le syndicat.<\/span><\/p>\n<p><span style=\"color: #000000;\">\u00ab\u00a0Ceux qui disent qu&rsquo;on peut se passer d&rsquo;<strong>agriculture industrielle<\/strong> sont des gens qui se mentent \u00e0 eux-m\u00eames\u00a0\u00bb, estimait pour sa part le ministre de l&rsquo;Agriculture St\u00e9phane Le Foll, lors d&rsquo;un entretien mercredi \u00e0 l&rsquo;AFP.<\/span><\/p>\n<p><span style=\"color: #000000;\">\u00ab\u00a0La ferme des 1.000 vaches, ce n&rsquo;est pas mon mod\u00e8le parce que derri\u00e8re, <strong>c&rsquo;est un investisseur et il n&rsquo;y a pas d&rsquo;agriculteur.<\/strong> Mais il ne faut pas qu&rsquo;il y ait de faux d\u00e9bat. On sait qu&rsquo;on a besoin d&rsquo;une industrie agroalimentaire et on sait, pour la production d&rsquo;un certain nombre d&rsquo;aliments, qu&rsquo;on a besoin d&rsquo;une production suffisamment industrialis\u00e9e pour qu&rsquo;elle soit accessible\u00a0\u00bb, a fait valoir le ministre.<\/span><\/p>\n<p><span style=\"color: #000000;\">Le gouvernement a annonc\u00e9 plusieurs mesures pour aider les agriculteurs: les exploitants pourront par exemple plus facilement cr\u00e9er ou agrandir les \u00e9levages de volailles.\u00a0<strong>La Conf\u00e9d\u00e9ration paysanne envisage des \u00ab\u00a0actions publiques fortes\u00a0\u00bb pour d\u00e9noncer les fermes-usines. Il y a deux jours, c&rsquo;est au milieu du salon de l&rsquo;Agriculture \u00e0 Paris que Laurent Pinatel a fait entendre sa voix avec pour r\u00e9sultat de se faire expulser manu militari par les forces de l&rsquo;ordre ! \u00c7a promet !<\/strong><\/span><\/p>\n<address><span style=\"color: #000000;\">PARIS,\u00a020 f\u00e9v 2015 (AFP)<\/span><\/address>\n<address><span style=\"color: #000000;\">By Olivier T\u00e9tard [CC BY-SA 2.0 (http:\/\/creativecommons.org\/licenses\/by-sa\/2.0)], via Wikimedia Commons<\/span><\/address>\n<address>\u00a0<\/address>\n<address>\u00a0<\/address>\n<address>\u00a0<\/address>\n<address>\u00a0<\/address>\n<address>\u00a0<\/address>\n<address>\u00a0<\/address>\n","protected":false},"excerpt":{"rendered":"<p>A travers la France, 29 projets de \u00ab\u00a0fermes usines\u00a0\u00bb sont \u00e0 l&rsquo;\u00e9tude, ou d\u00e9j\u00e0 \u00e0 l&rsquo;oeuvre, \u00e0 l&rsquo;instar de la controvers\u00e9e \u00ab\u00a0ferme des 1.000 vaches\u00a0\u00bb en Picardie, selon la Conf\u00e9d\u00e9ration paysanne, syndicat agricole minoritaire, qui en publie vendredi une carte. &hellip; <a href=\"https:\/\/claire-jannot.com\/?p=5959\">Continuer la lecture <span class=\"meta-nav\">&rarr;<\/span><\/a><\/p>\n","protected":false},"author":1,"featured_media":0,"comment_status":"open","ping_status":"open","sticky":false,"template":"","format":"standard","meta":{"jetpack_post_was_ever_published":false,"_jetpack_newsletter_access":"","_jetpack_dont_email_post_to_subs":false,"_jetpack_newsletter_tier_id":0,"_jetpack_memberships_contains_paywalled_content":false,"_jetpack_memberships_contains_paid_content":false,"footnotes":"","jetpack_publicize_message":"","jetpack_publicize_feature_enabled":true,"jetpack_social_post_already_shared":true,"jetpack_social_options":{"image_generator_settings":{"template":"highway","default_image_id":0,"font":"","enabled":false},"version":2}},"categories":[2,47],"tags":[42,58,22,3,4,5,11,48],"class_list":["post-5959","post","type-post","status-publish","format-standard","hentry","category-ecologie","category-societe","tag-agriculture","tag-alimentation-2","tag-biologique","tag-consommation","tag-ecologie2","tag-environnement","tag-societe-2","tag-vie-animale"],"jetpack_publicize_connections":[],"jetpack_featured_media_url":"","jetpack_sharing_enabled":true,"jetpack_shortlink":"https:\/\/wp.me\/p5jjt5-1y7","_links":{"self":[{"href":"https:\/\/claire-jannot.com\/index.php?rest_route=\/wp\/v2\/posts\/5959","targetHints":{"allow":["GET"]}}],"collection":[{"href":"https:\/\/claire-jannot.com\/index.php?rest_route=\/wp\/v2\/posts"}],"about":[{"href":"https:\/\/claire-jannot.com\/index.php?rest_route=\/wp\/v2\/types\/post"}],"author":[{"embeddable":true,"href":"https:\/\/claire-jannot.com\/index.php?rest_route=\/wp\/v2\/users\/1"}],"replies":[{"embeddable":true,"href":"https:\/\/claire-jannot.com\/index.php?rest_route=%2Fwp%2Fv2%2Fcomments&post=5959"}],"version-history":[{"count":2,"href":"https:\/\/claire-jannot.com\/index.php?rest_route=\/wp\/v2\/posts\/5959\/revisions"}],"predecessor-version":[{"id":5972,"href":"https:\/\/claire-jannot.com\/index.php?rest_route=\/wp\/v2\/posts\/5959\/revisions\/5972"}],"wp:attachment":[{"href":"https:\/\/claire-jannot.com\/index.php?rest_route=%2Fwp%2Fv2%2Fmedia&parent=5959"}],"wp:term":[{"taxonomy":"category","embeddable":true,"href":"https:\/\/claire-jannot.com\/index.php?rest_route=%2Fwp%2Fv2%2Fcategories&post=5959"},{"taxonomy":"post_tag","embeddable":true,"href":"https:\/\/claire-jannot.com\/index.php?rest_route=%2Fwp%2Fv2%2Ftags&post=5959"}],"curies":[{"name":"wp","href":"https:\/\/api.w.org\/{rel}","templated":true}]}}