{"id":6047,"date":"2015-03-20T19:13:18","date_gmt":"2015-03-20T18:13:18","guid":{"rendered":"http:\/\/www.grandesterresbio.com\/?p=6047"},"modified":"2015-03-20T19:13:18","modified_gmt":"2015-03-20T18:13:18","slug":"il-faut-proteger-le-desman-des-pyrenees","status":"publish","type":"post","link":"https:\/\/claire-jannot.com\/?p=6047","title":{"rendered":"Il faut prot\u00e9ger le Desman des Pyr\u00e9n\u00e9es !"},"content":{"rendered":"<h2><span style=\"color: #000000;\">L&rsquo;habitat du desman des Pyr\u00e9n\u00e9es, un petit mammif\u00e8re semi-aquatique dot\u00e9 d&rsquo;une petite trompe, \u00ab\u00a0est menac\u00e9\u00a0\u00bb, ont alert\u00e9 mardi \u00e0 Toulouse des scientifiques en pr\u00e9sentant une aide du programme europ\u00e9en Life+, pour prot\u00e9ger cette esp\u00e8ce peu connue.<\/span><\/h2>\n<p><span style=\"color: #000000;\"><a href=\"https:\/\/i0.wp.com\/www.grandesterresbio.com\/wp-content\/uploads\/2015\/03\/desman.jpg\"><img data-recalc-dims=\"1\" loading=\"lazy\" decoding=\"async\" class=\"alignleft  wp-image-6048\" src=\"https:\/\/i0.wp.com\/www.grandesterresbio.com\/wp-content\/uploads\/2015\/03\/desman.jpg?resize=428%2C287\" alt=\"desman\" width=\"428\" height=\"287\" srcset=\"https:\/\/i0.wp.com\/claire-jannot.com\/wp-content\/uploads\/2015\/03\/desman.jpg?w=800&amp;ssl=1 800w, https:\/\/i0.wp.com\/claire-jannot.com\/wp-content\/uploads\/2015\/03\/desman.jpg?resize=300%2C201&amp;ssl=1 300w\" sizes=\"auto, (max-width: 428px) 100vw, 428px\" \/><\/a><strong>\u00ab\u00a0L&rsquo;enjeu de conservation est important, il faut agir vite<\/strong>\u00ab\u00a0, a alert\u00e9 M\u00e9lanie N\u00e9moz, animatrice de Life + Desman, un nouveau plan quinquennal, qui succ\u00e8de au plan national d&rsquo;action (PNA) en place depuis 2010. <\/span><br \/>\n<span style=\"color: #000000;\"><strong>Cet animal d&rsquo;aspect \u00e9trange, m\u00e9lange de rat et de fourmilier<\/strong>, est pr\u00e9sent dans les rivi\u00e8res pyr\u00e9n\u00e9ennes et au nord-ouest de la p\u00e9ninsule ib\u00e9rique.<\/span><br \/>\n<span style=\"color: #000000;\">\u00ab\u00a0On conna\u00eet tr\u00e8s peu de choses sur ce mammif\u00e8re <strong>semi-aquatique et insectivore<\/strong>\u00ab\u00a0, a reconnu Fr\u00e9d\u00e9ric Blanc, charg\u00e9 de mission du programme Life+ Desman. <\/span><\/p>\n<p><span style=\"color: #000000;\">Le <strong>Galemys pyrenaicus<\/strong>, ou <strong>rat-trompette<\/strong>, n&rsquo;a \u00e9t\u00e9 d\u00e9crit qu&rsquo;en <strong>1811<\/strong> par le naturaliste Etienne Geoffroy Saint-Hilaire, une d\u00e9couverte relativement tardive qui en dit long sur les difficult\u00e9s \u00e0 cerner un mammif\u00e8re essentiellement nocturne passant le plus clair de son temps dans l&rsquo;eau.\u00a0<\/span><span style=\"color: #000000;\">Toutefois, le plan national d&rsquo;action a permis de <strong>\u00ab\u00a0montrer que les populations sont plus importantes \u00e0 l&rsquo;est de la cha\u00eene des Pyr\u00e9n\u00e9es et surtout que l&rsquo;aire de r\u00e9partition du desman a chut\u00e9 de 60% en 20 ans\u00a0\u00bb<\/strong>, a soulign\u00e9 M.Blanc.<\/span><br \/>\n<span style=\"color: #000000;\">Le projet Life+ Desman, d&rsquo;un montant de 2,5 millions d&rsquo;euros, est financ\u00e9 \u00e0 hauteur de 50% par la Commission europ\u00e9enne. <\/span><span style=\"color: #000000;\">\u00ab\u00a0Il prend la suite du PNA et aura un c\u00f4t\u00e9 plus op\u00e9rationnel. <strong>Son objectif est de conserver les populations de desmans et leur habitat<\/strong>\u00ab\u00a0, a pr\u00e9cis\u00e9 Mme N\u00e9moz.<\/span><br \/>\n<span style=\"color: #000000;\">Gr\u00e2ce \u00e0 un radio-pistage (des animaux sont \u00e9quip\u00e9s d&rsquo;un \u00e9metteur), les scientifiques esp\u00e8rent observer <strong>les cons\u00e9quences des installations hydro\u00e9lectriques<\/strong> dans les cours d&rsquo;eau et \u00ab\u00a0voir ce qu&rsquo;on peut faire pour mieux les pr\u00e9server\u00a0\u00bb, a d\u00e9taill\u00e9 Vincent Lacaze, coordinateur de l&rsquo;association des Naturalistes de l&rsquo;Ari\u00e8ge.\u00a0 <\/span><br \/>\n<span style=\"color: #000000;\"><strong>Le desman est encore mal connu<\/strong> des sp\u00e9cialistes, des locaux et du grand public \u00ab\u00a0et doit faire l&rsquo;objet de davantage de communication\u00a0\u00bb, a ajout\u00e9 Mme N\u00e9moz.\u00a0\u00a0<\/span><span style=\"color: #000000;\">L&rsquo;esp\u00e8ce est class\u00e9e <strong>\u00ab\u00a0vuln\u00e9rable\u00a0\u00bb<\/strong> par l&rsquo;Union internationale pour la conservation de la nature et se trouve dans la cat\u00e9gorie \u00ab\u00a0quasi menac\u00e9e\u00a0\u00bb au niveau national.<\/span><\/p>\n<h6><span style=\"color: #000000;\">Source :\u00a0TOULOUSE,\u00a010 mars 2015 (AFP)<\/span><\/h6>\n<h6><span style=\"color: #000000;\">Cr\u00e9dit photo :\u00a0Par David Perez (Travail personnel) [GFDL (http:\/\/www.gnu.org\/copyleft\/fdl.html) ou CC BY 3.0 (http:\/\/creativecommons.org\/licenses\/by\/3.0)], via Wikimedia Commons<\/span><\/h6>\n","protected":false},"excerpt":{"rendered":"<p>L&rsquo;habitat du desman des Pyr\u00e9n\u00e9es, un petit mammif\u00e8re semi-aquatique dot\u00e9 d&rsquo;une petite trompe, \u00ab\u00a0est menac\u00e9\u00a0\u00bb, ont alert\u00e9 mardi \u00e0 Toulouse des scientifiques en pr\u00e9sentant une aide du programme europ\u00e9en Life+, pour prot\u00e9ger cette esp\u00e8ce peu connue. \u00ab\u00a0L&rsquo;enjeu de conservation est &hellip; <a href=\"https:\/\/claire-jannot.com\/?p=6047\">Continuer la lecture <span class=\"meta-nav\">&rarr;<\/span><\/a><\/p>\n","protected":false},"author":1,"featured_media":0,"comment_status":"open","ping_status":"open","sticky":false,"template":"","format":"standard","meta":{"jetpack_post_was_ever_published":false,"_jetpack_newsletter_access":"","_jetpack_dont_email_post_to_subs":false,"_jetpack_newsletter_tier_id":0,"_jetpack_memberships_contains_paywalled_content":false,"_jetpack_memberships_contains_paid_content":false,"footnotes":"","jetpack_publicize_message":"","jetpack_publicize_feature_enabled":true,"jetpack_social_post_already_shared":true,"jetpack_social_options":{"image_generator_settings":{"template":"highway","default_image_id":0,"font":"","enabled":false},"version":2}},"categories":[2,49],"tags":[39,5,27,48],"class_list":["post-6047","post","type-post","status-publish","format-standard","hentry","category-ecologie","category-vie-animale-2","tag-eau","tag-environnement","tag-insolite","tag-vie-animale"],"jetpack_publicize_connections":[],"jetpack_featured_media_url":"","jetpack_sharing_enabled":true,"jetpack_shortlink":"https:\/\/wp.me\/p5jjt5-1zx","_links":{"self":[{"href":"https:\/\/claire-jannot.com\/index.php?rest_route=\/wp\/v2\/posts\/6047","targetHints":{"allow":["GET"]}}],"collection":[{"href":"https:\/\/claire-jannot.com\/index.php?rest_route=\/wp\/v2\/posts"}],"about":[{"href":"https:\/\/claire-jannot.com\/index.php?rest_route=\/wp\/v2\/types\/post"}],"author":[{"embeddable":true,"href":"https:\/\/claire-jannot.com\/index.php?rest_route=\/wp\/v2\/users\/1"}],"replies":[{"embeddable":true,"href":"https:\/\/claire-jannot.com\/index.php?rest_route=%2Fwp%2Fv2%2Fcomments&post=6047"}],"version-history":[{"count":1,"href":"https:\/\/claire-jannot.com\/index.php?rest_route=\/wp\/v2\/posts\/6047\/revisions"}],"predecessor-version":[{"id":6049,"href":"https:\/\/claire-jannot.com\/index.php?rest_route=\/wp\/v2\/posts\/6047\/revisions\/6049"}],"wp:attachment":[{"href":"https:\/\/claire-jannot.com\/index.php?rest_route=%2Fwp%2Fv2%2Fmedia&parent=6047"}],"wp:term":[{"taxonomy":"category","embeddable":true,"href":"https:\/\/claire-jannot.com\/index.php?rest_route=%2Fwp%2Fv2%2Fcategories&post=6047"},{"taxonomy":"post_tag","embeddable":true,"href":"https:\/\/claire-jannot.com\/index.php?rest_route=%2Fwp%2Fv2%2Ftags&post=6047"}],"curies":[{"name":"wp","href":"https:\/\/api.w.org\/{rel}","templated":true}]}}