{"id":6060,"date":"2015-03-26T09:11:13","date_gmt":"2015-03-26T08:11:13","guid":{"rendered":"http:\/\/www.grandesterresbio.com\/?p=6060"},"modified":"2015-03-26T09:11:33","modified_gmt":"2015-03-26T08:11:33","slug":"cancer-il-est-urgent-dinterdire-le-roundup","status":"publish","type":"post","link":"https:\/\/claire-jannot.com\/?p=6060","title":{"rendered":"Cancer : Il est urgent d&rsquo;interdire le Roundup !"},"content":{"rendered":"<h2><span style=\"color: #000000;\">France nature environnement (FNE) et G\u00e9n\u00e9rations futures ont r\u00e9clam\u00e9 mardi le retrait de la vente de l&rsquo;herbicide Roundup, dont le principe actif (le glyphosate) vient d&rsquo;\u00eatre class\u00e9 canc\u00e9rig\u00e8ne probable par le Centre international de recherche sur le cancer (Circ).<\/span><\/h2>\n<div id=\"attachment_6061\" style=\"width: 459px\" class=\"wp-caption alignleft\"><a href=\"https:\/\/i0.wp.com\/www.grandesterresbio.com\/wp-content\/uploads\/2015\/03\/roundup.jpg\"><img data-recalc-dims=\"1\" loading=\"lazy\" decoding=\"async\" aria-describedby=\"caption-attachment-6061\" class=\"wp-image-6061\" src=\"https:\/\/i0.wp.com\/www.grandesterresbio.com\/wp-content\/uploads\/2015\/03\/roundup.jpg?resize=449%2C250\" alt=\"roundup\" width=\"449\" height=\"250\" srcset=\"https:\/\/i0.wp.com\/claire-jannot.com\/wp-content\/uploads\/2015\/03\/roundup.jpg?w=650&amp;ssl=1 650w, https:\/\/i0.wp.com\/claire-jannot.com\/wp-content\/uploads\/2015\/03\/roundup.jpg?resize=300%2C167&amp;ssl=1 300w\" sizes=\"auto, (max-width: 449px) 100vw, 449px\" \/><\/a><p id=\"caption-attachment-6061\" class=\"wp-caption-text\">Elu produit de l&rsquo;ann\u00e9e 2013 !!<\/p><\/div>\n<p><span style=\"color: #000000;\">Rappelant que le <strong>Roundup, produit par Monsanto<\/strong>, est l<strong>&lsquo;herbicide le plus vendu au monde<\/strong>, FNE demande dans un communiqu\u00e9 <strong>\u00ab\u00a0l&rsquo;interdiction imm\u00e9diate de la vente et de l&rsquo;usage de cet herbicide en zones non agricoles\u00a0\u00bb, comme les for\u00eats, jardins, parcs, et la voirie.\u00a0<\/strong><\/span><span style=\"color: #000000;\">\u00ab\u00a0En zones agricoles, la France doit agir imm\u00e9diatement pour revoir la classification du <strong>glyphosate<\/strong> dans la r\u00e9glementation europ\u00e9enne\u00a0\u00bb, poursuit FNE.<\/span><br \/>\n<span style=\"color: #000000;\">Selon <strong>Jean-Claude B\u00e9villard<\/strong>, vice-pr\u00e9sident de FNE, \u00ab\u00a0une classification par l&rsquo;Organisation mondiale de la sant\u00e9 (OMS, qui chapeaute le Circ) n&rsquo;implique pas automatiquement une classification par la r\u00e9glementation europ\u00e9enne, or c&rsquo;est <strong>\u00e0 ce niveau que se d\u00e9cide l&rsquo;autorisation des mol\u00e9cules\u00a0\u00bb.<\/strong><\/span><br \/>\n<span style=\"color: #000000;\">Vendredi, <strong>cinq substances actives de pesticides ont \u00e9t\u00e9 class\u00e9s canc\u00e9rog\u00e8nes \u00ab\u00a0probables\u00a0\u00bb<\/strong> ou <strong>\u00ab\u00a0possibles\u00a0\u00bb<\/strong> par le Circ. Le glyphosate, ainsi que le malathion et le diazinon utilis\u00e9s comme herbicides, ont \u00e9t\u00e9 class\u00e9s canc\u00e9rog\u00e8nes \u00ab\u00a0probables chez l&rsquo;homme\u00a0\u00bb, m\u00eame si les \u00ab\u00a0preuves sont limit\u00e9es\u00a0\u00bb.<\/span><br \/>\n<span style=\"color: #000000;\">Le <strong>tetrachlorvinphos et le parathion<\/strong>, des insecticides, qui font d\u00e9j\u00e0 l&rsquo;objet d&rsquo;interdictions ou de restrictions dans de nombreux pays, ont pour leur part \u00e9t\u00e9 class\u00e9s canc\u00e9rog\u00e8nes \u00ab\u00a0possibles\u00a0\u00bb.<\/span><br \/>\n<span style=\"color: #000000;\">La classification du Circ n&rsquo;a toutefois aucun caract\u00e8re contraignant pour les Etats.<\/span><br \/>\n<span style=\"color: #000000;\">G\u00e9n\u00e9rations futures demande <strong>\u00ab\u00a0une r\u00e9\u00e9valuation imm\u00e9diate par l&rsquo;Agence sanitaire europ\u00e9enne du glyphosate et un retrait tout aussi imm\u00e9diat des produits vendus en France \u00e0 base de cette substance active<\/strong>, pr\u00e9sente notamment dans des produits destin\u00e9s aux <strong>jardiniers amateurs\u00a0\u00bb.<\/strong><\/span><br \/>\n<span style=\"color: #000000;\">L&rsquo;association, qui milite pour une r\u00e9duction globale de l&rsquo;usage des pesticides, souligne que le Sri Lanka a pris des mesures d&rsquo;interdiction contre le glyphosate.<\/span><\/p>\n<h6>Source :\u00a0PARIS,\u00a024 mars 2015 (AFP)<\/h6>\n","protected":false},"excerpt":{"rendered":"<p>France nature environnement (FNE) et G\u00e9n\u00e9rations futures ont r\u00e9clam\u00e9 mardi le retrait de la vente de l&rsquo;herbicide Roundup, dont le principe actif (le glyphosate) vient d&rsquo;\u00eatre class\u00e9 canc\u00e9rig\u00e8ne probable par le Centre international de recherche sur le cancer (Circ). Rappelant &hellip; <a href=\"https:\/\/claire-jannot.com\/?p=6060\">Continuer la lecture <span class=\"meta-nav\">&rarr;<\/span><\/a><\/p>\n","protected":false},"author":1,"featured_media":0,"comment_status":"open","ping_status":"open","sticky":false,"template":"","format":"standard","meta":{"jetpack_post_was_ever_published":false,"_jetpack_newsletter_access":"","_jetpack_dont_email_post_to_subs":false,"_jetpack_newsletter_tier_id":0,"_jetpack_memberships_contains_paywalled_content":false,"_jetpack_memberships_contains_paid_content":false,"footnotes":"","jetpack_publicize_message":"","jetpack_publicize_feature_enabled":true,"jetpack_social_post_already_shared":true,"jetpack_social_options":{"image_generator_settings":{"template":"highway","default_image_id":0,"font":"","enabled":false},"version":2}},"categories":[2],"tags":[42,5,21,9,36,10],"class_list":["post-6060","post","type-post","status-publish","format-standard","hentry","category-ecologie","tag-agriculture","tag-environnement","tag-jardin","tag-ogm","tag-pollution","tag-sante"],"jetpack_publicize_connections":[],"jetpack_featured_media_url":"","jetpack_sharing_enabled":true,"jetpack_shortlink":"https:\/\/wp.me\/p5jjt5-1zK","_links":{"self":[{"href":"https:\/\/claire-jannot.com\/index.php?rest_route=\/wp\/v2\/posts\/6060","targetHints":{"allow":["GET"]}}],"collection":[{"href":"https:\/\/claire-jannot.com\/index.php?rest_route=\/wp\/v2\/posts"}],"about":[{"href":"https:\/\/claire-jannot.com\/index.php?rest_route=\/wp\/v2\/types\/post"}],"author":[{"embeddable":true,"href":"https:\/\/claire-jannot.com\/index.php?rest_route=\/wp\/v2\/users\/1"}],"replies":[{"embeddable":true,"href":"https:\/\/claire-jannot.com\/index.php?rest_route=%2Fwp%2Fv2%2Fcomments&post=6060"}],"version-history":[{"count":1,"href":"https:\/\/claire-jannot.com\/index.php?rest_route=\/wp\/v2\/posts\/6060\/revisions"}],"predecessor-version":[{"id":6062,"href":"https:\/\/claire-jannot.com\/index.php?rest_route=\/wp\/v2\/posts\/6060\/revisions\/6062"}],"wp:attachment":[{"href":"https:\/\/claire-jannot.com\/index.php?rest_route=%2Fwp%2Fv2%2Fmedia&parent=6060"}],"wp:term":[{"taxonomy":"category","embeddable":true,"href":"https:\/\/claire-jannot.com\/index.php?rest_route=%2Fwp%2Fv2%2Fcategories&post=6060"},{"taxonomy":"post_tag","embeddable":true,"href":"https:\/\/claire-jannot.com\/index.php?rest_route=%2Fwp%2Fv2%2Ftags&post=6060"}],"curies":[{"name":"wp","href":"https:\/\/api.w.org\/{rel}","templated":true}]}}