{"id":6077,"date":"2015-04-10T16:17:05","date_gmt":"2015-04-10T15:17:05","guid":{"rendered":"http:\/\/www.grandesterresbio.com\/?p=6077"},"modified":"2015-04-26T12:46:58","modified_gmt":"2015-04-26T11:46:58","slug":"creation-les-sacs-en-coton-bio-de-gtb","status":"publish","type":"post","link":"https:\/\/claire-jannot.com\/?p=6077","title":{"rendered":"Cr\u00e9ation : Les sacs en coton bio de GTB !"},"content":{"rendered":"<h2>Grandes Terres Bio, c&rsquo;est aussi de jolis sacs en coton bio ( en deux tailles ) pour faire ses courses, avec une illustration originale et en s\u00e9rie limit\u00e9e : Tout un univers \u00e0 collectionner et\/ou \u00e0 (s&rsquo;) offrir ! \ud83d\ude42<\/h2>\n<div id=\"attachment_6078\" style=\"width: 1034px\" class=\"wp-caption alignleft\"><a href=\"https:\/\/i0.wp.com\/www.grandesterresbio.com\/wp-content\/uploads\/2015\/04\/2014-12-04-12.11.40.jpg\"><img data-recalc-dims=\"1\" loading=\"lazy\" decoding=\"async\" aria-describedby=\"caption-attachment-6078\" class=\"size-full wp-image-6078\" src=\"https:\/\/i0.wp.com\/www.grandesterresbio.com\/wp-content\/uploads\/2015\/04\/2014-12-04-12.11.40.jpg?resize=640%2C480\" alt=\"Le sac num\u00e9ro 4 en cours de finalisation\" width=\"640\" height=\"480\" srcset=\"https:\/\/i0.wp.com\/claire-jannot.com\/wp-content\/uploads\/2015\/04\/2014-12-04-12.11.40.jpg?w=1024&amp;ssl=1 1024w, https:\/\/i0.wp.com\/claire-jannot.com\/wp-content\/uploads\/2015\/04\/2014-12-04-12.11.40.jpg?resize=300%2C225&amp;ssl=1 300w\" sizes=\"auto, (max-width: 640px) 100vw, 640px\" \/><\/a><p id=\"caption-attachment-6078\" class=\"wp-caption-text\">Le monde aquatique du num\u00e9ro 4 en cours de finalisation<\/p><\/div>\n<div id=\"attachment_6080\" style=\"width: 778px\" class=\"wp-caption alignleft\"><a href=\"https:\/\/i0.wp.com\/www.grandesterresbio.com\/wp-content\/uploads\/2015\/04\/2014-12-29-18.07.19.jpg\"><img data-recalc-dims=\"1\" loading=\"lazy\" decoding=\"async\" aria-describedby=\"caption-attachment-6080\" class=\"wp-image-6080 size-full\" src=\"https:\/\/i0.wp.com\/www.grandesterresbio.com\/wp-content\/uploads\/2015\/04\/2014-12-29-18.07.19.jpg?resize=640%2C853\" alt=\"2014-12-29 18.07.19\" width=\"640\" height=\"853\" srcset=\"https:\/\/i0.wp.com\/claire-jannot.com\/wp-content\/uploads\/2015\/04\/2014-12-29-18.07.19.jpg?w=768&amp;ssl=1 768w, https:\/\/i0.wp.com\/claire-jannot.com\/wp-content\/uploads\/2015\/04\/2014-12-29-18.07.19.jpg?resize=225%2C300&amp;ssl=1 225w\" sizes=\"auto, (max-width: 640px) 100vw, 640px\" \/><\/a><p id=\"caption-attachment-6080\" class=\"wp-caption-text\">Les arbres du sac num\u00e9ro 15 presque termin\u00e9s<\/p><\/div>\n<div id=\"attachment_6081\" style=\"width: 778px\" class=\"wp-caption alignleft\"><a href=\"https:\/\/i0.wp.com\/www.grandesterresbio.com\/wp-content\/uploads\/2015\/04\/2014-12-03-10.33.27.jpg\"><img data-recalc-dims=\"1\" loading=\"lazy\" decoding=\"async\" aria-describedby=\"caption-attachment-6081\" class=\"size-full wp-image-6081\" src=\"https:\/\/i0.wp.com\/www.grandesterresbio.com\/wp-content\/uploads\/2015\/04\/2014-12-03-10.33.27.jpg?resize=640%2C853\" alt=\"Le sac num\u00e9ro 14\" width=\"640\" height=\"853\" srcset=\"https:\/\/i0.wp.com\/claire-jannot.com\/wp-content\/uploads\/2015\/04\/2014-12-03-10.33.27.jpg?w=768&amp;ssl=1 768w, https:\/\/i0.wp.com\/claire-jannot.com\/wp-content\/uploads\/2015\/04\/2014-12-03-10.33.27.jpg?resize=225%2C300&amp;ssl=1 225w\" sizes=\"auto, (max-width: 640px) 100vw, 640px\" \/><\/a><p id=\"caption-attachment-6081\" class=\"wp-caption-text\">Les ombellif\u00e8res du \u00a0sac num\u00e9ro 14<\/p><\/div>\n<div id=\"attachment_6082\" style=\"width: 1034px\" class=\"wp-caption alignleft\"><a href=\"https:\/\/i0.wp.com\/www.grandesterresbio.com\/wp-content\/uploads\/2015\/04\/2014-12-31-12.40.58.jpg\"><img data-recalc-dims=\"1\" loading=\"lazy\" decoding=\"async\" aria-describedby=\"caption-attachment-6082\" class=\"size-full wp-image-6082\" src=\"https:\/\/i0.wp.com\/www.grandesterresbio.com\/wp-content\/uploads\/2015\/04\/2014-12-31-12.40.58.jpg?resize=640%2C480\" alt=\"Ma ville est sur le sac num\u00e9ro 9. Il ne reste que quelques coups de crayon ... \" width=\"640\" height=\"480\" srcset=\"https:\/\/i0.wp.com\/claire-jannot.com\/wp-content\/uploads\/2015\/04\/2014-12-31-12.40.58.jpg?w=1024&amp;ssl=1 1024w, https:\/\/i0.wp.com\/claire-jannot.com\/wp-content\/uploads\/2015\/04\/2014-12-31-12.40.58.jpg?resize=300%2C225&amp;ssl=1 300w\" sizes=\"auto, (max-width: 640px) 100vw, 640px\" \/><\/a><p id=\"caption-attachment-6082\" class=\"wp-caption-text\">Ma ville est sur le sac num\u00e9ro 9. Il ne reste que quelques coups de crayon &#8230;<\/p><\/div>\n<div id=\"attachment_6083\" style=\"width: 1034px\" class=\"wp-caption alignleft\"><a href=\"https:\/\/i0.wp.com\/www.grandesterresbio.com\/wp-content\/uploads\/2015\/04\/2014-09-27-10.52.02.jpg\"><img data-recalc-dims=\"1\" loading=\"lazy\" decoding=\"async\" aria-describedby=\"caption-attachment-6083\" class=\"size-full wp-image-6083\" src=\"https:\/\/i0.wp.com\/www.grandesterresbio.com\/wp-content\/uploads\/2015\/04\/2014-09-27-10.52.02.jpg?resize=640%2C480\" alt=\"la nature est chez Grandes Terres Bio et sur le sac num\u00e9ro 6.\" width=\"640\" height=\"480\" srcset=\"https:\/\/i0.wp.com\/claire-jannot.com\/wp-content\/uploads\/2015\/04\/2014-09-27-10.52.02.jpg?w=1024&amp;ssl=1 1024w, https:\/\/i0.wp.com\/claire-jannot.com\/wp-content\/uploads\/2015\/04\/2014-09-27-10.52.02.jpg?resize=300%2C225&amp;ssl=1 300w\" sizes=\"auto, (max-width: 640px) 100vw, 640px\" \/><\/a><p id=\"caption-attachment-6083\" class=\"wp-caption-text\">La Nature est chez Grandes Terres Bio et sur le sac num\u00e9ro 6<\/p><\/div>\n<div id=\"attachment_6084\" style=\"width: 3518px\" class=\"wp-caption alignleft\"><a href=\"https:\/\/i0.wp.com\/www.grandesterresbio.com\/wp-content\/uploads\/2015\/04\/maquette-v1-visuel-1.jpg\"><img data-recalc-dims=\"1\" loading=\"lazy\" decoding=\"async\" aria-describedby=\"caption-attachment-6084\" class=\"size-full wp-image-6084\" src=\"https:\/\/i0.wp.com\/www.grandesterresbio.com\/wp-content\/uploads\/2015\/04\/maquette-v1-visuel-1.jpg?resize=640%2C452\" alt=\"Les premi\u00e8res commandes : par ici les beaux sacs !\" width=\"640\" height=\"452\" srcset=\"https:\/\/i0.wp.com\/claire-jannot.com\/wp-content\/uploads\/2015\/04\/maquette-v1-visuel-1.jpg?w=3508&amp;ssl=1 3508w, https:\/\/i0.wp.com\/claire-jannot.com\/wp-content\/uploads\/2015\/04\/maquette-v1-visuel-1.jpg?resize=300%2C212&amp;ssl=1 300w, https:\/\/i0.wp.com\/claire-jannot.com\/wp-content\/uploads\/2015\/04\/maquette-v1-visuel-1.jpg?resize=1024%2C724&amp;ssl=1 1024w, https:\/\/i0.wp.com\/claire-jannot.com\/wp-content\/uploads\/2015\/04\/maquette-v1-visuel-1.jpg?w=1280 1280w, https:\/\/i0.wp.com\/claire-jannot.com\/wp-content\/uploads\/2015\/04\/maquette-v1-visuel-1.jpg?w=1920 1920w\" sizes=\"auto, (max-width: 640px) 100vw, 640px\" \/><\/a><p id=\"caption-attachment-6084\" class=\"wp-caption-text\">Les premi\u00e8res commandes : par ici les beaux sacs !<\/p><\/div>\n<div id=\"attachment_6085\" style=\"width: 3518px\" class=\"wp-caption alignleft\"><a href=\"https:\/\/i0.wp.com\/www.grandesterresbio.com\/wp-content\/uploads\/2015\/04\/maquette-v1-visuel-5.jpg\"><img data-recalc-dims=\"1\" loading=\"lazy\" decoding=\"async\" aria-describedby=\"caption-attachment-6085\" class=\"size-full wp-image-6085\" src=\"https:\/\/i0.wp.com\/www.grandesterresbio.com\/wp-content\/uploads\/2015\/04\/maquette-v1-visuel-5.jpg?resize=640%2C452\" alt=\"Le monde aquatique en couleur - sac num\u00e9ro \" width=\"640\" height=\"452\" srcset=\"https:\/\/i0.wp.com\/claire-jannot.com\/wp-content\/uploads\/2015\/04\/maquette-v1-visuel-5.jpg?w=3508&amp;ssl=1 3508w, https:\/\/i0.wp.com\/claire-jannot.com\/wp-content\/uploads\/2015\/04\/maquette-v1-visuel-5.jpg?resize=300%2C212&amp;ssl=1 300w, https:\/\/i0.wp.com\/claire-jannot.com\/wp-content\/uploads\/2015\/04\/maquette-v1-visuel-5.jpg?resize=1024%2C724&amp;ssl=1 1024w, https:\/\/i0.wp.com\/claire-jannot.com\/wp-content\/uploads\/2015\/04\/maquette-v1-visuel-5.jpg?w=1280 1280w, https:\/\/i0.wp.com\/claire-jannot.com\/wp-content\/uploads\/2015\/04\/maquette-v1-visuel-5.jpg?w=1920 1920w\" sizes=\"auto, (max-width: 640px) 100vw, 640px\" \/><\/a><p id=\"caption-attachment-6085\" class=\"wp-caption-text\">Le monde aquatique en couleur &#8211; sac num\u00e9ro 4<\/p><\/div>\n<div id=\"attachment_6087\" style=\"width: 3518px\" class=\"wp-caption alignleft\"><a href=\"https:\/\/i0.wp.com\/www.grandesterresbio.com\/wp-content\/uploads\/2015\/04\/maquette-v1-visuel-3.jpg\"><img data-recalc-dims=\"1\" loading=\"lazy\" decoding=\"async\" aria-describedby=\"caption-attachment-6087\" class=\"size-full wp-image-6087\" src=\"https:\/\/i0.wp.com\/www.grandesterresbio.com\/wp-content\/uploads\/2015\/04\/maquette-v1-visuel-3.jpg?resize=640%2C452\" alt=\"La &quot;chaouine&quot; est sur le sac num\u00e9ro 2\" width=\"640\" height=\"452\" srcset=\"https:\/\/i0.wp.com\/claire-jannot.com\/wp-content\/uploads\/2015\/04\/maquette-v1-visuel-3.jpg?w=3508&amp;ssl=1 3508w, https:\/\/i0.wp.com\/claire-jannot.com\/wp-content\/uploads\/2015\/04\/maquette-v1-visuel-3.jpg?resize=300%2C212&amp;ssl=1 300w, https:\/\/i0.wp.com\/claire-jannot.com\/wp-content\/uploads\/2015\/04\/maquette-v1-visuel-3.jpg?resize=1024%2C724&amp;ssl=1 1024w, https:\/\/i0.wp.com\/claire-jannot.com\/wp-content\/uploads\/2015\/04\/maquette-v1-visuel-3.jpg?w=1280 1280w, https:\/\/i0.wp.com\/claire-jannot.com\/wp-content\/uploads\/2015\/04\/maquette-v1-visuel-3.jpg?w=1920 1920w\" sizes=\"auto, (max-width: 640px) 100vw, 640px\" \/><\/a><p id=\"caption-attachment-6087\" class=\"wp-caption-text\">La \u00ab\u00a0chaouine\u00a0\u00bb est sur le sac num\u00e9ro 2 &#8230; A SUIVRE &#8230;<\/p><\/div>\n<p>&nbsp;<\/p>\n<p>&nbsp;<\/p>\n","protected":false},"excerpt":{"rendered":"<p>Grandes Terres Bio, c&rsquo;est aussi de jolis sacs en coton bio ( en deux tailles ) pour faire ses courses, avec une illustration originale et en s\u00e9rie limit\u00e9e : Tout un univers \u00e0 collectionner et\/ou \u00e0 (s&rsquo;) offrir ! \ud83d\ude42 &hellip; <a href=\"https:\/\/claire-jannot.com\/?p=6077\">Continuer la lecture <span class=\"meta-nav\">&rarr;<\/span><\/a><\/p>\n","protected":false},"author":1,"featured_media":0,"comment_status":"open","ping_status":"open","sticky":false,"template":"","format":"standard","meta":{"jetpack_post_was_ever_published":false,"_jetpack_newsletter_access":"","_jetpack_dont_email_post_to_subs":false,"_jetpack_newsletter_tier_id":0,"_jetpack_memberships_contains_paywalled_content":false,"_jetpack_memberships_contains_paid_content":false,"footnotes":"","jetpack_publicize_message":"","jetpack_publicize_feature_enabled":true,"jetpack_social_post_already_shared":true,"jetpack_social_options":{"image_generator_settings":{"template":"highway","default_image_id":0,"font":"","enabled":false},"version":2}},"categories":[59],"tags":[35,61],"class_list":["post-6077","post","type-post","status-publish","format-standard","hentry","category-les-sacs-gtb","tag-photographie","tag-sac"],"jetpack_publicize_connections":[],"jetpack_featured_media_url":"","jetpack_sharing_enabled":true,"jetpack_shortlink":"https:\/\/wp.me\/p5jjt5-1A1","_links":{"self":[{"href":"https:\/\/claire-jannot.com\/index.php?rest_route=\/wp\/v2\/posts\/6077","targetHints":{"allow":["GET"]}}],"collection":[{"href":"https:\/\/claire-jannot.com\/index.php?rest_route=\/wp\/v2\/posts"}],"about":[{"href":"https:\/\/claire-jannot.com\/index.php?rest_route=\/wp\/v2\/types\/post"}],"author":[{"embeddable":true,"href":"https:\/\/claire-jannot.com\/index.php?rest_route=\/wp\/v2\/users\/1"}],"replies":[{"embeddable":true,"href":"https:\/\/claire-jannot.com\/index.php?rest_route=%2Fwp%2Fv2%2Fcomments&post=6077"}],"version-history":[{"count":2,"href":"https:\/\/claire-jannot.com\/index.php?rest_route=\/wp\/v2\/posts\/6077\/revisions"}],"predecessor-version":[{"id":6088,"href":"https:\/\/claire-jannot.com\/index.php?rest_route=\/wp\/v2\/posts\/6077\/revisions\/6088"}],"wp:attachment":[{"href":"https:\/\/claire-jannot.com\/index.php?rest_route=%2Fwp%2Fv2%2Fmedia&parent=6077"}],"wp:term":[{"taxonomy":"category","embeddable":true,"href":"https:\/\/claire-jannot.com\/index.php?rest_route=%2Fwp%2Fv2%2Fcategories&post=6077"},{"taxonomy":"post_tag","embeddable":true,"href":"https:\/\/claire-jannot.com\/index.php?rest_route=%2Fwp%2Fv2%2Ftags&post=6077"}],"curies":[{"name":"wp","href":"https:\/\/api.w.org\/{rel}","templated":true}]}}