{"id":6098,"date":"2015-04-20T16:21:28","date_gmt":"2015-04-20T15:21:28","guid":{"rendered":"http:\/\/www.grandesterresbio.com\/?p=6098"},"modified":"2015-04-23T21:14:05","modified_gmt":"2015-04-23T20:14:05","slug":"recyclage-soyons-contents-mais-ne-lachons-rien","status":"publish","type":"post","link":"https:\/\/claire-jannot.com\/?p=6098","title":{"rendered":"Recyclage : Soyons contents mais ne l\u00e2chons rien !"},"content":{"rendered":"<h2><span style=\"color: #000000;\">Plus d&rsquo;un vieux papier sur deux d\u00e9sormais recycl\u00e9 en France<\/span><\/h2>\n<div id=\"attachment_6099\" style=\"width: 401px\" class=\"wp-caption alignleft\"><a href=\"https:\/\/i0.wp.com\/www.grandesterresbio.com\/wp-content\/uploads\/2015\/04\/Bundesarchiv-Berlin-1972.jpg\"><img data-recalc-dims=\"1\" loading=\"lazy\" decoding=\"async\" aria-describedby=\"caption-attachment-6099\" class=\" wp-image-6099\" src=\"https:\/\/i0.wp.com\/www.grandesterresbio.com\/wp-content\/uploads\/2015\/04\/Bundesarchiv-Berlin-1972.jpg?resize=391%2C416\" alt=\"Les pionniers : Berlin 1972\" width=\"391\" height=\"416\" srcset=\"https:\/\/i0.wp.com\/claire-jannot.com\/wp-content\/uploads\/2015\/04\/Bundesarchiv-Berlin-1972.jpg?w=530&amp;ssl=1 530w, https:\/\/i0.wp.com\/claire-jannot.com\/wp-content\/uploads\/2015\/04\/Bundesarchiv-Berlin-1972.jpg?resize=282%2C300&amp;ssl=1 282w\" sizes=\"auto, (max-width: 391px) 100vw, 391px\" \/><\/a><p id=\"caption-attachment-6099\" class=\"wp-caption-text\">Les pionniers : Berlin 1972<\/p><\/div>\n<p><span style=\"color: #000000;\">Le taux de recyclage des papiers issus de la collecte municipale en France a atteint <strong>52% en 2013<\/strong>, contre <strong>49% en 2012<\/strong>, a annonc\u00e9 mardi l&rsquo;organisme priv\u00e9 supervisant la collecte, <strong>Ecofolio<\/strong>, dans un communiqu\u00e9.<\/span><br \/>\n<span style=\"color: #000000;\">Cette soci\u00e9t\u00e9 agr\u00e9\u00e9e par l&rsquo;Etat, qui organise et finance la collecte et le recyclage des vieux papiers, veut parvenir \u00e0 une proportion de <strong>55% en 2016.<\/strong><\/span><br \/>\n<span style=\"color: #000000;\">L&rsquo;ambition d&rsquo;Ecofolio est <strong>\u00ab\u00a0d&rsquo;atteindre les scores des voisins europ\u00e9ens<\/strong>, parmi lesquels l&rsquo;<strong>Allemagne qui atteint un taux de recyclage de papier de 75%<\/strong>.\u00a0\u00bb<\/span><\/p>\n<h6><span style=\"color: #000000;\">Source :\u00a0PARIS,\u00a024 mars 2015 (AFP)<\/span><\/h6>\n<h6><span style=\"color: #000000;\">Source :\u00a0Bundesarchiv, Bild 183-L0217-020 \/ Mittelst\u00e4dt, Rainer \/ CC-BY-SA [CC BY-SA 3.0 de (http:\/\/creativecommons.org\/licenses\/by-sa\/3.0\/de\/deed.en)], via Wikimedia Commons<\/span><\/h6>\n","protected":false},"excerpt":{"rendered":"<p>Plus d&rsquo;un vieux papier sur deux d\u00e9sormais recycl\u00e9 en France Le taux de recyclage des papiers issus de la collecte municipale en France a atteint 52% en 2013, contre 49% en 2012, a annonc\u00e9 mardi l&rsquo;organisme priv\u00e9 supervisant la collecte, &hellip; <a href=\"https:\/\/claire-jannot.com\/?p=6098\">Continuer la lecture <span class=\"meta-nav\">&rarr;<\/span><\/a><\/p>\n","protected":false},"author":1,"featured_media":0,"comment_status":"open","ping_status":"open","sticky":false,"template":"","format":"standard","meta":{"jetpack_post_was_ever_published":false,"_jetpack_newsletter_access":"","_jetpack_dont_email_post_to_subs":false,"_jetpack_newsletter_tier_id":0,"_jetpack_memberships_contains_paywalled_content":false,"_jetpack_memberships_contains_paid_content":false,"footnotes":"","jetpack_publicize_message":"","jetpack_publicize_feature_enabled":true,"jetpack_social_post_already_shared":true,"jetpack_social_options":{"image_generator_settings":{"template":"highway","default_image_id":0,"font":"","enabled":false},"version":2}},"categories":[2],"tags":[15,4,5,19,11,20],"class_list":["post-6098","post","type-post","status-publish","format-standard","hentry","category-ecologie","tag-ecofolio","tag-ecologie2","tag-environnement","tag-recyclage","tag-societe-2","tag-tri"],"jetpack_publicize_connections":[],"jetpack_featured_media_url":"","jetpack_sharing_enabled":true,"jetpack_shortlink":"https:\/\/wp.me\/p5jjt5-1Am","_links":{"self":[{"href":"https:\/\/claire-jannot.com\/index.php?rest_route=\/wp\/v2\/posts\/6098","targetHints":{"allow":["GET"]}}],"collection":[{"href":"https:\/\/claire-jannot.com\/index.php?rest_route=\/wp\/v2\/posts"}],"about":[{"href":"https:\/\/claire-jannot.com\/index.php?rest_route=\/wp\/v2\/types\/post"}],"author":[{"embeddable":true,"href":"https:\/\/claire-jannot.com\/index.php?rest_route=\/wp\/v2\/users\/1"}],"replies":[{"embeddable":true,"href":"https:\/\/claire-jannot.com\/index.php?rest_route=%2Fwp%2Fv2%2Fcomments&post=6098"}],"version-history":[{"count":4,"href":"https:\/\/claire-jannot.com\/index.php?rest_route=\/wp\/v2\/posts\/6098\/revisions"}],"predecessor-version":[{"id":6103,"href":"https:\/\/claire-jannot.com\/index.php?rest_route=\/wp\/v2\/posts\/6098\/revisions\/6103"}],"wp:attachment":[{"href":"https:\/\/claire-jannot.com\/index.php?rest_route=%2Fwp%2Fv2%2Fmedia&parent=6098"}],"wp:term":[{"taxonomy":"category","embeddable":true,"href":"https:\/\/claire-jannot.com\/index.php?rest_route=%2Fwp%2Fv2%2Fcategories&post=6098"},{"taxonomy":"post_tag","embeddable":true,"href":"https:\/\/claire-jannot.com\/index.php?rest_route=%2Fwp%2Fv2%2Ftags&post=6098"}],"curies":[{"name":"wp","href":"https:\/\/api.w.org\/{rel}","templated":true}]}}