{"id":6240,"date":"2015-06-13T11:29:17","date_gmt":"2015-06-13T10:29:17","guid":{"rendered":"http:\/\/www.grandesterresbio.com\/?p=6240"},"modified":"2015-06-13T11:36:27","modified_gmt":"2015-06-13T10:36:27","slug":"12-juin-les-rayons-quasi-prets-a-accueillir-les-clients","status":"publish","type":"post","link":"https:\/\/claire-jannot.com\/?p=6240","title":{"rendered":"12 Juin, les rayons quasi pr\u00eats \u00e0 accueillir les clients !"},"content":{"rendered":"<div id=\"attachment_6241\" style=\"width: 1034px\" class=\"wp-caption alignleft\"><a href=\"https:\/\/i0.wp.com\/www.grandesterresbio.com\/wp-content\/uploads\/2015\/06\/2015-06-12-18.39.15.jpg\"><img data-recalc-dims=\"1\" loading=\"lazy\" decoding=\"async\" aria-describedby=\"caption-attachment-6241\" class=\"size-full wp-image-6241\" src=\"https:\/\/i0.wp.com\/www.grandesterresbio.com\/wp-content\/uploads\/2015\/06\/2015-06-12-18.39.15.jpg?resize=640%2C480\" alt=\"Vue d'ensemble au sous-sol\" width=\"640\" height=\"480\" srcset=\"https:\/\/i0.wp.com\/claire-jannot.com\/wp-content\/uploads\/2015\/06\/2015-06-12-18.39.15.jpg?w=1024&amp;ssl=1 1024w, https:\/\/i0.wp.com\/claire-jannot.com\/wp-content\/uploads\/2015\/06\/2015-06-12-18.39.15.jpg?resize=300%2C225&amp;ssl=1 300w\" sizes=\"auto, (max-width: 640px) 100vw, 640px\" \/><\/a><p id=\"caption-attachment-6241\" class=\"wp-caption-text\">Vue d&rsquo;ensemble au sous-sol #2500referencescestriendutout<\/p><\/div>\n<p>&nbsp;<\/p>\n<h2><\/h2>\n<div id=\"attachment_6242\" style=\"width: 1034px\" class=\"wp-caption alignleft\"><a href=\"https:\/\/i0.wp.com\/www.grandesterresbio.com\/wp-content\/uploads\/2015\/06\/2015-06-12-18.39.26.jpg\"><img data-recalc-dims=\"1\" loading=\"lazy\" decoding=\"async\" aria-describedby=\"caption-attachment-6242\" class=\"size-full wp-image-6242\" src=\"https:\/\/i0.wp.com\/www.grandesterresbio.com\/wp-content\/uploads\/2015\/06\/2015-06-12-18.39.26.jpg?resize=640%2C480\" alt=\"Zoom sur l'\u00e9picerie et les jus de fruits - sous sol \" width=\"640\" height=\"480\" srcset=\"https:\/\/i0.wp.com\/claire-jannot.com\/wp-content\/uploads\/2015\/06\/2015-06-12-18.39.26.jpg?w=1024&amp;ssl=1 1024w, https:\/\/i0.wp.com\/claire-jannot.com\/wp-content\/uploads\/2015\/06\/2015-06-12-18.39.26.jpg?resize=300%2C225&amp;ssl=1 300w\" sizes=\"auto, (max-width: 640px) 100vw, 640px\" \/><\/a><p id=\"caption-attachment-6242\" class=\"wp-caption-text\">Zoom sur l&rsquo;\u00e9picerie et les jus de fruits &#8211; sous sol #2500referencescestriendutout<\/p><\/div>\n<div id=\"attachment_6245\" style=\"width: 1034px\" class=\"wp-caption alignleft\"><a href=\"https:\/\/i0.wp.com\/www.grandesterresbio.com\/wp-content\/uploads\/2015\/06\/2015-06-12-18.39.47.jpg\"><img data-recalc-dims=\"1\" loading=\"lazy\" decoding=\"async\" aria-describedby=\"caption-attachment-6245\" class=\"size-full wp-image-6245\" src=\"https:\/\/i0.wp.com\/www.grandesterresbio.com\/wp-content\/uploads\/2015\/06\/2015-06-12-18.39.47.jpg?resize=640%2C480\" alt=\"Les farines plut\u00f4t bien repr\u00e9sent\u00e9es ...\" width=\"640\" height=\"480\" srcset=\"https:\/\/i0.wp.com\/claire-jannot.com\/wp-content\/uploads\/2015\/06\/2015-06-12-18.39.47.jpg?w=1024&amp;ssl=1 1024w, https:\/\/i0.wp.com\/claire-jannot.com\/wp-content\/uploads\/2015\/06\/2015-06-12-18.39.47.jpg?resize=300%2C225&amp;ssl=1 300w\" sizes=\"auto, (max-width: 640px) 100vw, 640px\" \/><\/a><p id=\"caption-attachment-6245\" class=\"wp-caption-text\">Les farines plut\u00f4t bien repr\u00e9sent\u00e9es &#8230;<\/p><\/div>\n<div id=\"attachment_6243\" style=\"width: 1034px\" class=\"wp-caption alignleft\"><a href=\"https:\/\/i0.wp.com\/www.grandesterresbio.com\/wp-content\/uploads\/2015\/06\/2015-06-12-18.40.26.jpg\"><img data-recalc-dims=\"1\" loading=\"lazy\" decoding=\"async\" aria-describedby=\"caption-attachment-6243\" class=\"size-full wp-image-6243\" src=\"https:\/\/i0.wp.com\/www.grandesterresbio.com\/wp-content\/uploads\/2015\/06\/2015-06-12-18.40.26.jpg?resize=640%2C480\" alt=\"Au sous-sol, e cong\u00e9lateur b\u00e9n\u00e9ficie m\u00eame de son propre affichage \" width=\"640\" height=\"480\" srcset=\"https:\/\/i0.wp.com\/claire-jannot.com\/wp-content\/uploads\/2015\/06\/2015-06-12-18.40.26.jpg?w=1024&amp;ssl=1 1024w, https:\/\/i0.wp.com\/claire-jannot.com\/wp-content\/uploads\/2015\/06\/2015-06-12-18.40.26.jpg?resize=300%2C225&amp;ssl=1 300w\" sizes=\"auto, (max-width: 640px) 100vw, 640px\" \/><\/a><p id=\"caption-attachment-6243\" class=\"wp-caption-text\">Au sous-sol, le cong\u00e9lateur b\u00e9n\u00e9ficie m\u00eame de son propre affichage &#8230; \u00e0 suivre<\/p><\/div>\n","protected":false},"excerpt":{"rendered":"<p>&nbsp;<\/p>\n","protected":false},"author":1,"featured_media":0,"comment_status":"open","ping_status":"open","sticky":false,"template":"","format":"standard","meta":{"jetpack_post_was_ever_published":false,"_jetpack_newsletter_access":"","_jetpack_dont_email_post_to_subs":false,"_jetpack_newsletter_tier_id":0,"_jetpack_memberships_contains_paywalled_content":false,"_jetpack_memberships_contains_paid_content":false,"footnotes":"","jetpack_publicize_message":"","jetpack_publicize_feature_enabled":true,"jetpack_social_post_already_shared":true,"jetpack_social_options":{"image_generator_settings":{"template":"highway","default_image_id":0,"font":"","enabled":false},"version":2}},"categories":[2],"tags":[],"class_list":["post-6240","post","type-post","status-publish","format-standard","hentry","category-ecologie"],"jetpack_publicize_connections":[],"jetpack_featured_media_url":"","jetpack_sharing_enabled":true,"jetpack_shortlink":"https:\/\/wp.me\/p5jjt5-1CE","_links":{"self":[{"href":"https:\/\/claire-jannot.com\/index.php?rest_route=\/wp\/v2\/posts\/6240","targetHints":{"allow":["GET"]}}],"collection":[{"href":"https:\/\/claire-jannot.com\/index.php?rest_route=\/wp\/v2\/posts"}],"about":[{"href":"https:\/\/claire-jannot.com\/index.php?rest_route=\/wp\/v2\/types\/post"}],"author":[{"embeddable":true,"href":"https:\/\/claire-jannot.com\/index.php?rest_route=\/wp\/v2\/users\/1"}],"replies":[{"embeddable":true,"href":"https:\/\/claire-jannot.com\/index.php?rest_route=%2Fwp%2Fv2%2Fcomments&post=6240"}],"version-history":[{"count":4,"href":"https:\/\/claire-jannot.com\/index.php?rest_route=\/wp\/v2\/posts\/6240\/revisions"}],"predecessor-version":[{"id":6253,"href":"https:\/\/claire-jannot.com\/index.php?rest_route=\/wp\/v2\/posts\/6240\/revisions\/6253"}],"wp:attachment":[{"href":"https:\/\/claire-jannot.com\/index.php?rest_route=%2Fwp%2Fv2%2Fmedia&parent=6240"}],"wp:term":[{"taxonomy":"category","embeddable":true,"href":"https:\/\/claire-jannot.com\/index.php?rest_route=%2Fwp%2Fv2%2Fcategories&post=6240"},{"taxonomy":"post_tag","embeddable":true,"href":"https:\/\/claire-jannot.com\/index.php?rest_route=%2Fwp%2Fv2%2Ftags&post=6240"}],"curies":[{"name":"wp","href":"https:\/\/api.w.org\/{rel}","templated":true}]}}