{"id":6345,"date":"2015-08-04T21:49:22","date_gmt":"2015-08-04T20:49:22","guid":{"rendered":"http:\/\/www.grandesterresbio.com\/?p=6345"},"modified":"2015-08-04T21:49:22","modified_gmt":"2015-08-04T20:49:22","slug":"le-4-aout-bonnes-vacances-a-tous","status":"publish","type":"post","link":"https:\/\/claire-jannot.com\/?p=6345","title":{"rendered":"Le 4 ao\u00fbt : Bonnes vacances \u00e0 tous !"},"content":{"rendered":"<h2><span style=\"color: #000000;\">C&rsquo;est la fermeture estivale chez Grandes Terres Bio. M\u00eame si les jours pass\u00e9s depuis l&rsquo;ouverture ont \u00e9t\u00e9 charg\u00e9s en \u00e9motions, nous ne sommes pas m\u00e9contents de prendre quelques jours de repos bien m\u00e9rit\u00e9s \u00a0! \ud83d\ude09<\/span><\/h2>\n<p><span style=\"color: #000000;\"><a style=\"color: #000000;\" href=\"https:\/\/i0.wp.com\/www.grandesterresbio.com\/wp-content\/uploads\/2015\/08\/2015-08-04-16.42.17.jpg\"><img data-recalc-dims=\"1\" loading=\"lazy\" decoding=\"async\" class=\"alignleft size-full wp-image-6346\" src=\"https:\/\/i0.wp.com\/www.grandesterresbio.com\/wp-content\/uploads\/2015\/08\/2015-08-04-16.42.17.jpg?resize=640%2C419\" alt=\"2015-08-04 16.42.17\" width=\"640\" height=\"419\" srcset=\"https:\/\/i0.wp.com\/claire-jannot.com\/wp-content\/uploads\/2015\/08\/2015-08-04-16.42.17.jpg?w=761&amp;ssl=1 761w, https:\/\/i0.wp.com\/claire-jannot.com\/wp-content\/uploads\/2015\/08\/2015-08-04-16.42.17.jpg?resize=300%2C196&amp;ssl=1 300w\" sizes=\"auto, (max-width: 640px) 100vw, 640px\" \/><\/a><\/span><\/p>\n<p>&nbsp;<\/p>\n<p><span style=\"color: #000000;\">Nous vous souhaitons un bel \u00e9t\u00e9 et nous aurons l&rsquo;immense plaisir de vous retrouver le <strong>25 Ao\u00fbt ! <\/strong><\/span><\/p>\n<p><span style=\"color: #000000;\">Gabriel, Marine, Jos\u00e9 et Claire<\/span><\/p>\n<p>&nbsp;<\/p>\n<p>&nbsp;<\/p>\n<p>&nbsp;<\/p>\n<p>&nbsp;<\/p>\n<p>&nbsp;<\/p>\n<p>&nbsp;<\/p>\n","protected":false},"excerpt":{"rendered":"<p>C&rsquo;est la fermeture estivale chez Grandes Terres Bio. M\u00eame si les jours pass\u00e9s depuis l&rsquo;ouverture ont \u00e9t\u00e9 charg\u00e9s en \u00e9motions, nous ne sommes pas m\u00e9contents de prendre quelques jours de repos bien m\u00e9rit\u00e9s \u00a0! \ud83d\ude09 &nbsp; Nous vous souhaitons un &hellip; <a href=\"https:\/\/claire-jannot.com\/?p=6345\">Continuer la lecture <span class=\"meta-nav\">&rarr;<\/span><\/a><\/p>\n","protected":false},"author":1,"featured_media":0,"comment_status":"open","ping_status":"open","sticky":false,"template":"","format":"standard","meta":{"jetpack_post_was_ever_published":false,"_jetpack_newsletter_access":"","_jetpack_dont_email_post_to_subs":false,"_jetpack_newsletter_tier_id":0,"_jetpack_memberships_contains_paywalled_content":false,"_jetpack_memberships_contains_paid_content":false,"footnotes":"","jetpack_publicize_message":"","jetpack_publicize_feature_enabled":true,"jetpack_social_post_already_shared":true,"jetpack_social_options":{"image_generator_settings":{"template":"highway","default_image_id":0,"font":"","enabled":false},"version":2}},"categories":[2],"tags":[],"class_list":["post-6345","post","type-post","status-publish","format-standard","hentry","category-ecologie"],"jetpack_publicize_connections":[],"jetpack_featured_media_url":"","jetpack_sharing_enabled":true,"jetpack_shortlink":"https:\/\/wp.me\/p5jjt5-1El","_links":{"self":[{"href":"https:\/\/claire-jannot.com\/index.php?rest_route=\/wp\/v2\/posts\/6345","targetHints":{"allow":["GET"]}}],"collection":[{"href":"https:\/\/claire-jannot.com\/index.php?rest_route=\/wp\/v2\/posts"}],"about":[{"href":"https:\/\/claire-jannot.com\/index.php?rest_route=\/wp\/v2\/types\/post"}],"author":[{"embeddable":true,"href":"https:\/\/claire-jannot.com\/index.php?rest_route=\/wp\/v2\/users\/1"}],"replies":[{"embeddable":true,"href":"https:\/\/claire-jannot.com\/index.php?rest_route=%2Fwp%2Fv2%2Fcomments&post=6345"}],"version-history":[{"count":4,"href":"https:\/\/claire-jannot.com\/index.php?rest_route=\/wp\/v2\/posts\/6345\/revisions"}],"predecessor-version":[{"id":6350,"href":"https:\/\/claire-jannot.com\/index.php?rest_route=\/wp\/v2\/posts\/6345\/revisions\/6350"}],"wp:attachment":[{"href":"https:\/\/claire-jannot.com\/index.php?rest_route=%2Fwp%2Fv2%2Fmedia&parent=6345"}],"wp:term":[{"taxonomy":"category","embeddable":true,"href":"https:\/\/claire-jannot.com\/index.php?rest_route=%2Fwp%2Fv2%2Fcategories&post=6345"},{"taxonomy":"post_tag","embeddable":true,"href":"https:\/\/claire-jannot.com\/index.php?rest_route=%2Fwp%2Fv2%2Ftags&post=6345"}],"curies":[{"name":"wp","href":"https:\/\/api.w.org\/{rel}","templated":true}]}}