{"id":6351,"date":"2015-08-06T16:43:37","date_gmt":"2015-08-06T15:43:37","guid":{"rendered":"http:\/\/www.grandesterresbio.com\/?p=6351"},"modified":"2020-03-13T09:18:50","modified_gmt":"2020-03-13T08:18:50","slug":"78-et-9-aout-la-nuit-des-etoiles-2015","status":"publish","type":"post","link":"https:\/\/claire-jannot.com\/?p=6351","title":{"rendered":"7,8 et 9 ao\u00fbt : La nuit des \u00e9toiles 2015"},"content":{"rendered":"<h2><span style=\"color: #000000;\">La nouvelle \u00e9dition ce week-end des Nuits des \u00c9toiles, grand rendez-vous des amoureux du ciel, sera plac\u00e9e sous le signe de la pr\u00e9servation de notre atmosph\u00e8re et de la vie qu&rsquo;elle seule rend possible.<\/span><\/h2>\n<div id=\"attachment_6353\" style=\"width: 424px\" class=\"wp-caption alignleft\"><a href=\"https:\/\/i0.wp.com\/www.grandesterresbio.com\/wp-content\/uploads\/2015\/08\/Ciel_%C3%A9toil%C3%A9_au_sommet_du_mont_Saint-Michel-de-Brasparts_Saint-Rivoal_France-3.jpg\"><img data-recalc-dims=\"1\" loading=\"lazy\" decoding=\"async\" aria-describedby=\"caption-attachment-6353\" class=\" wp-image-6353\" src=\"https:\/\/i0.wp.com\/www.grandesterresbio.com\/wp-content\/uploads\/2015\/08\/Ciel_%C3%A9toil%C3%A9_au_sommet_du_mont_Saint-Michel-de-Brasparts_Saint-Rivoal_France-3.jpg?resize=414%2C276\" alt=\"Ciel \u00e9toil\u00e9 au sommet du mont Saint-Michel-de-Brasparts (Saint-Rivoal, France).\" width=\"414\" height=\"276\" srcset=\"https:\/\/i0.wp.com\/claire-jannot.com\/wp-content\/uploads\/2015\/08\/Ciel_%C3%A9toil%C3%A9_au_sommet_du_mont_Saint-Michel-de-Brasparts_Saint-Rivoal_France-3.jpg?w=1095&amp;ssl=1 1095w, https:\/\/i0.wp.com\/claire-jannot.com\/wp-content\/uploads\/2015\/08\/Ciel_%C3%A9toil%C3%A9_au_sommet_du_mont_Saint-Michel-de-Brasparts_Saint-Rivoal_France-3.jpg?resize=300%2C200&amp;ssl=1 300w, https:\/\/i0.wp.com\/claire-jannot.com\/wp-content\/uploads\/2015\/08\/Ciel_%C3%A9toil%C3%A9_au_sommet_du_mont_Saint-Michel-de-Brasparts_Saint-Rivoal_France-3.jpg?resize=1024%2C683&amp;ssl=1 1024w\" sizes=\"auto, (max-width: 414px) 100vw, 414px\" \/><\/a><p id=\"caption-attachment-6353\" class=\"wp-caption-text\">Ciel \u00e9toil\u00e9 au sommet du mont Saint-Michel-de-Brasparts (Saint-Rivoal, France).<\/p><\/div>\n<p><span style=\"color: #000000;\"><strong>Vingt ans apr\u00e8s la d\u00e9couverte de la premi\u00e8re exoplan\u00e8te<\/strong>, les scientifiques disposent d&rsquo;une importante somme d&rsquo;informations sur l&rsquo;atmosph\u00e8re de plan\u00e8tes autres que la Terre. <strong>Conclusion: la Plan\u00e8te bleue est la seule de notre syst\u00e8me solaire \u00e0 pouvoir accueillir la vie.<\/strong><\/span><\/p>\n<p><span style=\"color: #000000;\">\u00ab\u00a0Il est donc indispensable de comprendre que <strong>l&rsquo;atmosph\u00e8re terrestre est unique en son genre et qu&rsquo;il faut la pr\u00e9server.<\/strong> Cela signifie <strong>lutter contre le r\u00e9chauffement climatique et stopper la perte de biodiversit\u00e9<\/strong>\u00ab\u00a0, explique l&rsquo;Association fran\u00e7aise d&rsquo;astronomie (AFA), <strong>cr\u00e9atrice des Nuits des Etoiles en 1991, \u00e0 quelques mois de la COP21, la conf\u00e9rence sur le climat qui r\u00e9unira 195 pays d\u00e9but d\u00e9cembre \u00e0 Paris.<\/strong><\/span><br \/>\n<span style=\"color: #000000;\">Films, conf\u00e9rences et animations ludiques: quelque 400 manifestations gratuites seront propos\u00e9es les 7, 8 et 9 ao\u00fbt (www.afanet.fr\/nuits). L&rsquo;\u00e9v\u00e8nement est organis\u00e9 dans la France enti\u00e8re et dans les pays voisins &#8211; Suisse, Belgique, Italie, et Afrique du nord, pr\u00e9cise l&rsquo;AFA.<\/span><br \/>\n<span style=\"color: #000000;\">L&rsquo;association invite les curieux \u00e0 regarder le ciel <strong>pour comprendre comment l&rsquo;univers a \u00e9merg\u00e9, quel est le r\u00f4le des \u00e9toiles, comment les plan\u00e8tes se sont constitu\u00e9es, comment la vie est apparue et dans quelles conditions.<\/strong> L&rsquo;occasion aussi de constater que lorsqu&rsquo;on regarde le ciel, on n&rsquo;y trouve pas de Terre de substitution \u00e0 proximit\u00e9. <\/span><br \/>\n<span style=\"color: #000000;\">La f\u00eate commencera vendredi vers 21H00, au cr\u00e9puscule, avec<strong> la g\u00e9ante gazeuse Jupiter qui sera un bref instant visible pr\u00e8s du soleil couchant \u00e0 l&rsquo;horizon ouest.<\/strong> Saturne, la plan\u00e8te aux anneaux, sera visible au-dessus de l&rsquo;horizon sud-ouest durant une bonne partie de la soir\u00e9e, avant de dispara\u00eetre vers 01H00 du matin.<\/span><\/p>\n<p><span style=\"color: #000000;\">Vers 22H30, la vo\u00fbte c\u00e9leste estivale s&rsquo;offrira pleinement au public et permettra l&rsquo;observation des <strong>Pers\u00e9ides,<\/strong> ces \u00e9toiles filantes qui sont en r\u00e9alit\u00e9 des poussi\u00e8res \u00e9chapp\u00e9es de la <strong>com\u00e8te Swift-Tuttle,<\/strong> et qui croisent<strong> la trajectoire de la Terre du 17 juillet au 24 ao\u00fbt. <\/strong><\/span><br \/>\n<span style=\"color: #000000;\">Ces poussi\u00e8res de com\u00e8te sont visibles sous forme de tra\u00een\u00e9es lumineuses tr\u00e8s brillantes quand elles entrent dans notre atmosph\u00e8re terrestre. <strong>\u00ab\u00a0Pour les regarder, un transat et vos yeux suffisent\u00a0\u00bb, promettent les organisateurs.<\/strong> Cette ann\u00e9e, le pic d&rsquo;activit\u00e9 des Pers\u00e9ides devrait se pr\u00e9senter entre le 12 et 13 ao\u00fbt. Ces dates correspondent \u00e0 la p\u00e9riode de la nouvelle lune, ce qui rendra les observations encore plus ais\u00e9es.<\/span><\/p>\n<p><span style=\"color: #000000;\">La cha\u00eene Arte participe une nouvelle fois \u00e0 l&rsquo;\u00e9v\u00e8nement, avec une programmation sp\u00e9ciale. Elle diffusera notamment samedi, en d\u00e9but de soir\u00e9e, le documentaire <strong>\u00ab\u00a0Plan\u00e8tes habitables\u00a0\u00bb qui tente de faire le tour de la grande question: \u00ab\u00a0Sommes-nous seuls dans l&rsquo;univers?\u00a0\u00bb<\/strong><\/span><\/p>\n<h6><span style=\"color: #000000;\">Source : PARIS, 4 ao\u00fbt 2015 (AFP)\u00a0<\/span><\/h6>\n<h6><span style=\"color: #000000;\">Cr\u00e9dit photo : \u00c9douard Hue &amp; XIIIfromTOKYO [CC BY-SA 4.0 (http:\/\/creativecommons.org\/licenses\/by-sa\/4.0)], via Wikimedia Commons<\/span><\/h6>\n","protected":false},"excerpt":{"rendered":"<p>La nouvelle \u00e9dition ce week-end des Nuits des \u00c9toiles, grand rendez-vous des amoureux du ciel, sera plac\u00e9e sous le signe de la pr\u00e9servation de notre atmosph\u00e8re et de la vie qu&rsquo;elle seule rend possible. Vingt ans apr\u00e8s la d\u00e9couverte de &hellip; <a href=\"https:\/\/claire-jannot.com\/?p=6351\">Continuer la lecture <span class=\"meta-nav\">&rarr;<\/span><\/a><\/p>\n","protected":false},"author":1,"featured_media":0,"comment_status":"open","ping_status":"open","sticky":false,"template":"","format":"standard","meta":{"jetpack_post_was_ever_published":false,"_jetpack_newsletter_access":"","_jetpack_dont_email_post_to_subs":false,"_jetpack_newsletter_tier_id":0,"_jetpack_memberships_contains_paywalled_content":false,"_jetpack_memberships_contains_paid_content":false,"footnotes":"","jetpack_publicize_message":"","jetpack_publicize_feature_enabled":true,"jetpack_social_post_already_shared":true,"jetpack_social_options":{"image_generator_settings":{"template":"highway","default_image_id":0,"font":"","enabled":false},"version":2}},"categories":[2],"tags":[76,5,27],"class_list":["post-6351","post","type-post","status-publish","format-standard","hentry","category-ecologie","tag-culture","tag-environnement","tag-insolite"],"jetpack_publicize_connections":[],"jetpack_featured_media_url":"","jetpack_sharing_enabled":true,"jetpack_shortlink":"https:\/\/wp.me\/p5jjt5-1Er","_links":{"self":[{"href":"https:\/\/claire-jannot.com\/index.php?rest_route=\/wp\/v2\/posts\/6351","targetHints":{"allow":["GET"]}}],"collection":[{"href":"https:\/\/claire-jannot.com\/index.php?rest_route=\/wp\/v2\/posts"}],"about":[{"href":"https:\/\/claire-jannot.com\/index.php?rest_route=\/wp\/v2\/types\/post"}],"author":[{"embeddable":true,"href":"https:\/\/claire-jannot.com\/index.php?rest_route=\/wp\/v2\/users\/1"}],"replies":[{"embeddable":true,"href":"https:\/\/claire-jannot.com\/index.php?rest_route=%2Fwp%2Fv2%2Fcomments&post=6351"}],"version-history":[{"count":2,"href":"https:\/\/claire-jannot.com\/index.php?rest_route=\/wp\/v2\/posts\/6351\/revisions"}],"predecessor-version":[{"id":6355,"href":"https:\/\/claire-jannot.com\/index.php?rest_route=\/wp\/v2\/posts\/6351\/revisions\/6355"}],"wp:attachment":[{"href":"https:\/\/claire-jannot.com\/index.php?rest_route=%2Fwp%2Fv2%2Fmedia&parent=6351"}],"wp:term":[{"taxonomy":"category","embeddable":true,"href":"https:\/\/claire-jannot.com\/index.php?rest_route=%2Fwp%2Fv2%2Fcategories&post=6351"},{"taxonomy":"post_tag","embeddable":true,"href":"https:\/\/claire-jannot.com\/index.php?rest_route=%2Fwp%2Fv2%2Ftags&post=6351"}],"curies":[{"name":"wp","href":"https:\/\/api.w.org\/{rel}","templated":true}]}}