{"id":6379,"date":"2015-08-12T11:05:07","date_gmt":"2015-08-12T10:05:07","guid":{"rendered":"http:\/\/www.grandesterresbio.com\/?p=6379"},"modified":"2015-08-12T11:05:07","modified_gmt":"2015-08-12T10:05:07","slug":"roundup-il-doit-etre-interdit-et-pis-cest-tout","status":"publish","type":"post","link":"https:\/\/claire-jannot.com\/?p=6379","title":{"rendered":"RoundUp : Il doit \u00eatre INTERDIT et pis c&rsquo;est tout !"},"content":{"rendered":"<h2><span style=\"font-weight: 400;\">L&rsquo;ONG allemande Foodwatch presse l&rsquo;Europe d&rsquo;appliquer le principe de pr\u00e9caution \u00e0 propos du Glyphosate, alors que la Commission europ\u00e9enne doit d\u00e9cider d&rsquo;ici la fin de l&rsquo;ann\u00e9e de reconduire ou non pour dix ans l&rsquo;autorisation de cet herbicide tr\u00e8s r\u00e9pandu, soup\u00e7onn\u00e9 d&rsquo;\u00eatre canc\u00e9rig\u00e8ne.<\/span><span style=\"font-weight: 400;\"><br \/>\n<\/span><\/h2>\n<p><a href=\"https:\/\/i0.wp.com\/www.grandesterresbio.com\/wp-content\/uploads\/2015\/08\/fr_rdup6h_3l_062013.png\"><img data-recalc-dims=\"1\" loading=\"lazy\" decoding=\"async\" class=\"alignleft size-full wp-image-6380\" src=\"https:\/\/i0.wp.com\/www.grandesterresbio.com\/wp-content\/uploads\/2015\/08\/fr_rdup6h_3l_062013.png?resize=370%2C424\" alt=\"fr_rdup6h_3l_062013\" width=\"370\" height=\"424\" srcset=\"https:\/\/i0.wp.com\/claire-jannot.com\/wp-content\/uploads\/2015\/08\/fr_rdup6h_3l_062013.png?w=370&amp;ssl=1 370w, https:\/\/i0.wp.com\/claire-jannot.com\/wp-content\/uploads\/2015\/08\/fr_rdup6h_3l_062013.png?resize=262%2C300&amp;ssl=1 262w\" sizes=\"auto, (max-width: 370px) 100vw, 370px\" \/><\/a><strong>La Commission \u00ab\u00a0d\u00e9tient un outil puissant\u00a0\u00bb pour prot\u00e9ger les citoyens contre le glyphosate, class\u00e9 canc\u00e9rig\u00e8ne \u00ab\u00a0probable\u00a0\u00bb en mars par l&rsquo;Organisation mondiale de la sant\u00e9<\/strong>, a expliqu\u00e9 lundi \u00e0 l&rsquo;AFP <strong>Ingrid Kragl<\/strong>, directrice de l&rsquo;information de <strong>Foodwatch France.\u00a0<\/strong><span style=\"font-weight: 400;\">Le Glyphosate est l&rsquo;ingr\u00e9dient principal du d\u00e9sherbant <strong>Roundup du g\u00e9ant am\u00e9ricain Monsanto.<\/strong><\/span><strong><br \/>\n<\/strong><span style=\"font-weight: 400;\">Le processus de r\u00e9\u00e9valution du risque men\u00e9 par l&rsquo;Autorit\u00e9 europ\u00e9enne de s\u00e9curit\u00e9 des aliments (EFSA), sur lequel s&rsquo;appuiera la Commission pour prendre sa d\u00e9cision, \u00ab\u00a0est une farce\u00a0\u00bb, d\u00e9nonce Mme Kragl.\u00a0<\/span><strong>\u00ab\u00a0L&rsquo;industrie exerce une pression inacceptable: un tiers des experts d&rsquo;un comit\u00e9 travaillant sur ce dossier sont employ\u00e9s par les g\u00e9ants de l&rsquo;industrie chimique\u00a0\u00bb, estime l&rsquo;ONG dans un communiqu\u00e9.<\/strong><span style=\"font-weight: 400;\"><br \/>\n<\/span><span style=\"font-weight: 400;\">Ce comit\u00e9 d\u00e9pend de l&rsquo;organisme allemand d&rsquo;\u00e9valuation des risques <strong>Bundesinstitut f\u00fcr Risikobewertung (BFR)<\/strong>, charg\u00e9 de remettre un rapport sur lequel l&rsquo;EFSA basera son avis, l&rsquo;Allemagne ayant \u00e9t\u00e9 d\u00e9sign\u00e9e comme rapporteur au nom de l&rsquo;ensemble des Etats-membres.<\/span><span style=\"font-weight: 400;\"><br \/>\n<\/span><span style=\"font-weight: 400;\">Selon Foodwatch, la d\u00e9cision europ\u00e9enne pourrait \u00eatre rendue \u00ab\u00a0d\u00e8s l&rsquo;automne\u00a0\u00bb. <strong>L&rsquo;ONG appelle donc les ministres fran\u00e7ais de l&rsquo;Agriculture et de l&rsquo;Environnement \u00e0 peser dans les discussions afin que l&rsquo;autorisation du glyphosate ne soit pas renouvel\u00e9e.<\/strong><\/span><span style=\"font-weight: 400;\"><br \/>\n<\/span><span style=\"font-weight: 400;\">Si le glyphosate est de nouveau autoris\u00e9 pour dix ans, \u00ab\u00a0la France sera oblig\u00e9e de respecter la r\u00e9glementation europ\u00e9enne. On ne peut pas l&rsquo;interdire \u00e0 la vente\u00a0\u00bb, souligne Mme Kragl.<\/span><span style=\"font-weight: 400;\"><br \/>\n<\/span><strong>La ministre de l&rsquo;Environnement S\u00e9gol\u00e8ne Royal a demand\u00e9 en juin aux jardineries de ne plus vendre le Roundup en libre service \u00e0 partir du 1er janvier, mais le produit restera disponible en passant par un vendeur certifi\u00e9.<\/strong><span style=\"font-weight: 400;\"><br \/>\n<\/span><span style=\"font-weight: 400;\">\u00ab\u00a0Tant que l&rsquo;innocuit\u00e9 du glyphosate ne sera pas prouv\u00e9e, il ne devrait plus \u00eatre permis de l&rsquo;utiliser\u00a0\u00bb, fait valoir Mme Kragl.<\/span><\/p>\n<h6>Source :\u00a0PARIS,\u00a010 ao\u00fbt 2015 (AFP)<\/h6>\n","protected":false},"excerpt":{"rendered":"<p>L&rsquo;ONG allemande Foodwatch presse l&rsquo;Europe d&rsquo;appliquer le principe de pr\u00e9caution \u00e0 propos du Glyphosate, alors que la Commission europ\u00e9enne doit d\u00e9cider d&rsquo;ici la fin de l&rsquo;ann\u00e9e de reconduire ou non pour dix ans l&rsquo;autorisation de cet herbicide tr\u00e8s r\u00e9pandu, soup\u00e7onn\u00e9 &hellip; <a href=\"https:\/\/claire-jannot.com\/?p=6379\">Continuer la lecture <span class=\"meta-nav\">&rarr;<\/span><\/a><\/p>\n","protected":false},"author":1,"featured_media":0,"comment_status":"open","ping_status":"open","sticky":false,"template":"","format":"standard","meta":{"jetpack_post_was_ever_published":false,"_jetpack_newsletter_access":"","_jetpack_dont_email_post_to_subs":false,"_jetpack_newsletter_tier_id":0,"_jetpack_memberships_contains_paywalled_content":false,"_jetpack_memberships_contains_paid_content":false,"footnotes":"","jetpack_publicize_message":"","jetpack_publicize_feature_enabled":true,"jetpack_social_post_already_shared":true,"jetpack_social_options":{"image_generator_settings":{"template":"highway","default_image_id":0,"font":"","enabled":false},"version":2}},"categories":[2,47],"tags":[42,3,4,5,9,36,10,11],"class_list":["post-6379","post","type-post","status-publish","format-standard","hentry","category-ecologie","category-societe","tag-agriculture","tag-consommation","tag-ecologie2","tag-environnement","tag-ogm","tag-pollution","tag-sante","tag-societe-2"],"jetpack_publicize_connections":[],"jetpack_featured_media_url":"","jetpack_sharing_enabled":true,"jetpack_shortlink":"https:\/\/wp.me\/p5jjt5-1ET","_links":{"self":[{"href":"https:\/\/claire-jannot.com\/index.php?rest_route=\/wp\/v2\/posts\/6379","targetHints":{"allow":["GET"]}}],"collection":[{"href":"https:\/\/claire-jannot.com\/index.php?rest_route=\/wp\/v2\/posts"}],"about":[{"href":"https:\/\/claire-jannot.com\/index.php?rest_route=\/wp\/v2\/types\/post"}],"author":[{"embeddable":true,"href":"https:\/\/claire-jannot.com\/index.php?rest_route=\/wp\/v2\/users\/1"}],"replies":[{"embeddable":true,"href":"https:\/\/claire-jannot.com\/index.php?rest_route=%2Fwp%2Fv2%2Fcomments&post=6379"}],"version-history":[{"count":1,"href":"https:\/\/claire-jannot.com\/index.php?rest_route=\/wp\/v2\/posts\/6379\/revisions"}],"predecessor-version":[{"id":6381,"href":"https:\/\/claire-jannot.com\/index.php?rest_route=\/wp\/v2\/posts\/6379\/revisions\/6381"}],"wp:attachment":[{"href":"https:\/\/claire-jannot.com\/index.php?rest_route=%2Fwp%2Fv2%2Fmedia&parent=6379"}],"wp:term":[{"taxonomy":"category","embeddable":true,"href":"https:\/\/claire-jannot.com\/index.php?rest_route=%2Fwp%2Fv2%2Fcategories&post=6379"},{"taxonomy":"post_tag","embeddable":true,"href":"https:\/\/claire-jannot.com\/index.php?rest_route=%2Fwp%2Fv2%2Ftags&post=6379"}],"curies":[{"name":"wp","href":"https:\/\/api.w.org\/{rel}","templated":true}]}}