{"id":6394,"date":"2015-08-23T14:29:53","date_gmt":"2015-08-23T13:29:53","guid":{"rendered":"http:\/\/www.grandesterresbio.com\/?p=6394"},"modified":"2015-08-23T14:29:53","modified_gmt":"2015-08-23T13:29:53","slug":"salvador-apres-labandon-du-roundup-quel-bilan","status":"publish","type":"post","link":"https:\/\/claire-jannot.com\/?p=6394","title":{"rendered":"Salvador : Apr\u00e8s l&rsquo;abandon du RoundUp, quel bilan ?"},"content":{"rendered":"<div class=\"wrapper\">\n<h2 class=\"content\"><span style=\"color: #000000;\">\u00a0Tout le monde conna\u00eet le RoundUp, ce d\u00e9sherbant qui a r\u00e9cemment \u00e9t\u00e9 remis en cause par le minist\u00e8re de l\u2019Ecologie en France, S\u00e9gol\u00e8ne Royal en ayant interdit la vente en libre-service. Fortement critiqu\u00e9 partout, notamment pour des risques canc\u00e9rig\u00e8nes, il a \u00e9t\u00e9 interdit compl\u00e8tement au Salvador en 2013. Depuis l\u2019agriculture s\u2019en porte tr\u00e8s bien.<\/span><\/h2>\n<div class=\"single\">\n<article class=\"entry\">\n<section class=\"entry-content\">\n<div id=\"attachment_6395\" style=\"width: 410px\" class=\"wp-caption alignleft\"><a href=\"https:\/\/i0.wp.com\/www.grandesterresbio.com\/wp-content\/uploads\/2015\/08\/1024px-04_19.07.2012_Paren_de_Fumigar_-_Fuera_Monsanto.jpg\"><img data-recalc-dims=\"1\" loading=\"lazy\" decoding=\"async\" aria-describedby=\"caption-attachment-6395\" class=\"wp-image-6395\" src=\"https:\/\/i0.wp.com\/www.grandesterresbio.com\/wp-content\/uploads\/2015\/08\/1024px-04_19.07.2012_Paren_de_Fumigar_-_Fuera_Monsanto.jpg?resize=400%2C267\" alt=\"1024px-04_19.07.2012_Paren_de_Fumigar_-_Fuera_Monsanto\" width=\"400\" height=\"267\" srcset=\"https:\/\/i0.wp.com\/claire-jannot.com\/wp-content\/uploads\/2015\/08\/1024px-04_19.07.2012_Paren_de_Fumigar_-_Fuera_Monsanto.jpg?w=1024&amp;ssl=1 1024w, https:\/\/i0.wp.com\/claire-jannot.com\/wp-content\/uploads\/2015\/08\/1024px-04_19.07.2012_Paren_de_Fumigar_-_Fuera_Monsanto.jpg?resize=300%2C200&amp;ssl=1 300w\" sizes=\"auto, (max-width: 400px) 100vw, 400px\" \/><\/a><p id=\"caption-attachment-6395\" class=\"wp-caption-text\">Manifestation Anti Monsanto &#8211; Cordoue 2012<\/p><\/div>\n<p><span style=\"color: #000000;\"><strong>En septembre 2013<\/strong> le Salvador a d\u00e9cid\u00e9 de prendre des mesures drastiques contre le <strong>RoundUp de Monsanto ainsi que contre 53 produits phytosanitaires.<\/strong> Une mani\u00e8re pour le pays de reprendre son ind\u00e9pendance du g\u00e9ant des OGM qui lui fournissait la grande majorit\u00e9 de ses semences. <strong>St\u00e9riles, ces semences modifi\u00e9es ne pouvaient pas \u00eatre r\u00e9utilis\u00e9es.\u00a0<\/strong><\/span><span style=\"color: #000000;\"><strong>Pas moins de 75% du ma\u00efs et 85% des haricots<\/strong>, entre autres, \u00e9taient issus de ces semences hybrides et modifi\u00e9es.<\/span><\/p>\n<p><span style=\"color: #000000;\"><strong>Deux ans plus tard, c\u2019est l\u2019heure du premier bilan<\/strong> et il est plus que positif. En revalorisant les semences locales via le plan pour l\u2019agriculture familiale, le Salvador a r\u00e9ussi \u00e0 <strong>augmenter \u00e9norm\u00e9ment sa production.<\/strong> Une production qui <strong>se renouvelle d\u2019elle-m\u00eame puisque les semences locales, elles, ne sont pas st\u00e9riles.\u00a0<\/strong><\/span><span style=\"color: #000000;\">Avec un simple investissement de <strong>18 millions de dollars \u00e0 destination de 400 000 exploitants<\/strong>, le Salvador <strong>a r\u00e9ussi, a multiplier par trois la production<\/strong> de semences certifi\u00e9es entre 2009 et 2014.\u00a0<\/span><strong>Mieux, de 14 millions de quintaux de ma\u00efs produits en 2004 le pays est pass\u00e9 \u00e0 20 millions en 2013. Et cette croissance ne cesse d\u2019augmenter.<\/strong><\/p>\n<\/section>\n<\/article>\n<\/div>\n<\/div>\n<h6 id=\"fb-root\" class=\" fb_reset\"><span style=\"color: #000000;\">Source : Greenetvert.fr &#8211;\u00a021.08.2015<\/span><\/h6>\n<h6 class=\" fb_reset\"><span style=\"color: #000000;\">Cr\u00e9dit photo :\u00a0By Romina Martino [CC BY-SA 2.0 (http:\/\/creativecommons.org\/licenses\/by-sa\/2.0)], via Wikimedia Commons<\/span><\/h6>\n<p>&nbsp;<\/p>\n<p>&nbsp;<\/p>\n<p>&nbsp;<\/p>\n<p>&nbsp;<\/p>\n","protected":false},"excerpt":{"rendered":"<p>\u00a0Tout le monde conna\u00eet le RoundUp, ce d\u00e9sherbant qui a r\u00e9cemment \u00e9t\u00e9 remis en cause par le minist\u00e8re de l\u2019Ecologie en France, S\u00e9gol\u00e8ne Royal en ayant interdit la vente en libre-service. Fortement critiqu\u00e9 partout, notamment pour des risques canc\u00e9rig\u00e8nes, il &hellip; <a href=\"https:\/\/claire-jannot.com\/?p=6394\">Continuer la lecture <span class=\"meta-nav\">&rarr;<\/span><\/a><\/p>\n","protected":false},"author":1,"featured_media":0,"comment_status":"open","ping_status":"open","sticky":false,"template":"","format":"standard","meta":{"jetpack_post_was_ever_published":false,"_jetpack_newsletter_access":"","_jetpack_dont_email_post_to_subs":false,"_jetpack_newsletter_tier_id":0,"_jetpack_memberships_contains_paywalled_content":false,"_jetpack_memberships_contains_paid_content":false,"footnotes":"","jetpack_publicize_message":"","jetpack_publicize_feature_enabled":true,"jetpack_social_post_already_shared":true,"jetpack_social_options":{"image_generator_settings":{"template":"highway","default_image_id":0,"font":"","enabled":false},"version":2}},"categories":[1,2],"tags":[42,58,3,4,5,9,36,10],"class_list":["post-6394","post","type-post","status-publish","format-standard","hentry","category-alimentation","category-ecologie","tag-agriculture","tag-alimentation-2","tag-consommation","tag-ecologie2","tag-environnement","tag-ogm","tag-pollution","tag-sante"],"jetpack_publicize_connections":[],"jetpack_featured_media_url":"","jetpack_sharing_enabled":true,"jetpack_shortlink":"https:\/\/wp.me\/p5jjt5-1F8","_links":{"self":[{"href":"https:\/\/claire-jannot.com\/index.php?rest_route=\/wp\/v2\/posts\/6394","targetHints":{"allow":["GET"]}}],"collection":[{"href":"https:\/\/claire-jannot.com\/index.php?rest_route=\/wp\/v2\/posts"}],"about":[{"href":"https:\/\/claire-jannot.com\/index.php?rest_route=\/wp\/v2\/types\/post"}],"author":[{"embeddable":true,"href":"https:\/\/claire-jannot.com\/index.php?rest_route=\/wp\/v2\/users\/1"}],"replies":[{"embeddable":true,"href":"https:\/\/claire-jannot.com\/index.php?rest_route=%2Fwp%2Fv2%2Fcomments&post=6394"}],"version-history":[{"count":2,"href":"https:\/\/claire-jannot.com\/index.php?rest_route=\/wp\/v2\/posts\/6394\/revisions"}],"predecessor-version":[{"id":6397,"href":"https:\/\/claire-jannot.com\/index.php?rest_route=\/wp\/v2\/posts\/6394\/revisions\/6397"}],"wp:attachment":[{"href":"https:\/\/claire-jannot.com\/index.php?rest_route=%2Fwp%2Fv2%2Fmedia&parent=6394"}],"wp:term":[{"taxonomy":"category","embeddable":true,"href":"https:\/\/claire-jannot.com\/index.php?rest_route=%2Fwp%2Fv2%2Fcategories&post=6394"},{"taxonomy":"post_tag","embeddable":true,"href":"https:\/\/claire-jannot.com\/index.php?rest_route=%2Fwp%2Fv2%2Ftags&post=6394"}],"curies":[{"name":"wp","href":"https:\/\/api.w.org\/{rel}","templated":true}]}}