{"id":6433,"date":"2015-09-06T19:40:50","date_gmt":"2015-09-06T18:40:50","guid":{"rendered":"http:\/\/www.grandesterresbio.com\/?p=6433"},"modified":"2015-09-06T19:40:50","modified_gmt":"2015-09-06T18:40:50","slug":"canaries-une-ile-est-passee-a-100-denergies-renouvelables","status":"publish","type":"post","link":"https:\/\/claire-jannot.com\/?p=6433","title":{"rendered":"Canaries : Une \u00eele est pass\u00e9e \u00e0 100 % d&rsquo;\u00e9nergies renouvelables"},"content":{"rendered":"<h2><b><\/b><span style=\"color: #000000;\">Sur l&rsquo;\u00eele El Hierro, dans les Canaries, l&rsquo;autonomie \u00e9nerg\u00e9tique n&rsquo;est plus une utopie. La production \u00e9lectrique est assur\u00e9e par une triple installation, thermique, hydraulique et \u00e9olienne. Bri\u00e8vement, il y a quelques jours, le taux d&rsquo;\u00e9nergies renouvelables est pass\u00e9 \u00e0 100 %.<\/span><\/h2>\n<p><span style=\"color: #000000;\"><a style=\"color: #000000;\" href=\"https:\/\/i0.wp.com\/www.grandesterresbio.com\/wp-content\/uploads\/2015\/09\/1024px-Charco_Azul.jpg\"><img data-recalc-dims=\"1\" loading=\"lazy\" decoding=\"async\" class=\"alignleft  wp-image-6434\" src=\"https:\/\/i0.wp.com\/www.grandesterresbio.com\/wp-content\/uploads\/2015\/09\/1024px-Charco_Azul.jpg?resize=402%2C268\" alt=\"1024px-Charco_Azul\" width=\"402\" height=\"268\" srcset=\"https:\/\/i0.wp.com\/claire-jannot.com\/wp-content\/uploads\/2015\/09\/1024px-Charco_Azul.jpg?w=1024&amp;ssl=1 1024w, https:\/\/i0.wp.com\/claire-jannot.com\/wp-content\/uploads\/2015\/09\/1024px-Charco_Azul.jpg?resize=300%2C200&amp;ssl=1 300w\" sizes=\"auto, (max-width: 402px) 100vw, 402px\" \/><\/a><strong>Samedi 9 ao\u00fbt 2015, entre 12 h 30 et 14 h 30, l\u2019\u00eele El Hierro, la plus \u00e0 l\u2019ouest de l\u2019archipel\u00a0des Canaries, n\u2019\u00e9tait aliment\u00e9e en \u00e9lectricit\u00e9 que par des \u00e9oliennes\u00a0et par une centrale hydraulique.<\/strong> L\u2019exploit est loin d\u2019\u00eatre anecdotique et nous est expliqu\u00e9 sur Climat\u2019O, le blog d\u2019<strong>Alain Gioda\u00a0sur Futura-Sciences.\u00a0<\/strong>Depuis juin 2014, une centrale hydro-\u00e9olienne est en activit\u00e9 sur El Hierro.<\/span><\/p>\n<p><span style=\"color: #000000;\">Constitu\u00e9e d\u2019un parc \u00e9olien et d\u2019une usine hydro\u00e9lectrique, elle vient compl\u00e9ter une centrale thermique \u00e0 fioul. <strong>Chacune de ces trois unit\u00e9s peut fournir jusqu\u2019\u00e0 environ 11 MW, leurs parts respectives dans le courant \u00e9lectrique\u00a0destin\u00e9 aux 8.000 habitants, plus les touristes, \u00e9tant ajust\u00e9 en permanence.<\/strong> Pour l\u2019\u00eele espagnole, ce projet, compl\u00e9t\u00e9 par une usine de dessalement\u00a0d\u2019eau de mer, est <strong>un grand enjeu d\u2019ind\u00e9pendance \u00e9nerg\u00e9tique<\/strong>, alors que, jusque-l\u00e0, toute la production d\u2019\u00e9lectricit\u00e9 d\u00e9pendait des navires qui apportent le fioul.<\/span><\/p>\n<p><strong>L&rsquo;eau sert \u00e0 stocker temporairement l&rsquo;\u00e9nergie.\u00a0<\/strong><span style=\"color: #000000;\"><strong>Ce samedi, donc, durant deux heures, la production de la centrale thermique \u00e9tait de 100 %.<\/strong> Pourquoi n\u2019est-ce pas arriv\u00e9 plus t\u00f4t ?\u00a0\u00ab Parce que ce n\u2019est pas facile,\u00a0nous explique Alain Gioda.\u00a0Il faut savoir prendre son temps. Si on court, on n\u2019y arrive pas. \u00c0 El Hierro, on prend son temps\u2026 et on y arrive. \u00bb\u00a0Les techniques employ\u00e9es sont \u00e9prouv\u00e9es, souligne ce sp\u00e9cialiste du climat\u00a0et des \u00e9nergies renouvelables. Les \u00e9oliennes sont d\u2019une marque honorablement connue, de la gamme des 2 MW, et l\u2019usine hydraulique est\u00a0\u00ab pr\u00e9vue pour un si\u00e8cle \u00bb.<\/span><\/p>\n<p><strong>C\u2019est en fait une station de transfert d\u2019\u00e9nergie par pompage (STEP), qui utilise deux bassins install\u00e9s en montagne \u00e0 deux altitudes diff\u00e9rentes.<\/strong> Lorsque la production d\u2019\u00e9lectricit\u00e9 est sup\u00e9rieure \u00e0 la demande, l\u2019eau du bassin inf\u00e9rieur est pomp\u00e9e et envoy\u00e9e plus haut. Elle peut ensuite \u00eatre rel\u00e2ch\u00e9e et actionner des turbines. C\u2019est donc un <strong>syst\u00e8me de stockage d\u2019\u00e9nergie\u00a0et de lissage de la production.<\/strong> <strong>En France, la premi\u00e8re a \u00e9t\u00e9 cr\u00e9\u00e9e dans les Vosges autour de 1930 entre le lac Noir et le lac Blanc, et a fonctionn\u00e9 jusqu\u2019en 2002.<\/strong><\/p>\n<p><strong>Une installation embl\u00e9matique pour les communaut\u00e9s isol\u00e9es :\u00a0<\/strong><span style=\"color: #000000;\"><strong>La difficult\u00e9 est celle du pilotage, pour m\u00e9langer habilement ces trois sources, vent, eau et fioul.<\/strong> L\u2019un des int\u00e9r\u00eats de l\u2019installation d\u2019El Hierro est que cette op\u00e9ration est visible par tous. Un site Web de la REE (le r\u00e9seau espagnol d\u2019\u00e9lectricit\u00e9) permet en effet de suivre la production en temps r\u00e9el. Les esprits curieux pourront voir de pr\u00e8s <strong>comment varie la production d\u2019un champ d\u2019\u00e9oliennes<\/strong>.\u00a0\u00ab J\u2019aimerais autant de transparence en France\u2026\u00a0ne manque pas de remarquer Alain Gioda.\u00a0Gr\u00e2ce \u00e0 cette diffusion\u00a0de l&rsquo;information, on voit vraiment la r\u00e9alit\u00e9 de la production. \u00bb<\/span><\/p>\n<p><span style=\"color: #000000;\">L&rsquo;\u00eele veut aller plus loin et r\u00e9fl\u00e9chit depuis des ann\u00e9es \u00e0 s&rsquo;appuyer sur des v\u00e9hicules \u00e9lectriques pour les transports. <strong>En quelques ann\u00e9es, cette petite \u00eele est devenue exemplaire de l\u2019exploitation des \u00e9nergies renouvelables pour les petites communaut\u00e9s isol\u00e9es<\/strong>, les ZNI, ou zones non interconnect\u00e9es en langage administratif. Le cas est m\u00eame embl\u00e9matique depuis la d\u00e9claration d\u2019El Hierro, sous l\u2019\u00e9gide de l\u2019Unesco.<\/span><\/p>\n<h6><span style=\"color: #000000;\">Source : Le 11\/08\/2015 \u00e0 17:38 &#8211;\u00a0Jean-Luc Goudet, Futura-Sciences<\/span><\/h6>\n<h6><span style=\"color: #000000;\">Cr\u00e9dit photo :\u00a0By Bjoern.Hoernitz (Own work) [GFDL (http:\/\/www.gnu.org\/copyleft\/fdl.html) or CC-BY-SA-3.0 (http:\/\/creativecommons.org\/licenses\/by-sa\/3.0\/)], via Wikimedia Commons<\/span><\/h6>\n","protected":false},"excerpt":{"rendered":"<p>Sur l&rsquo;\u00eele El Hierro, dans les Canaries, l&rsquo;autonomie \u00e9nerg\u00e9tique n&rsquo;est plus une utopie. La production \u00e9lectrique est assur\u00e9e par une triple installation, thermique, hydraulique et \u00e9olienne. Bri\u00e8vement, il y a quelques jours, le taux d&rsquo;\u00e9nergies renouvelables est pass\u00e9 \u00e0 100 &hellip; <a href=\"https:\/\/claire-jannot.com\/?p=6433\">Continuer la lecture <span class=\"meta-nav\">&rarr;<\/span><\/a><\/p>\n","protected":false},"author":1,"featured_media":0,"comment_status":"open","ping_status":"open","sticky":false,"template":"","format":"standard","meta":{"jetpack_post_was_ever_published":false,"_jetpack_newsletter_access":"","_jetpack_dont_email_post_to_subs":false,"_jetpack_newsletter_tier_id":0,"_jetpack_memberships_contains_paywalled_content":false,"_jetpack_memberships_contains_paid_content":false,"footnotes":"","jetpack_publicize_message":"","jetpack_publicize_feature_enabled":true,"jetpack_social_post_already_shared":true,"jetpack_social_options":{"image_generator_settings":{"template":"highway","default_image_id":0,"font":"","enabled":false},"version":2}},"categories":[2,47],"tags":[4,44,5,11],"class_list":["post-6433","post","type-post","status-publish","format-standard","hentry","category-ecologie","category-societe","tag-ecologie2","tag-energie","tag-environnement","tag-societe-2"],"jetpack_publicize_connections":[],"jetpack_featured_media_url":"","jetpack_sharing_enabled":true,"jetpack_shortlink":"https:\/\/wp.me\/p5jjt5-1FL","_links":{"self":[{"href":"https:\/\/claire-jannot.com\/index.php?rest_route=\/wp\/v2\/posts\/6433","targetHints":{"allow":["GET"]}}],"collection":[{"href":"https:\/\/claire-jannot.com\/index.php?rest_route=\/wp\/v2\/posts"}],"about":[{"href":"https:\/\/claire-jannot.com\/index.php?rest_route=\/wp\/v2\/types\/post"}],"author":[{"embeddable":true,"href":"https:\/\/claire-jannot.com\/index.php?rest_route=\/wp\/v2\/users\/1"}],"replies":[{"embeddable":true,"href":"https:\/\/claire-jannot.com\/index.php?rest_route=%2Fwp%2Fv2%2Fcomments&post=6433"}],"version-history":[{"count":2,"href":"https:\/\/claire-jannot.com\/index.php?rest_route=\/wp\/v2\/posts\/6433\/revisions"}],"predecessor-version":[{"id":6436,"href":"https:\/\/claire-jannot.com\/index.php?rest_route=\/wp\/v2\/posts\/6433\/revisions\/6436"}],"wp:attachment":[{"href":"https:\/\/claire-jannot.com\/index.php?rest_route=%2Fwp%2Fv2%2Fmedia&parent=6433"}],"wp:term":[{"taxonomy":"category","embeddable":true,"href":"https:\/\/claire-jannot.com\/index.php?rest_route=%2Fwp%2Fv2%2Fcategories&post=6433"},{"taxonomy":"post_tag","embeddable":true,"href":"https:\/\/claire-jannot.com\/index.php?rest_route=%2Fwp%2Fv2%2Ftags&post=6433"}],"curies":[{"name":"wp","href":"https:\/\/api.w.org\/{rel}","templated":true}]}}