{"id":6442,"date":"2015-09-10T11:38:27","date_gmt":"2015-09-10T10:38:27","guid":{"rendered":"http:\/\/www.grandesterresbio.com\/?p=6442"},"modified":"2015-09-10T11:38:27","modified_gmt":"2015-09-10T10:38:27","slug":"manger-le-meilleur-de-la-nature-des-le-plus-jeune-age-comme-des-papas","status":"publish","type":"post","link":"https:\/\/claire-jannot.com\/?p=6442","title":{"rendered":"Manger le meilleur de la nature d\u00e8s le plus jeune \u00e2ge : Comme des papas"},"content":{"rendered":"<h2 class=\"rtecenter\"><span style=\"color: #000000;\">Comme des papas ?\u00a0La\u00a0nouvelle marque en vente chez #grandesterresbio ! <\/span><\/h2>\n<h2 class=\"rtecenter\"><span style=\"color: #000000;\">Une jeune entreprise bas\u00e9e dans le Loir et cher qui lance une nouvelle gamme de\u00a0nourriture bio pour les b\u00e9b\u00e9s et propose des petits pots sal\u00e9s et\u00a0sucr\u00e9s avec des ingr\u00e9dients de saison et pasteuris\u00e9s . Manger le meilleur de la nature et ce, d\u00e8s le plus jeune \u00e2ge.\u200b<\/span><\/h2>\n<div id=\"attachment_6456\" style=\"width: 346px\" class=\"wp-caption alignleft\"><a href=\"https:\/\/i0.wp.com\/www.grandesterresbio.com\/wp-content\/uploads\/2015\/09\/pap5.jpg\"><img data-recalc-dims=\"1\" loading=\"lazy\" decoding=\"async\" aria-describedby=\"caption-attachment-6456\" class=\"wp-image-6456\" src=\"https:\/\/i0.wp.com\/www.grandesterresbio.com\/wp-content\/uploads\/2015\/09\/pap5.jpg?resize=336%2C236\" alt=\"pap\" width=\"336\" height=\"236\" srcset=\"https:\/\/i0.wp.com\/claire-jannot.com\/wp-content\/uploads\/2015\/09\/pap5.jpg?w=637&amp;ssl=1 637w, https:\/\/i0.wp.com\/claire-jannot.com\/wp-content\/uploads\/2015\/09\/pap5.jpg?resize=300%2C211&amp;ssl=1 300w\" sizes=\"auto, (max-width: 336px) 100vw, 336px\" \/><\/a><p id=\"caption-attachment-6456\" class=\"wp-caption-text\">Le rayon est pr\u00eat ! #grandesterresbio #2500referencescestriendutout #legumesdesaison<\/p><\/div>\n<p class=\"rtecenter\"><span style=\"color: #000000;\">En s\u00e9lectionnant <strong>100 % de ses ingr\u00e9dients issus de l\u2019agriculture biologique<\/strong>, Comme des Papas fait le choix de la confiance, du respect des \u00eatres-humains et de l\u2019environnement. <strong>Le r\u00e9sultat\u00a0: les produits les plus sains pour nos b\u00e9b\u00e9s.\u00a0<\/strong><\/span><\/p>\n<p class=\"rtecenter\"><strong><span style=\"color: #000000;\">Respecter le cycle des saisons pour une diversification r\u00e9ussie.<\/span><\/strong><\/p>\n<p class=\"rtecenter\"><span style=\"color: #000000;\">Car tous les go\u00fbts sont dans la nature, Comme des Papas vous propose <strong>une \u00e9ducation alimentaire au fil des saisons<\/strong>, en changeant 4 fois dans l\u2019ann\u00e9e sa gamme de petits plats pour faire d\u00e9couvrir \u00e0 votre enfant pas moins de 50 saveurs diff\u00e9rentes.\u00a0<\/span><\/p>\n<p class=\"rtecenter\"><strong><span style=\"color: #000000;\">Travailler en local, cela change tout.\u00a0<\/span><\/strong><\/p>\n<p class=\"rtecenter\"><span style=\"color: #000000;\"><span style=\"color: #000000;\">\u00ab\u00a0J\u2019ai toujours utilis\u00e9 les l\u00e9gumes de notre exploitation pour nourrir ma fille\u00a0lorsqu&rsquo;elle\u00a0\u00e9tait b\u00e9b\u00e9,\u00a0alors nous sommes particuli\u00e8rement heureux et fiers que d\u2019autres enfants puissent aussi en appr\u00e9cier le go\u00fbt\u00a0\u00bb Mr et Mme Paul, agriculteurs bio situ\u00e9s \u00e0 3 minutes de notre local de cuisine, font pousser nos d\u00e9licieuses carottes.<\/span><\/span><\/p>\n<p><span style=\"color: #000000;\">Pour se rapprocher le plus\u00a0des bons petits plats que les mamans et les papas cuisinent avec amour pour leurs enfants, nous avons choisi <strong>une cuisson tr\u00e8s douce pour pr\u00e9server toutes les qualit\u00e9s gustatives et nutritionnelles<\/strong> des bons ingr\u00e9dients que nous utilisons. Les petits plats se conservent ainsi environ <strong>3 semaines au r\u00e9frig\u00e9rateur<\/strong> et ne sont pas comparables avec les petits pots que vous connaissez, mais on laissera les petits d\u00e9gustateurs vous en convaincre.<\/span><\/p>\n<p>&nbsp;<\/p>\n<p><strong><span style=\"color: #000000;\">Vous trouverez les produits #commedespapas au rayon frais de votre magasin #grandesterresbio<\/span><\/strong><\/p>\n<p><strong><span style=\"color: #000000;\">&#8230; et en d\u00e9gustation exclusive le samedi 12 septembre 2015 de 9h \u00e0 14h<\/span><\/strong><\/p>\n<h6>Source : www;commedespapas.fr<\/h6>\n<h6>Cr\u00e9dit photo : #grandesterresbio<\/h6>\n<p>&nbsp;<\/p>\n<p>&nbsp;<\/p>\n<p>&nbsp;<\/p>\n<p>&nbsp;<\/p>\n","protected":false},"excerpt":{"rendered":"<p>Comme des papas ?\u00a0La\u00a0nouvelle marque en vente chez #grandesterresbio ! Une jeune entreprise bas\u00e9e dans le Loir et cher qui lance une nouvelle gamme de\u00a0nourriture bio pour les b\u00e9b\u00e9s et propose des petits pots sal\u00e9s et\u00a0sucr\u00e9s avec des ingr\u00e9dients de &hellip; <a href=\"https:\/\/claire-jannot.com\/?p=6442\">Continuer la lecture <span class=\"meta-nav\">&rarr;<\/span><\/a><\/p>\n","protected":false},"author":1,"featured_media":0,"comment_status":"open","ping_status":"open","sticky":false,"template":"","format":"standard","meta":{"jetpack_post_was_ever_published":false,"_jetpack_newsletter_access":"","_jetpack_dont_email_post_to_subs":false,"_jetpack_newsletter_tier_id":0,"_jetpack_memberships_contains_paywalled_content":false,"_jetpack_memberships_contains_paid_content":false,"footnotes":"","jetpack_publicize_message":"","jetpack_publicize_feature_enabled":true,"jetpack_social_post_already_shared":true,"jetpack_social_options":{"image_generator_settings":{"template":"highway","default_image_id":0,"font":"","enabled":false},"version":2}},"categories":[2],"tags":[42,58,22,3,10],"class_list":["post-6442","post","type-post","status-publish","format-standard","hentry","category-ecologie","tag-agriculture","tag-alimentation-2","tag-biologique","tag-consommation","tag-sante"],"jetpack_publicize_connections":[],"jetpack_featured_media_url":"","jetpack_sharing_enabled":true,"jetpack_shortlink":"https:\/\/wp.me\/p5jjt5-1FU","_links":{"self":[{"href":"https:\/\/claire-jannot.com\/index.php?rest_route=\/wp\/v2\/posts\/6442","targetHints":{"allow":["GET"]}}],"collection":[{"href":"https:\/\/claire-jannot.com\/index.php?rest_route=\/wp\/v2\/posts"}],"about":[{"href":"https:\/\/claire-jannot.com\/index.php?rest_route=\/wp\/v2\/types\/post"}],"author":[{"embeddable":true,"href":"https:\/\/claire-jannot.com\/index.php?rest_route=\/wp\/v2\/users\/1"}],"replies":[{"embeddable":true,"href":"https:\/\/claire-jannot.com\/index.php?rest_route=%2Fwp%2Fv2%2Fcomments&post=6442"}],"version-history":[{"count":9,"href":"https:\/\/claire-jannot.com\/index.php?rest_route=\/wp\/v2\/posts\/6442\/revisions"}],"predecessor-version":[{"id":6458,"href":"https:\/\/claire-jannot.com\/index.php?rest_route=\/wp\/v2\/posts\/6442\/revisions\/6458"}],"wp:attachment":[{"href":"https:\/\/claire-jannot.com\/index.php?rest_route=%2Fwp%2Fv2%2Fmedia&parent=6442"}],"wp:term":[{"taxonomy":"category","embeddable":true,"href":"https:\/\/claire-jannot.com\/index.php?rest_route=%2Fwp%2Fv2%2Fcategories&post=6442"},{"taxonomy":"post_tag","embeddable":true,"href":"https:\/\/claire-jannot.com\/index.php?rest_route=%2Fwp%2Fv2%2Ftags&post=6442"}],"curies":[{"name":"wp","href":"https:\/\/api.w.org\/{rel}","templated":true}]}}