{"id":6459,"date":"2015-09-13T12:22:52","date_gmt":"2015-09-13T11:22:52","guid":{"rendered":"http:\/\/www.grandesterresbio.com\/?p=6459"},"modified":"2015-09-13T12:22:52","modified_gmt":"2015-09-13T11:22:52","slug":"quels-cosmetiques-utiliser-pendant-la-grossesse","status":"publish","type":"post","link":"https:\/\/claire-jannot.com\/?p=6459","title":{"rendered":"Quels cosm\u00e9tiques utiliser pendant la grossesse ?"},"content":{"rendered":"<h2><span style=\"color: #000000;\">La grossesse\u00a0est une p\u00e9riode d\u00e9licate durant laquelle il faut faire attention \u00e0 son alimentation, mais aussi aux cosm\u00e9tiques utilis\u00e9s. Petit tour d\u2019horizon de chaque gamme de produits de beaut\u00e9 et des principaux conseils. Parce qu\u2019une future maman avertie en vaut deux !<\/span><\/h2>\n<p><span style=\"color: #000000;\"><a style=\"color: #000000;\" href=\"http:\/\/www.grandesterresbio.com\/wp-content\/uploads\/2015\/09\/Tadelakt_baignoire_en_chaux.jpe\"><img loading=\"lazy\" decoding=\"async\" class=\"alignleft  wp-image-6460\" src=\"http:\/\/www.grandesterresbio.com\/wp-content\/uploads\/2015\/09\/Tadelakt_baignoire_en_chaux.jpe\" alt=\"Tadelakt\" width=\"386\" height=\"366\" srcset=\"https:\/\/claire-jannot.com\/wp-content\/uploads\/2015\/09\/Tadelakt_baignoire_en_chaux.jpe 528w, https:\/\/claire-jannot.com\/wp-content\/uploads\/2015\/09\/Tadelakt_baignoire_en_chaux-300x285.jpe 300w\" sizes=\"auto, (max-width: 386px) 100vw, 386px\" \/><\/a><strong>Vous \u00eates enceinte ?<\/strong> Au rayon \u00ab cosm\u00e9tiques \u00bb, <strong>lisez bien les \u00e9tiquettes.<\/strong> En effet, le passage de la m\u00e8re au f\u0153tus de substances nocives pr\u00e9sentes dans les cosm\u00e9tiques, est aujourd\u2019hui av\u00e9r\u00e9. <strong>\u00c9vitez donc au maximum les produits renfermant des parabens, des phtalates\u00a0et autres dioxyde de titane.<\/strong><\/span><\/p>\n<p><span style=\"color: #000000;\">Choisir les huiles min\u00e9rales et gels douche.\u00a0Les parabens entrent ainsi dans la composition des <strong>huiles min\u00e9rales<\/strong>. Pour les \u00e9viter, privil\u00e9giez une <strong>huile v\u00e9g\u00e9tale comme l\u2019argan ou le jojoba<\/strong>, en prenant garde aux allergies\u00a0possibles. Vous pouvez \u00e9galement opter pour des <strong>eaux florales de type \u00a0\u00ab\u00a0eau de rose \u00bb ou de \u00ab fleur d\u2019oranger \u00bb.<\/strong><\/span><\/p>\n<p><span style=\"color: #000000;\">Concernant les gels\u00a0douche et les savons de toilette intime, pr\u00e9f\u00e9rez-leur <strong>les savons d\u2019Alep, de Marseille ou \u00e0 base v\u00e9g\u00e9tale bio.<\/strong> Pour les\u00a0shampoings, choisissez un produit sans parfum, ni paraben.\u00a0En ce qui concerne les dentifrices et les produits buccodentaires, \u00e9vitez ceux qui renferment du <strong>triclosan.<\/strong> <strong>Cet antibact\u00e9rien allerg\u00e8ne\u00a0et irritant perturbe le syst\u00e8me hormonal.<\/strong> De plus, sachez que la\u00a0muqueuse\u00a0buccale est deux fois plus absorbante que la peau. D\u2019o\u00f9 l\u2019importance de choisir par exemple un <strong>dentifrice \u00e9colabellis\u00e9.<\/strong><\/span><\/p>\n<p><span style=\"font-weight: 400; color: #000000;\">Pour les d\u00e9odorants\u00a0et les anti-transpirants, privil\u00e9giez aussi le <strong>\u00ab naturel \u00bb (pierre d\u2019Alun\u2026).<\/strong> Et souvenez-vous de quelques astuces comme le fait que s\u2019\u00e9piler les aisselles permet de limiter leur utilisation.<\/span><\/p>\n<p><span style=\"font-weight: 400; color: #000000;\">Pour les produits de maquillage enfin, privil\u00e9giez ceux \u00e0 base de <strong>pigments naturels.<\/strong> En revanche, ne succombez pas \u00e0 la tentation des teintures pour cheveux. Elles contiennent g\u00e9n\u00e9ralement de nombreux toxiques. Ainsi, <strong>pour vos cosm\u00e9tiques, \u00e9pluchez les \u00e9tiquettes et demandez conseil \u00e0 votre magasin bio pr\u00e9f\u00e9r\u00e9 : rendez-vous chez #grandesterresbio !!!<\/strong><\/span><\/p>\n<p>&nbsp;<\/p>\n<h6><span style=\"font-weight: 400; color: #000000;\">Source\u00a0: Futura-sciences<\/span><\/h6>\n<h6><span style=\"color: #000000;\">Cr\u00e9dit photo :\u00a0Par Les styles de verone (Travail personnel) [CC BY-SA 3.0 (http:\/\/creativecommons.org\/licenses\/by-sa\/3.0)], via Wikimedia Commons<\/span><\/h6>\n<p>&nbsp;<\/p>\n<p>&nbsp;<\/p>\n<p>&nbsp;<\/p>\n","protected":false},"excerpt":{"rendered":"<p>La grossesse\u00a0est une p\u00e9riode d\u00e9licate durant laquelle il faut faire attention \u00e0 son alimentation, mais aussi aux cosm\u00e9tiques utilis\u00e9s. Petit tour d\u2019horizon de chaque gamme de produits de beaut\u00e9 et des principaux conseils. Parce qu\u2019une future maman avertie en vaut &hellip; <a href=\"https:\/\/claire-jannot.com\/?p=6459\">Continuer la lecture <span class=\"meta-nav\">&rarr;<\/span><\/a><\/p>\n","protected":false},"author":1,"featured_media":0,"comment_status":"open","ping_status":"open","sticky":false,"template":"","format":"standard","meta":{"jetpack_post_was_ever_published":false,"_jetpack_newsletter_access":"","_jetpack_dont_email_post_to_subs":false,"_jetpack_newsletter_tier_id":0,"_jetpack_memberships_contains_paywalled_content":false,"_jetpack_memberships_contains_paid_content":false,"footnotes":"","jetpack_publicize_message":"","jetpack_publicize_feature_enabled":true,"jetpack_social_post_already_shared":true,"jetpack_social_options":{"image_generator_settings":{"template":"highway","default_image_id":0,"font":"","enabled":false},"version":2}},"categories":[2],"tags":[3,57,10],"class_list":["post-6459","post","type-post","status-publish","format-standard","hentry","category-ecologie","tag-consommation","tag-cosmetiques","tag-sante"],"jetpack_publicize_connections":[],"jetpack_featured_media_url":"","jetpack_sharing_enabled":true,"jetpack_shortlink":"https:\/\/wp.me\/p5jjt5-1Gb","_links":{"self":[{"href":"https:\/\/claire-jannot.com\/index.php?rest_route=\/wp\/v2\/posts\/6459","targetHints":{"allow":["GET"]}}],"collection":[{"href":"https:\/\/claire-jannot.com\/index.php?rest_route=\/wp\/v2\/posts"}],"about":[{"href":"https:\/\/claire-jannot.com\/index.php?rest_route=\/wp\/v2\/types\/post"}],"author":[{"embeddable":true,"href":"https:\/\/claire-jannot.com\/index.php?rest_route=\/wp\/v2\/users\/1"}],"replies":[{"embeddable":true,"href":"https:\/\/claire-jannot.com\/index.php?rest_route=%2Fwp%2Fv2%2Fcomments&post=6459"}],"version-history":[{"count":2,"href":"https:\/\/claire-jannot.com\/index.php?rest_route=\/wp\/v2\/posts\/6459\/revisions"}],"predecessor-version":[{"id":6462,"href":"https:\/\/claire-jannot.com\/index.php?rest_route=\/wp\/v2\/posts\/6459\/revisions\/6462"}],"wp:attachment":[{"href":"https:\/\/claire-jannot.com\/index.php?rest_route=%2Fwp%2Fv2%2Fmedia&parent=6459"}],"wp:term":[{"taxonomy":"category","embeddable":true,"href":"https:\/\/claire-jannot.com\/index.php?rest_route=%2Fwp%2Fv2%2Fcategories&post=6459"},{"taxonomy":"post_tag","embeddable":true,"href":"https:\/\/claire-jannot.com\/index.php?rest_route=%2Fwp%2Fv2%2Ftags&post=6459"}],"curies":[{"name":"wp","href":"https:\/\/api.w.org\/{rel}","templated":true}]}}