{"id":6468,"date":"2015-09-15T14:39:17","date_gmt":"2015-09-15T13:39:17","guid":{"rendered":"http:\/\/www.grandesterresbio.com\/?p=6468"},"modified":"2015-09-14T14:48:27","modified_gmt":"2015-09-14T13:48:27","slug":"asthme-la-solution-est-a-la-ferme","status":"publish","type":"post","link":"https:\/\/claire-jannot.com\/?p=6468","title":{"rendered":"Asthme : La solution est \u00e0 la ferme !"},"content":{"rendered":"<h2><b><\/b><span style=\"color: #000000;\">Les enfants grandissant \u00e0 la ferme sont peu sujets aux allergies et \u00e0 l\u2019asthme. En contact avec la poussi\u00e8re, le corps humain produirait en effet une prot\u00e9ine, appel\u00e9e A20, assurant une protection, selon des chercheurs belges.<\/span><\/h2>\n<p>&nbsp;<\/p>\n<p><span style=\"color: #000000;\"><span style=\"font-weight: 400;\"><a style=\"color: #000000;\" href=\"https:\/\/i0.wp.com\/www.grandesterresbio.com\/wp-content\/uploads\/2015\/09\/800px-Basse-cour_d%C3%A9levage.jpg\"><img data-recalc-dims=\"1\" loading=\"lazy\" decoding=\"async\" class=\"alignleft  wp-image-6469\" src=\"https:\/\/i0.wp.com\/www.grandesterresbio.com\/wp-content\/uploads\/2015\/09\/800px-Basse-cour_d%C3%A9levage.jpg?resize=392%2C303\" alt=\"800px-Basse-cour_d'\u00e9levage\" width=\"392\" height=\"303\" srcset=\"https:\/\/i0.wp.com\/claire-jannot.com\/wp-content\/uploads\/2015\/09\/800px-Basse-cour_d%C3%A9levage.jpg?w=637&amp;ssl=1 637w, https:\/\/i0.wp.com\/claire-jannot.com\/wp-content\/uploads\/2015\/09\/800px-Basse-cour_d%C3%A9levage.jpg?resize=300%2C232&amp;ssl=1 300w\" sizes=\"auto, (max-width: 392px) 100vw, 392px\" \/><\/a><\/span><\/span><span style=\"font-weight: 400;\">\u00ab \u00c0 ce stade, nous avons mis en \u00e9vidence <strong>un lien entre la poussi\u00e8re dans les fermes et la protection contre l\u2019asthme\u00a0et les allergies<\/strong>\u00a0\u00bb<\/span><span style=\"font-weight: 400;\">, a expliqu\u00e9 <strong>Bart Lambrecht<\/strong>, professeur de m\u00e9decine pulmonaire \u00e0 l\u2019universit\u00e9 de Gand, en Belgique.\u00a0<\/span><span style=\"font-weight: 400;\">\u00ab Pour ce faire, nous avons expos\u00e9 des souris \u00e0 de la poussi\u00e8re pr\u00e9lev\u00e9e dans des fermes\u00a0en Allemagne et en Suisse. Les tests ont ensuite r\u00e9v\u00e9l\u00e9 que ces souris \u00e9taient <strong>totalement prot\u00e9g\u00e9es contre l\u2019allergie\u00a0aux acariens, le cas d\u2019allergie\u00a0le plus courant chez les humains<\/strong> \u00bb<\/span><span style=\"font-weight: 400;\">, a-t-il poursuivi.<\/span><\/p>\n<p><span style=\"color: #000000;\"><span style=\"font-weight: 400;\">Plus pr\u00e9cis\u00e9ment, l\u2019\u00e9tude, publi\u00e9e dans la revue <\/span><span style=\"font-weight: 400;\">Science<\/span><span style=\"font-weight: 400;\">, a montr\u00e9 que <strong>la poussi\u00e8re\u00a0<\/strong><\/span><strong>\u00ab rend la muqueuse\u00a0des voies respiratoires moins r\u00e9active aux allerg\u00e8nes\u00a0comme les acariens\u00a0\u00bb<\/strong><span style=\"font-weight: 400;\">\u00a0en raison d\u2019une <strong>prot\u00e9ine\u00a0baptis\u00e9e A20.<\/strong> Le corps humain produit naturellement cette prot\u00e9ine lorsqu\u2019il se trouve en contact avec la poussi\u00e8re dans une ferme.<\/span><\/span><\/p>\n<p><span style=\"color: #000000;\">Retrouver la substance active pour d\u00e9velopper des traitements .\u00a0<span style=\"font-weight: 400;\">Les chercheurs ont examin\u00e9 <strong>un groupe de 2.000 personnes qui avaient grandi \u00e0 la ferme<\/strong> et constat\u00e9 que la grande majorit\u00e9 n\u2019\u00e9tait pas encline aux allergies\u00a0ou \u00e0 l\u2019asthme. Le reste souffrait d\u2019une <strong>carence en prot\u00e9ine A20<\/strong>. Ceux qui d\u00e9veloppent des allergies\u00a0<\/span><span style=\"font-weight: 400;\">\u00ab ont une variation g\u00e9n\u00e9tique\u00a0du g\u00e8ne\u00a0A20 qui entra\u00eene une d\u00e9faillance de la prot\u00e9ine A20 \u00bb<\/span><span style=\"font-weight: 400;\">, selon Bart Lambrecht.<\/span><\/span><\/p>\n<p><span style=\"color: #000000;\"><span style=\"font-weight: 400;\">La prochaine \u00e9tape pour les chercheurs est de trouver la substance active dans la poussi\u00e8re qui apporte cette protection, de mani\u00e8re \u00e0 pouvoir <strong>d\u00e9velopper des traitements pr\u00e9ventifs contre l\u2019asthme<\/strong>.\u00a0<\/span><span style=\"font-weight: 400;\">\u00ab Nous avan\u00e7ons dans la bonne direction pour d\u00e9velopper <strong>un vaccin contre l\u2019asthme\u00a0et des traitements contre les allergies<\/strong> [&#8230;] mais plusieurs ann\u00e9es de recherche seront n\u00e9cessaires avant qu\u2019ils ne soient disponibles pour les patients \u00bb<\/span><span style=\"font-weight: 400;\">, a avanc\u00e9 <strong>Hamida Hammad<\/strong>, \u00e9galement professeure \u00e0 l\u2019universit\u00e9 de Gand.<\/span><\/span><\/p>\n<h6><span style=\"color: #000000;\">Source : Le 09\/09\/2015 &#8211; Futura-sciences &#8211;\u00a0AFP<\/span><\/h6>\n<h6><span style=\"color: #000000;\">Cr\u00e9dit photo :\u00a0Par Carnage 2000 (Travail personnel) [CC BY-SA 3.0 (http:\/\/creativecommons.org\/licenses\/by-sa\/3.0)], via Wikimedia Commons<\/span><\/h6>\n","protected":false},"excerpt":{"rendered":"<p>Les enfants grandissant \u00e0 la ferme sont peu sujets aux allergies et \u00e0 l\u2019asthme. En contact avec la poussi\u00e8re, le corps humain produirait en effet une prot\u00e9ine, appel\u00e9e A20, assurant une protection, selon des chercheurs belges. &nbsp; \u00ab \u00c0 ce &hellip; <a href=\"https:\/\/claire-jannot.com\/?p=6468\">Continuer la lecture <span class=\"meta-nav\">&rarr;<\/span><\/a><\/p>\n","protected":false},"author":1,"featured_media":0,"comment_status":"open","ping_status":"open","sticky":false,"template":"","format":"standard","meta":{"jetpack_post_was_ever_published":false,"_jetpack_newsletter_access":"","_jetpack_dont_email_post_to_subs":false,"_jetpack_newsletter_tier_id":0,"_jetpack_memberships_contains_paywalled_content":false,"_jetpack_memberships_contains_paid_content":false,"footnotes":"","jetpack_publicize_message":"","jetpack_publicize_feature_enabled":true,"jetpack_social_post_already_shared":true,"jetpack_social_options":{"image_generator_settings":{"template":"highway","default_image_id":0,"font":"","enabled":false},"version":2}},"categories":[2],"tags":[5,27,10],"class_list":["post-6468","post","type-post","status-publish","format-standard","hentry","category-ecologie","tag-environnement","tag-insolite","tag-sante"],"jetpack_publicize_connections":[],"jetpack_featured_media_url":"","jetpack_sharing_enabled":true,"jetpack_shortlink":"https:\/\/wp.me\/p5jjt5-1Gk","_links":{"self":[{"href":"https:\/\/claire-jannot.com\/index.php?rest_route=\/wp\/v2\/posts\/6468","targetHints":{"allow":["GET"]}}],"collection":[{"href":"https:\/\/claire-jannot.com\/index.php?rest_route=\/wp\/v2\/posts"}],"about":[{"href":"https:\/\/claire-jannot.com\/index.php?rest_route=\/wp\/v2\/types\/post"}],"author":[{"embeddable":true,"href":"https:\/\/claire-jannot.com\/index.php?rest_route=\/wp\/v2\/users\/1"}],"replies":[{"embeddable":true,"href":"https:\/\/claire-jannot.com\/index.php?rest_route=%2Fwp%2Fv2%2Fcomments&post=6468"}],"version-history":[{"count":3,"href":"https:\/\/claire-jannot.com\/index.php?rest_route=\/wp\/v2\/posts\/6468\/revisions"}],"predecessor-version":[{"id":6472,"href":"https:\/\/claire-jannot.com\/index.php?rest_route=\/wp\/v2\/posts\/6468\/revisions\/6472"}],"wp:attachment":[{"href":"https:\/\/claire-jannot.com\/index.php?rest_route=%2Fwp%2Fv2%2Fmedia&parent=6468"}],"wp:term":[{"taxonomy":"category","embeddable":true,"href":"https:\/\/claire-jannot.com\/index.php?rest_route=%2Fwp%2Fv2%2Fcategories&post=6468"},{"taxonomy":"post_tag","embeddable":true,"href":"https:\/\/claire-jannot.com\/index.php?rest_route=%2Fwp%2Fv2%2Ftags&post=6468"}],"curies":[{"name":"wp","href":"https:\/\/api.w.org\/{rel}","templated":true}]}}