{"id":6474,"date":"2015-09-18T19:09:53","date_gmt":"2015-09-18T18:09:53","guid":{"rendered":"http:\/\/www.grandesterresbio.com\/?p=6474"},"modified":"2015-09-18T19:09:54","modified_gmt":"2015-09-18T18:09:54","slug":"jardin-faut-il-assassiner-les-limaces","status":"publish","type":"post","link":"https:\/\/claire-jannot.com\/?p=6474","title":{"rendered":"Jardin : Faut-il assassiner les limaces ?"},"content":{"rendered":"<h2><span style=\"font-weight: 400;\"><span style=\"color: #000000;\">Avec la pluie les limaces reviennent, faut-il ou non les \u00e9radiquer\u00a0?<\/span><\/span><\/h2>\n<p><span style=\"font-weight: 400; color: #000000;\"><a style=\"color: #000000;\" href=\"https:\/\/i0.wp.com\/www.grandesterresbio.com\/wp-content\/uploads\/2015\/09\/Limace.jpg\"><img data-recalc-dims=\"1\" loading=\"lazy\" decoding=\"async\" class=\"alignleft  wp-image-6475\" src=\"https:\/\/i0.wp.com\/www.grandesterresbio.com\/wp-content\/uploads\/2015\/09\/Limace.jpg?resize=309%2C309\" alt=\"Limace\" width=\"309\" height=\"309\" srcset=\"https:\/\/i0.wp.com\/claire-jannot.com\/wp-content\/uploads\/2015\/09\/Limace.jpg?w=1400&amp;ssl=1 1400w, https:\/\/i0.wp.com\/claire-jannot.com\/wp-content\/uploads\/2015\/09\/Limace.jpg?resize=150%2C150&amp;ssl=1 150w, https:\/\/i0.wp.com\/claire-jannot.com\/wp-content\/uploads\/2015\/09\/Limace.jpg?resize=300%2C300&amp;ssl=1 300w, https:\/\/i0.wp.com\/claire-jannot.com\/wp-content\/uploads\/2015\/09\/Limace.jpg?resize=1024%2C1024&amp;ssl=1 1024w, https:\/\/i0.wp.com\/claire-jannot.com\/wp-content\/uploads\/2015\/09\/Limace.jpg?w=1280 1280w\" sizes=\"auto, (max-width: 309px) 100vw, 309px\" \/><\/a><strong>C\u2019est le d\u00e9but de la fin de l\u2019\u00e9t\u00e9, les pluies douchent la France et ses jardins.<\/strong> Les limaces jusque l\u00e0 cach\u00e9es taquinent maintenant les laitues et les choux. Du coup, la majorit\u00e9 des jardiniers du pays se creusent la t\u00eate pour essayer de les assassiner.<\/span><\/p>\n<p><span style=\"font-weight: 400; color: #000000;\">Il y a les bourrins, qui utilisent\u00a0nombre de produits chimiques. Les plus bio appliquent des m\u00e9thodes aussi \u00e9tonnantes qu\u2019efficaces qu\u2019on surnommera <strong>la m\u00e9thode du pi\u00e8ge \u00e0 bi\u00e8re, \u00a0la m\u00e9thode de la planche \u00e0 retourner\u00a0(dite aussi m\u00e9thode de Papy Maurice) ou encore la m\u00e9thode de la cendre.\u00a0<\/strong>Les plus geeks r\u00eavent eux\u00a0de robots capables de d\u00e9tecter les limaces et de les transformer en source d\u2019\u00e9nergie.<\/span><\/p>\n<p><span style=\"font-weight: 400;\">Herv\u00e9 Coves, ing\u00e9nieur agronome \u00e0 la chambre d\u2019agriculture de Corr\u00e8ze, raconte\u00a0dans une tr\u00e8s belle vid\u00e9o comment <strong>\u00ab\u00a0g\u00e9rer\u00a0\u00bb<\/strong> les limaces sans les tuer. Il commence par quelques phrases bien senties, du style\u00a0<\/span><b>:\u00ab\u00a0Si on est oblig\u00e9 d\u2019assassiner quelque chose pour vivre, c\u2019est qu\u2019il y a un probl\u00e8me.\u00a0\u00bb<\/b><\/p>\n<p>Puis il nous raconte la tr\u00e8s int\u00e9ressante histoire d\u2019un sp\u00e9cialiste de la truffe (si si, c\u2019est tr\u00e8s int\u00e9ressant), <strong>Albert Verlhac<\/strong>, qui date des ann\u00e9es 80\u00a0et je vous r\u00e9sume ici\u00a0:<\/p>\n<p><strong><span style=\"color: #000000;\">\u00ab\u00a0[Albert Verlhac] a constat\u00e9 que sa production (&#8230;) payait un tr\u00e8s lourd tribut aux limaces. Donc il a mis en place un essai, avec des zones sur lesquelles il a essay\u00e9 des produits chimiques, d\u2019autres o\u00f9 il a essay\u00e9 des pi\u00e8ges \u00e0 la bi\u00e8re, et puis bien s\u00fbr des zones t\u00e9moins dans lesquelles il n\u2019a rien fait. (&#8230;) R\u00e9sultat des op\u00e9rations\u00a0: une r\u00e9colte de truffes extraordinaires dans toutes les zones trait\u00e9es et dans la zone non trait\u00e9e une r\u00e9colte comme d\u2019habitude avec de belles truffes toutes perc\u00e9es, trou\u00e9es, entam\u00e9es. (&#8230;)<\/span><\/strong><\/p>\n<p><span style=\"font-weight: 400; color: #000000;\">Sauf que l\u2019ann\u00e9e d\u2019apr\u00e8s, y a plus eu de truffes du tout dans toutes les zones o\u00f9 il n\u2019y avait plus de limaces. Sans limaces, pas de truffes.\u00a0<\/span><span style=\"font-weight: 400; color: #000000;\">L\u2019analyse de ce qui s\u2019est pass\u00e9, on l\u2019a eue r\u00e9cemment, par un chercheur de Limoges. <strong>Les limaces ont une esp\u00e8ce de r\u00e2pe dans leur bouche, qu\u2019on appelle radula.<\/strong>\u00a0Avec \u00e7a, elles broient la truffe, puis elles l\u2019avalent, les spores des truffes ne sont pas dig\u00e9r\u00e9es. La limace fait ensuite de gros cacas visqueux \u00e0 la surface du sol et il se trouve qu\u2019un autre animal est tr\u00e8s int\u00e9ress\u00e9 par ce caca, ce sont les vers de terre. Ils vont le manger, le m\u00e9langer \u00e0 la terre dans leur syst\u00e8me digestif puis \u00e7a fait de petits turricules\u00a0qu\u2019on voit \u00e0 la surface du sol dans lequel \u00e9norm\u00e9ment de bact\u00e9ries arrivent \u00e0 se d\u00e9velopper, et dans lequel les truffes arrivent \u00e0 na\u00eetre.\u00a0\u00bb<\/span><\/p>\n<p><strong><span style=\"color: #000000;\">Supprimer la limace menace \u00e0 terme l\u2019\u00e9quilibre d\u2019un \u00e9cosyst\u00e8me. OK. Mais si on ne fait rien, toutes nos laitues vos \u00eatre mang\u00e9es, non\u00a0?<\/span><\/strong><\/p>\n<p><span style=\"font-weight: 400; color: #000000;\">Pas forc\u00e9ment, si on l\u2019en croit Gilbert Cardon, ce Belge qui avec sa femme a r\u00e9ussi \u00e0 faire pousser une for\u00eat comestible\u00a0dans son jardin. En juin, il nous expliquait\u00a0:<\/span><\/p>\n<p><span style=\"font-weight: 400; color: #000000;\"><strong>\u00ab\u00a0Un bon jardinier doit \u00eatre paresseux\u00a0(&#8230;). Si on s\u2019active trop d\u00e8s qu\u2019on voit un probl\u00e8me, on n\u2019a pas le temps de comprendre le probl\u00e8me et il va toujours revenir.<\/strong> Par exemple, si des pucerons cendr\u00e9s s\u2019attaquent aux choux, y a des gens qui vont retirer tout de suite le chou malade. Mais le lendemain, ils vont se rendre compte qu\u2019un autre chou est attaqu\u00e9. Alors que si on ne fait rien, le premier chou sera bouff\u00e9 en entier, pendant ce temps-l\u00e0, les autres choux vont se renforcer et les pucerons les boufferont pas. Mais \u00e7a, c\u2019est dur \u00e0 faire comprendre aux gens, qu\u2019il faut rien faire.\u00a0\u00bb<\/span><\/p>\n<p><span style=\"font-weight: 400; color: #000000;\">Il faut tout de m\u00eame pr\u00e9ciser que <strong>cette th\u00e9orie fonctionne bien dans un \u00e9cosyst\u00e8me o\u00f9 r\u00e8gne suffisamment de biodiversit\u00e9.<\/strong> Pour ce faire, Herv\u00e9 Coves propose dans la m\u00eame vid\u00e9o d\u2019apporter du bois en d\u00e9composition dans son jardin. Ce bois va attirer des champignons et des insectes capables de \u00ab\u00a0dig\u00e9rer\u00a0\u00bb les v\u00e9g\u00e9taux, comme les collemboles.\u00a0<\/span><span style=\"font-weight: 400; color: #000000;\">Autant de <strong>concurrents pour les limaces<\/strong> qui vont de ce fait \u00eatre naturellement limit\u00e9es dans leur expansion. Cet \u00e9cosyst\u00e8me riche va m\u00eame, si tout va bien, attirer ensuite les pr\u00e9dateurs des limaces, notamment les oiseaux.<\/span><\/p>\n<p><span style=\"font-weight: 400; color: #000000;\">Par grande chance, c\u2019est ce qu\u2019il s\u2019est pass\u00e9 dans notre jardin. Les oiseaux sont venus d\u00e8s l\u2019automne. Puis, au printemps, j\u2019ai vu par exemple des <strong>carabes, ces insectes mangeurs de limaces<\/strong>, sur ma butte pleine de bois en d\u00e9composition. Mieux, nous avons d\u00e9couvert pendant l\u2019\u00e9t\u00e9 un nouveau pensionnaire dans notre jardin, que nous avons surnomm\u00e9 L\u00e9on le h\u00e9risson. Une belle incitation \u00e0 ne rien faire, non\u00a0?<\/span><\/p>\n<p><span style=\"font-weight: 400; color: #000000;\">Impossible de savoir comment il a pu rejoindre nos quelques m\u00e8tres carr\u00e9s de verdure coinc\u00e9s entre trois grandes routes et des barres d\u2019immeubles. En tout cas, nous n\u2019avons subi que tr\u00e8s peu d\u2019attaques de limaces. Et aucune d\u2019entre elles n\u2019a \u00e9t\u00e9 massacr\u00e9e dans la bi\u00e8re pendant l\u2019\u00e9criture de ce post de blog. Merci L\u00e9on\u00a0!<\/span><\/p>\n<p>&nbsp;<\/p>\n<p><strong><span style=\"color: #000000;\">N.B\u00a0: Pour ceux qui n\u2019ont pas la chance de recevoir la visite de h\u00e9rissons et de carabes, Herv\u00e9 Coves propose plusieurs astuces au cours de sa vid\u00e9o\u00a0:<\/span><\/strong><\/p>\n<p><strong><span style=\"color: #000000;\">Cr\u00e9er des zones ombrag\u00e9es et humides o\u00f9 l\u2019on pourra disposer des v\u00e9g\u00e9taux fraichement d\u00e9compos\u00e9s, qui attireront les limaces et les \u00e9loigneront de vos jeunes pousses.<\/span><\/strong><\/p>\n<p><strong><span style=\"color: #000000;\">Semer des engrais verts, dont raffolent les limaces.<\/span><\/strong><\/p>\n<p><strong><span style=\"color: #000000;\">Semer vos laitues dans des pots, et attendre qu\u2019ils soient assez r\u00e9sistants pour les repiquer au jardin.<\/span><\/strong><\/p>\n<h6><span style=\"color: #000000;\">Source : Rue89-Thibaut Schepman- 30\/08\/2015 (extraits)<\/span><\/h6>\n<h6><span style=\"color: #000000;\">Cr\u00e9dit photo :\u00a0By No machine readable author provided. Vibby~commonswiki assumed (based on copyright claims). [GFDL (http:\/\/www.gnu.org\/copyleft\/fdl.html), CC-BY-SA-3.0 (http:\/\/creativecommons.org\/licenses\/by-sa\/3.0\/) or CC BY-SA 2.5-2.0-1.0 (http:\/\/creativecommons.org\/licenses\/by-sa\/2.5-2.0-1.0)], via Wikimedia Commons<\/span><\/h6>\n","protected":false},"excerpt":{"rendered":"<p>Avec la pluie les limaces reviennent, faut-il ou non les \u00e9radiquer\u00a0? C\u2019est le d\u00e9but de la fin de l\u2019\u00e9t\u00e9, les pluies douchent la France et ses jardins. Les limaces jusque l\u00e0 cach\u00e9es taquinent maintenant les laitues et les choux. Du &hellip; <a href=\"https:\/\/claire-jannot.com\/?p=6474\">Continuer la lecture <span class=\"meta-nav\">&rarr;<\/span><\/a><\/p>\n","protected":false},"author":1,"featured_media":0,"comment_status":"open","ping_status":"open","sticky":false,"template":"","format":"standard","meta":{"jetpack_post_was_ever_published":false,"_jetpack_newsletter_access":"","_jetpack_dont_email_post_to_subs":false,"_jetpack_newsletter_tier_id":0,"_jetpack_memberships_contains_paywalled_content":false,"_jetpack_memberships_contains_paid_content":false,"footnotes":"","jetpack_publicize_message":"","jetpack_publicize_feature_enabled":true,"jetpack_social_post_already_shared":true,"jetpack_social_options":{"image_generator_settings":{"template":"highway","default_image_id":0,"font":"","enabled":false},"version":2}},"categories":[2],"tags":[42,4,5,21,48],"class_list":["post-6474","post","type-post","status-publish","format-standard","hentry","category-ecologie","tag-agriculture","tag-ecologie2","tag-environnement","tag-jardin","tag-vie-animale"],"jetpack_publicize_connections":[],"jetpack_featured_media_url":"","jetpack_sharing_enabled":true,"jetpack_shortlink":"https:\/\/wp.me\/p5jjt5-1Gq","_links":{"self":[{"href":"https:\/\/claire-jannot.com\/index.php?rest_route=\/wp\/v2\/posts\/6474","targetHints":{"allow":["GET"]}}],"collection":[{"href":"https:\/\/claire-jannot.com\/index.php?rest_route=\/wp\/v2\/posts"}],"about":[{"href":"https:\/\/claire-jannot.com\/index.php?rest_route=\/wp\/v2\/types\/post"}],"author":[{"embeddable":true,"href":"https:\/\/claire-jannot.com\/index.php?rest_route=\/wp\/v2\/users\/1"}],"replies":[{"embeddable":true,"href":"https:\/\/claire-jannot.com\/index.php?rest_route=%2Fwp%2Fv2%2Fcomments&post=6474"}],"version-history":[{"count":2,"href":"https:\/\/claire-jannot.com\/index.php?rest_route=\/wp\/v2\/posts\/6474\/revisions"}],"predecessor-version":[{"id":6477,"href":"https:\/\/claire-jannot.com\/index.php?rest_route=\/wp\/v2\/posts\/6474\/revisions\/6477"}],"wp:attachment":[{"href":"https:\/\/claire-jannot.com\/index.php?rest_route=%2Fwp%2Fv2%2Fmedia&parent=6474"}],"wp:term":[{"taxonomy":"category","embeddable":true,"href":"https:\/\/claire-jannot.com\/index.php?rest_route=%2Fwp%2Fv2%2Fcategories&post=6474"},{"taxonomy":"post_tag","embeddable":true,"href":"https:\/\/claire-jannot.com\/index.php?rest_route=%2Fwp%2Fv2%2Ftags&post=6474"}],"curies":[{"name":"wp","href":"https:\/\/api.w.org\/{rel}","templated":true}]}}