{"id":6521,"date":"2015-10-16T13:51:36","date_gmt":"2015-10-16T12:51:36","guid":{"rendered":"http:\/\/www.grandesterresbio.com\/?p=6521"},"modified":"2015-10-13T14:04:45","modified_gmt":"2015-10-13T13:04:45","slug":"laromatherapie-cest-aussi-pour-les-vaches","status":"publish","type":"post","link":"https:\/\/claire-jannot.com\/?p=6521","title":{"rendered":"L&rsquo;aromath\u00e9rapie : c&rsquo;est aussi pour les vaches !"},"content":{"rendered":"<h2><span style=\"font-weight: 400;\">Dans leurs fermes du Livradois-Forez, des \u00e9leveurs affichent une s\u00e9r\u00e9nit\u00e9 qui d\u00e9note en ces temps de maladie et de crise. Une des vertus, peut-\u00eatre, de l&rsquo;aromath\u00e9rapie qu&rsquo;ils pratiquent pour soigner leurs vaches laiti\u00e8res, une m\u00e9thode de plus en plus pris\u00e9e. <\/span><span style=\"font-weight: 400;\"><br \/>\n<\/span><\/h2>\n<div id=\"attachment_6522\" style=\"width: 433px\" class=\"wp-caption alignleft\"><a href=\"https:\/\/i0.wp.com\/www.grandesterresbio.com\/wp-content\/uploads\/2015\/10\/800px-Montbeliarde.jpg\"><img data-recalc-dims=\"1\" loading=\"lazy\" decoding=\"async\" aria-describedby=\"caption-attachment-6522\" class=\"wp-image-6522\" src=\"https:\/\/i0.wp.com\/www.grandesterresbio.com\/wp-content\/uploads\/2015\/10\/800px-Montbeliarde.jpg?resize=423%2C317\" alt=\"800px-Montbeliarde\" width=\"423\" height=\"317\" srcset=\"https:\/\/i0.wp.com\/claire-jannot.com\/wp-content\/uploads\/2015\/10\/800px-Montbeliarde.jpg?w=800&amp;ssl=1 800w, https:\/\/i0.wp.com\/claire-jannot.com\/wp-content\/uploads\/2015\/10\/800px-Montbeliarde.jpg?resize=300%2C225&amp;ssl=1 300w\" sizes=\"auto, (max-width: 423px) 100vw, 423px\" \/><\/a><p id=\"caption-attachment-6522\" class=\"wp-caption-text\">Montb\u00e9liarde au pr\u00e9<\/p><\/div>\n<p><strong>Lavande, eucalyptus, raisin d&rsquo;Am\u00e9rique: dans l&rsquo;armoire \u00e0 pharmacie de Ren\u00e9 Morane, install\u00e9 \u00e0 Cham\u00e9ane (Puy-de-D\u00f4me), <\/strong>les flacons d&rsquo;<strong>huiles essentielles et les tubes de granules hom\u00e9opathiques<\/strong> ont en partie remplac\u00e9 les m\u00e9dicaments \u00e0 base de mol\u00e9cules de synth\u00e8se.<\/p>\n<p><span style=\"font-weight: 400;\"><br \/>\n<\/span><span style=\"font-weight: 400;\">Chacune de ses 50 Prim&rsquo;holsteins et autres crois\u00e9es normandes et montb\u00e9liardes a droit \u00e0 un traitement personnalis\u00e9. Une douleur \u00e0 l&rsquo;arri\u00e8re-train ? L&rsquo;\u00e9leveur administre sur l&rsquo;\u00e9pi dorsal de l&rsquo;animal cinquante gouttes de <strong>ravensare, une plante de Madagascar reconnue pour ses bienfaits toniques et musculaires.<\/strong> Une infection mesur\u00e9e lors d&rsquo;un contr\u00f4le laitier ? Ce sera une cure de <strong>150 ml d&rsquo;huile de foie de poissons et d&rsquo;oligo-\u00e9l\u00e9ments pendant cinq jours, \u00e0 titre pr\u00e9ventif.<\/strong><\/span><span style=\"font-weight: 400;\"><br \/>\n<\/span><span style=\"font-weight: 400;\"><br \/>\n<\/span><span style=\"font-weight: 400;\">Sans compter la protection des pis \u00ab\u00a0contre les bact\u00e9ries\u00a0\u00bb, en les trempant quotidiennement apr\u00e8s la traite m\u00e9canique dans une texture aux fortes effluves de<strong> romarin cin\u00e9ole<\/strong> notamment.<\/span><span style=\"font-weight: 400;\"><br \/>\n<\/span><span style=\"font-weight: 400;\"><strong>Objectif: stimuler le syst\u00e8me immunitaire du cheptel.<\/strong> \u00ab\u00a0Il faut que nos b\u00eates soient en forme pour pouvoir r\u00e9pondre naturellement aux diff\u00e9rentes agressions qu&rsquo;elles peuvent subir\u00a0\u00bb, explique<strong> l&rsquo;\u00e9leveur auvergnat, converti au bio \u00e0 la fin des ann\u00e9es 1990.<\/strong><\/span><span style=\"font-weight: 400;\"><br \/>\n<\/span><\/p>\n<p><span style=\"font-weight: 400;\">\u00ab\u00a0Le but n&rsquo;est pas de les mettre dans un cocon pour qu&rsquo;elles n&rsquo;aient aucune maladie. <strong>Contrairement \u00e0 l&rsquo;\u00e9levage conventionnel, on ne traite pas parasite par parasite. Nos vaches, elles vivent avec et s&rsquo;immunisent petit \u00e0 petit\u00a0\u00bb<\/strong>, poursuit son associ\u00e9, Anthony Paulet.<\/span><span style=\"font-weight: 400;\"><br \/>\n<\/span><strong>Loin d&rsquo;\u00eatre un \u00ab\u00a0rem\u00e8de miracle\u00a0\u00bb, les huiles essentielles apportent selon eux des r\u00e9sultats suffisamment \u00ab\u00a0probants\u00a0\u00bb pour diminuer le recours \u00e0 l&rsquo;allopathie et au v\u00e9t\u00e9rinaire.<\/strong><span style=\"font-weight: 400;\"><br \/>\n<\/span><span style=\"font-weight: 400;\">Dans ce contexte,<strong> l&rsquo;\u00e9pizootie de fi\u00e8vre catarrhale ovine (FCO), dite maladie de la langue bleue, qui s\u00e9vit actuellement dans le Massif Central, en plus des difficult\u00e9s financi\u00e8res de la fili\u00e8re, ne semble gu\u00e8re les inqui\u00e9ter.<\/strong> Tout comme Dominique Viallard, avec qui Ren\u00e9 Morane a fond\u00e9 une laiterie artisanale \u00e0 Saint-G\u00e8nes-la-Tourette, pr\u00e8s de leurs exploitations.<\/span><span style=\"font-weight: 400;\"><br \/>\n<\/span><span style=\"font-weight: 400;\">\u00ab\u00a0La fi\u00e8vre est d\u00e9j\u00e0 pass\u00e9e dans mon troupeau il y a quelques ann\u00e9es: mes vaches avaient des cro\u00fbtes sur les mamelles, ont eu quelques jours de fi\u00e8vre mais elles s&rsquo;en sont sorties, <strong>gr\u00e2ce peut-\u00eatre \u00e0 l&rsquo;immunit\u00e9<\/strong> qu&rsquo;on leur conf\u00e8re en ne les traitant pas syst\u00e9matiquement\u00a0\u00bb, raconte cet ancien vendeur d&rsquo;engrais chimiques, aujourd&rsquo;hui adepte des m\u00e9decines douces.<\/span><span style=\"font-weight: 400;\"><br \/>\n<\/span><span style=\"font-weight: 400;\">Mais pour en arriver l\u00e0, le trio a d\u00fb \u00ab\u00a0r\u00e9volutionner\u00a0\u00bb ses exploitations.\u00a0\u00bbOn n&rsquo;est pas des apprentis sorciers. <strong>Pour se lancer, il faut \u00eatre accompagn\u00e9 et suivre des protocoles bien pr\u00e9cis<\/strong>\u00ab\u00a0, assure l&rsquo;\u00e9leveur. \u00ab\u00a0Au d\u00e9but, on se grattait un peu la t\u00eate. On se demandait comment faire pour se passer des antibiotiques car c&rsquo;est parfois la facilit\u00e9\u00a0\u00bb, t\u00e9moigne Ren\u00e9.<\/span><span style=\"font-weight: 400;\"><br \/>\n<\/span><span style=\"font-weight: 400;\">Tous disent appr\u00e9hender leur m\u00e9tier de mani\u00e8re plus paisible. <strong>\u00ab\u00a0Moi, si je suis bien, les animaux sont bien avec moi\u00a0\u00bb<\/strong>, confie Ren\u00e9. \u00ab\u00a0Quand tu arrives le matin et que tu sais que tu ne vas pas avoir de soucis, cela te permet de travailler sereinement. Si tu sais par contre qu&rsquo;une vache est couch\u00e9e et que tu dois la traiter, tu ne peux pas bien le vivre.\u00a0\u00bb<\/span><span style=\"font-weight: 400;\"><br \/>\n<\/span><span style=\"font-weight: 400;\"><strong>Pionniers dans l&rsquo;utilisation de cette m\u00e9thode alternative, les \u00e9leveurs bio sont aujourd&rsquo;hui rejoints par bon nombre d&rsquo;agriculteurs dits \u00ab\u00a0conventionnels\u00a0\u00bb<\/strong>, soucieux de diminuer leur recours aux m\u00e9dicaments classiques.<\/span><span style=\"font-weight: 400;\"><br \/>\n<\/span><span style=\"font-weight: 400;\">\u00ab\u00a0Lorsque j&rsquo;ai commenc\u00e9 mes formations il y a 15 ans, <strong>85% de ceux qui les suivaient \u00e9taient dans le bio. Aujourd&rsquo;hui ils sont \u00e0 peine 2%<\/strong>\u00ab\u00a0, rel\u00e8ve le v\u00e9t\u00e9rinaire Gilles Grosmond, qui a form\u00e9 \u00e0 ce jour quelque <strong>15.000 personnes \u00e0 l&rsquo;aromadi\u00e9t\u00e9tique.<\/strong> \u00ab\u00a0Un vrai mouvement de fond soci\u00e9tal\u00a0\u00bb selon lui, <strong>les \u00e9leveurs ne voulant plus passer pour des \u00ab\u00a0empoisonneurs\u00a0\u00bb.<\/strong><\/span><span style=\"font-weight: 400;\"><br \/>\n<\/span><span style=\"font-weight: 400;\">Mais si la demande explose, le nombre de formations existantes reste <strong>marginal.<\/strong><\/span><span style=\"font-weight: 400;\"><br \/>\n<\/span><span style=\"font-weight: 400;\">\u00ab\u00a0Les pouvoirs publics pr\u00f4nent la lutte contre l&rsquo;antibio-r\u00e9sistance. Pourtant si l&rsquo;on veut changer quelque chose, il faut qu&rsquo;il y ait des v\u00e9t\u00e9rinaires, des conseillers en \u00e9levage, des professeurs dans les \u00e9coles d&rsquo;agriculture, form\u00e9s \u00e0 ces m\u00e9thodes\u00a0\u00bb, pr\u00f4ne M. Grosmond.<\/span><\/p>\n<h6>Source :\u00a0CHAM\u00c9ANE (France), 7 oct 2015 (AFP)<\/h6>\n<h6>Cr\u00e9dit photo : Par groms78 \u00a0[GFDL (http:\/\/www.gnu.org\/copyleft\/fdl.html) ou CC BY-SA 3.0 (http:\/\/creativecommons.org\/licenses\/by-sa\/3.0)], via Wikimedia Commons<\/h6>\n<p>&nbsp;<\/p>\n<p>&nbsp;<\/p>\n","protected":false},"excerpt":{"rendered":"<p>Dans leurs fermes du Livradois-Forez, des \u00e9leveurs affichent une s\u00e9r\u00e9nit\u00e9 qui d\u00e9note en ces temps de maladie et de crise. Une des vertus, peut-\u00eatre, de l&rsquo;aromath\u00e9rapie qu&rsquo;ils pratiquent pour soigner leurs vaches laiti\u00e8res, une m\u00e9thode de plus en plus pris\u00e9e. &hellip; <a href=\"https:\/\/claire-jannot.com\/?p=6521\">Continuer la lecture <span class=\"meta-nav\">&rarr;<\/span><\/a><\/p>\n","protected":false},"author":1,"featured_media":0,"comment_status":"open","ping_status":"open","sticky":false,"template":"","format":"standard","meta":{"jetpack_post_was_ever_published":false,"_jetpack_newsletter_access":"","_jetpack_dont_email_post_to_subs":false,"_jetpack_newsletter_tier_id":0,"_jetpack_memberships_contains_paywalled_content":false,"_jetpack_memberships_contains_paid_content":false,"footnotes":"","jetpack_publicize_message":"","jetpack_publicize_feature_enabled":true,"jetpack_social_post_already_shared":true,"jetpack_social_options":{"image_generator_settings":{"template":"highway","default_image_id":0,"font":"","enabled":false},"version":2}},"categories":[1,49],"tags":[42,58,3,10,48],"class_list":["post-6521","post","type-post","status-publish","format-standard","hentry","category-alimentation","category-vie-animale-2","tag-agriculture","tag-alimentation-2","tag-consommation","tag-sante","tag-vie-animale"],"jetpack_publicize_connections":[],"jetpack_featured_media_url":"","jetpack_sharing_enabled":true,"jetpack_shortlink":"https:\/\/wp.me\/p5jjt5-1Hb","_links":{"self":[{"href":"https:\/\/claire-jannot.com\/index.php?rest_route=\/wp\/v2\/posts\/6521","targetHints":{"allow":["GET"]}}],"collection":[{"href":"https:\/\/claire-jannot.com\/index.php?rest_route=\/wp\/v2\/posts"}],"about":[{"href":"https:\/\/claire-jannot.com\/index.php?rest_route=\/wp\/v2\/types\/post"}],"author":[{"embeddable":true,"href":"https:\/\/claire-jannot.com\/index.php?rest_route=\/wp\/v2\/users\/1"}],"replies":[{"embeddable":true,"href":"https:\/\/claire-jannot.com\/index.php?rest_route=%2Fwp%2Fv2%2Fcomments&post=6521"}],"version-history":[{"count":3,"href":"https:\/\/claire-jannot.com\/index.php?rest_route=\/wp\/v2\/posts\/6521\/revisions"}],"predecessor-version":[{"id":6525,"href":"https:\/\/claire-jannot.com\/index.php?rest_route=\/wp\/v2\/posts\/6521\/revisions\/6525"}],"wp:attachment":[{"href":"https:\/\/claire-jannot.com\/index.php?rest_route=%2Fwp%2Fv2%2Fmedia&parent=6521"}],"wp:term":[{"taxonomy":"category","embeddable":true,"href":"https:\/\/claire-jannot.com\/index.php?rest_route=%2Fwp%2Fv2%2Fcategories&post=6521"},{"taxonomy":"post_tag","embeddable":true,"href":"https:\/\/claire-jannot.com\/index.php?rest_route=%2Fwp%2Fv2%2Ftags&post=6521"}],"curies":[{"name":"wp","href":"https:\/\/api.w.org\/{rel}","templated":true}]}}