{"id":6544,"date":"2015-10-18T15:06:17","date_gmt":"2015-10-18T14:06:17","guid":{"rendered":"http:\/\/www.grandesterresbio.com\/?p=6544"},"modified":"2015-10-18T15:06:17","modified_gmt":"2015-10-18T14:06:17","slug":"mais-ogm-des-failles-dans-le-systeme-dhomologation","status":"publish","type":"post","link":"https:\/\/claire-jannot.com\/?p=6544","title":{"rendered":"Ma\u00efs OGM : des failles dans le syst\u00e8me d&rsquo;homologation"},"content":{"rendered":"<h2><b><\/b><span style=\"color: #000000;\">L\u2019histoire\u00a0pourrait n\u2019\u00eatre qu\u2019anecdotique mais, \u00e0 la suite de l\u2019affaire Volkswagen, elle met \u00e0 nouveau au premier plan les limites des proc\u00e9dures europ\u00e9ennes d\u2019\u00e9valuation des risques technologiques. Plusieurs ma\u00efs transg\u00e9niques, commercialis\u00e9s par l\u2019agrochimiste suisse\u00a0Syngenta et autoris\u00e9s \u00e0 l\u2019importation en Europe\u00a0depuis plusieurs ann\u00e9es pour l\u2019alimentation humaine et animale, sont porteurs de modifications g\u00e9n\u00e9tiques ne correspondant pas \u00e0 celles fournies par le fabricant aux autorit\u00e9s europ\u00e9ennes, lors du processus d\u2019autorisation. Aucun risque sanitaire n\u2019a pour l\u2019heure \u00e9t\u00e9 identifi\u00e9 du fait de ces erreurs mais l\u2019affaire jette une lumi\u00e8re inqui\u00e9tante sur le s\u00e9rieux des contr\u00f4les europ\u00e9ens des OGM.<\/span><\/h2>\n<div id=\"attachment_6545\" style=\"width: 417px\" class=\"wp-caption alignleft\"><a href=\"https:\/\/i0.wp.com\/www.grandesterresbio.com\/wp-content\/uploads\/2015\/10\/GMO_maize_test.jpg\"><img data-recalc-dims=\"1\" loading=\"lazy\" decoding=\"async\" aria-describedby=\"caption-attachment-6545\" class=\" wp-image-6545\" src=\"https:\/\/i0.wp.com\/www.grandesterresbio.com\/wp-content\/uploads\/2015\/10\/GMO_maize_test.jpg?resize=407%2C271\" alt=\"Test de ma\u00efs OGM, Bourgouin-Jallieu, Is\u00e8re, France.\" width=\"407\" height=\"271\" srcset=\"https:\/\/i0.wp.com\/claire-jannot.com\/wp-content\/uploads\/2015\/10\/GMO_maize_test.jpg?w=2784&amp;ssl=1 2784w, https:\/\/i0.wp.com\/claire-jannot.com\/wp-content\/uploads\/2015\/10\/GMO_maize_test.jpg?resize=300%2C200&amp;ssl=1 300w, https:\/\/i0.wp.com\/claire-jannot.com\/wp-content\/uploads\/2015\/10\/GMO_maize_test.jpg?resize=1024%2C683&amp;ssl=1 1024w, https:\/\/i0.wp.com\/claire-jannot.com\/wp-content\/uploads\/2015\/10\/GMO_maize_test.jpg?w=1280 1280w, https:\/\/i0.wp.com\/claire-jannot.com\/wp-content\/uploads\/2015\/10\/GMO_maize_test.jpg?w=1920 1920w\" sizes=\"auto, (max-width: 407px) 100vw, 407px\" \/><\/a><p id=\"caption-attachment-6545\" class=\"wp-caption-text\">Test de ma\u00efs OGM, Bourgouin-Jallieu, Is\u00e8re, France.<\/p><\/div>\n<p><span style=\"color: #000000;\">Le 20\u00a0juillet, la soci\u00e9t\u00e9 bas\u00e9e \u00e0 B\u00e2le (Suisse) a adress\u00e9 une lettre \u00e0 la Commission europ\u00e9enne, portant \u00e0 son attention\u00a0<strong>\u00ab\u00a0une mise \u00e0 jour des s\u00e9quences g\u00e9n\u00e9tiques des \u00e9v\u00e9nements MIR604 et GA21\u00a0\u00bb<\/strong>.\u00a0\u00ab\u00a0Cette mise \u00e0 jour, poursuit le courrier,\u00a0d\u00e9crit des <strong>divergences avec les s\u00e9quences originellement communiqu\u00e9es\u00a0<\/strong>\u00bb\u00a0aux autorit\u00e9s europ\u00e9ennes, et en particulier \u00e0 l\u2019Autorit\u00e9 europ\u00e9enne de s\u00e9curit\u00e9 des aliments (<strong>EFSA<\/strong>), charg\u00e9e de l\u2019\u00e9valuation des risques avant l\u2019autorisation de mise sur le march\u00e9.<\/span><\/p>\n<p><span style=\"color: #000000;\">La firme de biotechnologies <strong>Syngenta<\/strong> ajoute que les divergences not\u00e9es entre les transformations g\u00e9n\u00e9tiques effectivement apport\u00e9es aux plantes et celles fournies aux autorit\u00e9s europ\u00e9ennes\u00a0<strong>\u00ab\u00a0n\u2019ont pas d\u2019implications pour la sant\u00e9 humaine et animale, ou l\u2019\u00e9valuation d\u00e9j\u00e0 conduite du risque environnemental\u00a0\u00bb<\/strong>, selon des documents adress\u00e9s au\u00a0Monde\u00a0par le biais du serveur s\u00e9curis\u00e9 et anonyme<strong> \u00ab\u00a0Source s\u00fbre\u00a0\u00bb.<\/strong><\/span><\/p>\n<p><span style=\"color: #000000;\"><strong>La modification g\u00e9n\u00e9tique MIR604 induit, pour la plante porteuse de ce trait, la capacit\u00e9 \u00e0 produire\u00a0une toxine luttant contre la chrysom\u00e8le, l\u2019un des grands ravageurs du ma\u00efs\u00a0;<\/strong> quant au GA21, il conf\u00e8re \u00e0 la plante une <strong>tol\u00e9rance au glyphosate \u2013 l\u2019herbicide le plus utilis\u00e9 au monde<\/strong>\u00a0\u2013, et facilite ainsi son utilisation. Au total, ces deux \u00e9v\u00e9nements, qui ne correspondent pas \u00e0 ceux \u00e9valu\u00e9s par les autorit\u00e9s sanitaires, sont pr\u00e9sents, seuls ou \u00ab\u00a0empil\u00e9s\u00a0\u00bb avec d\u2019autres modifications, dans<strong> six ma\u00efs autoris\u00e9s \u00e0 l\u2019importation en Europe entre 2008 et 2011.<\/strong><\/span><\/p>\n<p><span style=\"color: #000000;\"> \u00ab\u00a0Les donn\u00e9es confirment des diff\u00e9rences entre les deux s\u00e9quences g\u00e9n\u00e9tiques des produits test\u00e9s par rapport \u00e0 celles fournies dans les dossiers d\u2019homologation originels\u00a0\u00bb, confirme-t-on \u00e0 Bruxelles. Cependant, ajoute-t-on en substance \u00e0 la Commission, <strong>les erreurs ne sont pas suffisamment importantes pour rendre caducs les tests de d\u00e9tection valid\u00e9s au moment de l\u2019autorisation.<\/strong> Ce qui signifie que les instruments techniques \u00e0 la disposition des Etats membres pour d\u00e9tecter et contr\u00f4ler\u00a0ces plantes sont toujours efficaces, en d\u00e9pit des erreurs d\u00e9couvertes.<\/span><\/p>\n<p>Saisie d\u00e9but ao\u00fbt par Bruxelles, l\u2019EFSA a examin\u00e9 les s\u00e9quences g\u00e9n\u00e9tiques r\u00e9ellement introduites. <strong>Le 8\u00a0octobre, l\u2019agence bas\u00e9e \u00e0 Parme (Italie) a rendu son avis sur le MIR604 \u00ab\u00a0r\u00e9el\u00a0\u00bb, estimant que l\u2019erreur de l\u2019agrochimiste ne change pas l\u2019\u00e9valuation du risque pr\u00e9c\u00e9demment men\u00e9e.<\/strong> De fait, l\u2019erreur ne porte que sur une seule paire de bases (une seule \u00ab\u00a0lettre\u00a0\u00bb) d\u2019une r\u00e9gion non-codante de la s\u00e9quence ins\u00e9r\u00e9e.\u00a0<strong>L\u2019affaire semble plus d\u00e9licate pour le GA21.\u00a0\u00ab\u00a0Le groupe d\u2019experts de l\u2019EFSA sur les OGM ne conclura qu\u2019\u00e0 la fin d\u2019octobre\u00a02015, car des donn\u00e9es suppl\u00e9mentaires ont \u00e9t\u00e9 demand\u00e9es \u00e0 Syngenta\u00a0\u00bb, explique-t-on \u00e0 la Commission.<\/strong><\/p>\n<p><span style=\"color: #000000;\">Pour b\u00e9nignes que peuvent \u00eatre\u00a0les deux erreurs de l\u2019agrochimiste, elles ont conduit \u00e0 ce que <strong>des plantes transg\u00e9niques soient commercialis\u00e9es, plusieurs ann\u00e9es durant, sans que les modifications g\u00e9n\u00e9tiques soient identiques \u00e0 celles des dossiers d\u2019homologation fournis par le fabricant.\u00a0<\/strong>\u00ab\u00a0Cette situation est due \u00e0 la mani\u00e8re dont le risque est \u00e9valu\u00e9, en se fondant essentiellement sur les donn\u00e9es fournies par l\u2019industriel lui-m\u00eame\u00a0\u00bb, estime <strong>Christophe Noisette, charg\u00e9 de mission \u00e0 Inf\u2019OGM, une association de veille critique sur les biotechnologies.<\/strong><\/span><\/p>\n<p><span style=\"color: #000000;\">Ce n\u2019est pas tout. <strong>D\u00e9but octobre, Syngenta a abandonn\u00e9 ses demandes d\u2019autorisation de mise en culture\u00a0de deux ma\u00efs transg\u00e9niques, l\u2019un porteur de l\u2019\u00e9v\u00e9nement MIR604, l\u2019autre du MIR604, du GA21 et du Bt11. Dans une lettre lapidaire \u00e0 la Commission, dat\u00e9e du 7\u00a0octobre, la soci\u00e9t\u00e9 retire ses\u00a0deux demandes sans explications.<\/strong> Aucun lien, dit Syngenta, avec les erreurs r\u00e9cemment d\u00e9couvertes.\u00a0\u00ab\u00a0La d\u00e9cision du retrait a \u00e9t\u00e9 prise dans le cadre de la r\u00e9\u00e9valuation du potentiel commercial de ces produits en Europe\u00a0\u00bb, pr\u00e9cise un porte-parole de la soci\u00e9t\u00e9 suisse.<\/span><\/p>\n<p><strong><span style=\"color: #000000;\">Le dossier avait \u00e9t\u00e9 d\u00e9pos\u00e9 en\u00a02010.\u00a0Or\u00a0non seulement l\u2019EFSA a demand\u00e9, en ao\u00fbt, des informations compl\u00e9mentaires \u00e0 Syngenta pour poursuivre\u00a0l\u2019examen du dossier, mais une majorit\u00e9 d\u2019Etats membres de l\u2019Union ont de surcro\u00eet fait savoir qu\u2019ils n\u2019autoriseraient pas la culture de plantes transg\u00e9niques sur leurs territoires. <\/span><\/strong><\/p>\n<p>&nbsp;<\/p>\n<p><span style=\"color: #000000;\">\u00ab\u00a0Il faut peut-\u00eatre voir\u00a0aussi cette d\u00e9cision comme le d\u00e9but d\u2019un d\u00e9sinvestissement des industriels de la transgen\u00e8se pour se tourner\u00a0vers d\u2019autres techniques de g\u00e9nie g\u00e9n\u00e9tique, analyse Christophe Noisette.\u00a0<strong>La mutagen\u00e8se\u00a0par exemple, permet d\u2019obtenir des plantes aux propri\u00e9t\u00e9s semblables, comme par exemple la tol\u00e9rance \u00e0 des herbicides, qui ne sont pas soumises au m\u00eame r\u00e9gime juridique.<\/strong>\u00a0\u00bb\u00a0Ces plantes, d\u00e9j\u00e0 largement cultiv\u00e9es sur le territoire fran\u00e7ais, sont souvent qualifi\u00e9es <strong>d\u2019\u00ab\u00a0OGM cach\u00e9s\u00a0\u00bb\u00a0<\/strong>par les opposants aux biotechnologies. La Commission europ\u00e9enne consulte les Etats membres pour\u00a0d\u00e9finir leur statut d\u2019ici \u00e0 la fin de l\u2019ann\u00e9e.<\/span><\/p>\n<h6><span style=\"color: #000000;\">Source :\u00a0LE MONDE &#8211; 14.10.2015 Par St\u00e9phane Foucart<\/span><\/h6>\n<h6><span style=\"color: #000000;\">Cr\u00e9dit photo :\u00a0I, Yann [GFDL (http:\/\/www.gnu.org\/copyleft\/fdl.html), CC-BY-SA-3.0 (http:\/\/creativecommons.org\/licenses\/by-sa\/3.0\/) ou CC BY-SA 2.5-2.0-1.0 (http:\/\/creativecommons.org\/licenses\/by-sa\/2.5-2.0-1.0)], via Wikimedia Commons<\/span><\/h6>\n<p>&nbsp;<\/p>\n<p>&nbsp;<\/p>\n<p>&nbsp;<\/p>\n<p>&nbsp;<\/p>\n<p>&nbsp;<\/p>\n","protected":false},"excerpt":{"rendered":"<p>L\u2019histoire\u00a0pourrait n\u2019\u00eatre qu\u2019anecdotique mais, \u00e0 la suite de l\u2019affaire Volkswagen, elle met \u00e0 nouveau au premier plan les limites des proc\u00e9dures europ\u00e9ennes d\u2019\u00e9valuation des risques technologiques. Plusieurs ma\u00efs transg\u00e9niques, commercialis\u00e9s par l\u2019agrochimiste suisse\u00a0Syngenta et autoris\u00e9s \u00e0 l\u2019importation en Europe\u00a0depuis plusieurs &hellip; <a href=\"https:\/\/claire-jannot.com\/?p=6544\">Continuer la lecture <span class=\"meta-nav\">&rarr;<\/span><\/a><\/p>\n","protected":false},"author":1,"featured_media":0,"comment_status":"open","ping_status":"open","sticky":false,"template":"","format":"standard","meta":{"jetpack_post_was_ever_published":false,"_jetpack_newsletter_access":"","_jetpack_dont_email_post_to_subs":false,"_jetpack_newsletter_tier_id":0,"_jetpack_memberships_contains_paywalled_content":false,"_jetpack_memberships_contains_paid_content":false,"footnotes":"","jetpack_publicize_message":"","jetpack_publicize_feature_enabled":true,"jetpack_social_post_already_shared":true,"jetpack_social_options":{"image_generator_settings":{"template":"highway","default_image_id":0,"font":"","enabled":false},"version":2}},"categories":[1,2,47],"tags":[42,58,3,4,5,9,10,11],"class_list":["post-6544","post","type-post","status-publish","format-standard","hentry","category-alimentation","category-ecologie","category-societe","tag-agriculture","tag-alimentation-2","tag-consommation","tag-ecologie2","tag-environnement","tag-ogm","tag-sante","tag-societe-2"],"jetpack_publicize_connections":[],"jetpack_featured_media_url":"","jetpack_sharing_enabled":true,"jetpack_shortlink":"https:\/\/wp.me\/p5jjt5-1Hy","_links":{"self":[{"href":"https:\/\/claire-jannot.com\/index.php?rest_route=\/wp\/v2\/posts\/6544","targetHints":{"allow":["GET"]}}],"collection":[{"href":"https:\/\/claire-jannot.com\/index.php?rest_route=\/wp\/v2\/posts"}],"about":[{"href":"https:\/\/claire-jannot.com\/index.php?rest_route=\/wp\/v2\/types\/post"}],"author":[{"embeddable":true,"href":"https:\/\/claire-jannot.com\/index.php?rest_route=\/wp\/v2\/users\/1"}],"replies":[{"embeddable":true,"href":"https:\/\/claire-jannot.com\/index.php?rest_route=%2Fwp%2Fv2%2Fcomments&post=6544"}],"version-history":[{"count":1,"href":"https:\/\/claire-jannot.com\/index.php?rest_route=\/wp\/v2\/posts\/6544\/revisions"}],"predecessor-version":[{"id":6546,"href":"https:\/\/claire-jannot.com\/index.php?rest_route=\/wp\/v2\/posts\/6544\/revisions\/6546"}],"wp:attachment":[{"href":"https:\/\/claire-jannot.com\/index.php?rest_route=%2Fwp%2Fv2%2Fmedia&parent=6544"}],"wp:term":[{"taxonomy":"category","embeddable":true,"href":"https:\/\/claire-jannot.com\/index.php?rest_route=%2Fwp%2Fv2%2Fcategories&post=6544"},{"taxonomy":"post_tag","embeddable":true,"href":"https:\/\/claire-jannot.com\/index.php?rest_route=%2Fwp%2Fv2%2Ftags&post=6544"}],"curies":[{"name":"wp","href":"https:\/\/api.w.org\/{rel}","templated":true}]}}