{"id":6561,"date":"2015-10-26T10:31:42","date_gmt":"2015-10-26T09:31:42","guid":{"rendered":"http:\/\/www.grandesterresbio.com\/?p=6561"},"modified":"2015-10-24T17:12:44","modified_gmt":"2015-10-24T16:12:44","slug":"larzac-elevage-semences-et-autonomie","status":"publish","type":"post","link":"https:\/\/claire-jannot.com\/?p=6561","title":{"rendered":"Larzac, \u00e9levage, semences et autonomie"},"content":{"rendered":"<h2><span style=\"color: #000000;\"><span style=\"font-weight: 400;\">Utiliser des semences locales, \u00e9viter les m\u00e9dicaments et les pesticides, d\u00e9velopper au maximum le p\u00e2turage: dans le Larzac, des \u00e9leveurs de brebis font le pari de l&rsquo;autonomie, dans un but \u00e0 la fois \u00e9conomique et environnemental.<\/span><\/span><\/h2>\n<p><span style=\"color: #000000;\"><span style=\"font-weight: 400;\"><a href=\"https:\/\/i0.wp.com\/www.grandesterresbio.com\/wp-content\/uploads\/2015\/10\/Brebis_du_limousin.jpg\"><img data-recalc-dims=\"1\" loading=\"lazy\" decoding=\"async\" class=\"alignleft  wp-image-6562\" src=\"https:\/\/i0.wp.com\/www.grandesterresbio.com\/wp-content\/uploads\/2015\/10\/Brebis_du_limousin.jpg?resize=382%2C234\" alt=\"Brebis_du_limousin\" width=\"382\" height=\"234\" srcset=\"https:\/\/i0.wp.com\/claire-jannot.com\/wp-content\/uploads\/2015\/10\/Brebis_du_limousin.jpg?w=800&amp;ssl=1 800w, https:\/\/i0.wp.com\/claire-jannot.com\/wp-content\/uploads\/2015\/10\/Brebis_du_limousin.jpg?resize=300%2C184&amp;ssl=1 300w\" sizes=\"auto, (max-width: 382px) 100vw, 382px\" \/><\/a>Dans une grange du <strong>plateau karstique<\/strong>, pendant que ses b\u00eates paissent dans les champs \u00e0 l&rsquo;horizon embrum\u00e9, <strong>Laurent Reversat<\/strong> trie ses r\u00e9coltes. De \u00ab\u00a0gros grains d&rsquo;orge\u00a0\u00bb qu&rsquo;il compte resemer pour nourrir les <strong>320 brebis laiti\u00e8res<\/strong> de la ferme, situ\u00e9e \u00e0 Eygali\u00e8res, pr\u00e8s de <strong>La Cavalerie, dans l&rsquo;Aveyron<\/strong>.<\/span><span style=\"font-weight: 400;\">\u00a0\u00ab\u00a0Comme les semences du commerce n&rsquo;\u00e9taient pas forc\u00e9ment adapt\u00e9es \u00e0 nos probl\u00e9matiques locales, on s&rsquo;est mis \u00e0 faire de la <strong>s\u00e9lection participative<\/strong> des fourrages et des c\u00e9r\u00e9ales\u00a0\u00bb, explique celui qui a repris la ferme deux ans plus t\u00f4t aux c\u00f4t\u00e9s de deux autres agriculteurs.<\/span><span style=\"font-weight: 400;\"><br \/>\n<\/span><span style=\"font-weight: 400;\"><strong>Orge, seigle, avoine, mais aussi sainfoin, luzerne, dactyle ou tr\u00e8fle<\/strong>: recueillies aupr\u00e8s des agriculteurs du coin, les <strong>vari\u00e9t\u00e9s locales<\/strong> ont \u00e9t\u00e9 choisies pour leur r\u00e9sistance ou leurs vertus anti-parasitaires.<\/span><span style=\"font-weight: 400;\"><br \/>\n<\/span><span style=\"font-weight: 400;\">Ici, o\u00f9 les \u00ab\u00a0accidents climatiques\u00a0\u00bb se produisent \u00ab\u00a0tous les ans\u00a0\u00bb, M. Reversat <strong>m\u00e9lange jusqu&rsquo;\u00e0 cinq vari\u00e9t\u00e9s dans le m\u00eame champ pour am\u00e9liorer la \u00ab\u00a0r\u00e9silience\u00a0\u00bb<\/strong> des r\u00e9coltes sur l&rsquo;ann\u00e9e. <\/span><span style=\"font-weight: 400;\"><br \/>\n<\/span><span style=\"font-weight: 400;\">\u00ab\u00a0La d\u00e9marche principale c&rsquo;est de vivre de mon m\u00e9tier, c&rsquo;est mon premier objectif. Et il se trouve que la <strong>d\u00e9marche \u00e9cologique et \u00e9conomique se rejoignent<\/strong>\u00ab\u00a0.<\/span><span style=\"font-weight: 400;\"><br \/>\n<\/span><span style=\"font-weight: 400;\">\u00ab\u00a0La recherche d&rsquo;autonomie est centrale, et l&rsquo;autonomie est vecteur aussi de respect de l&rsquo;environnement\u00a0\u00bb, estime le paysan, qui affirme vivre avec deux autres agriculteurs des <strong>70.000 litres de lait vendus tous les ans sous le label biologique.<\/strong><\/span><span style=\"font-weight: 400;\"><br \/>\n<\/span><span style=\"font-weight: 400;\"><br \/>\n<\/span><span style=\"font-weight: 400;\">M. Reversat pr\u00e9voit d&rsquo;\u00eatre <strong>auto-suffisant en fourrage, paille et c\u00e9r\u00e9ales l&rsquo;ann\u00e9e prochaine<\/strong>, et pratique le labour \u00ab\u00a0agronomique\u00a0\u00bb sur le sol caillouteux du causse, <strong>\u00ab\u00a0\u00e0 10 cm de profondeur au lieu de 20\u00a0\u00bb,<\/strong> pour \u00e9conomiser du carburant et lib\u00e9rer moins du carbone contenu dans le sol.<\/span><span style=\"font-weight: 400;\"><br \/>\n<\/span><span style=\"font-weight: 400;\">\u00ab\u00a0Nous avons un \u00e9levage qui est <strong>organis\u00e9 autour du p\u00e2turage, donc peu de stockage de foin<\/strong>, donc peu d&rsquo;action m\u00e9canique de r\u00e9colte\u00a0\u00bb, insiste celui qui dit faire sortir ses brebis \u00ab\u00a0d\u00e8s que la temp\u00e9rature remonte au-dessus de z\u00e9ro\u00a0\u00bb sur pr\u00e8s de 400 hectares.<\/span><span style=\"font-weight: 400;\"><br \/>\n<\/span><span style=\"font-weight: 400;\">Sur le plateau, M. Reversat n&rsquo;est pas le seul \u00e0 cultiver cette autonomie. L&rsquo;agriculteur est membre de l&rsquo;Association v\u00e9t\u00e9rinaire \u00e9leveurs du Millavois<strong> (Avem)<\/strong>, qui rassemble 157 \u00e9levages dans la r\u00e9gion de Millau.<\/span><span style=\"font-weight: 400;\"><br \/>\n<\/span><span style=\"font-weight: 400;\">Lanc\u00e9e en 1979, cette structure visant \u00e0 mutualiser le co\u00fbt sanitaire pour les \u00e9leveurs \u00e9tait alors la premi\u00e8re de ce type en France, et est aujourd&rsquo;hui l&rsquo;une des rares \u00e0 salarier quatre v\u00e9t\u00e9rinaires \u00e0 temps plein ou partiel.<\/span><span style=\"font-weight: 400;\"><br \/>\n<\/span><span style=\"font-weight: 400;\">Mais c&rsquo;est surtout apr\u00e8s une s\u00e9rie de s\u00e9cheresses dans les ann\u00e9es 2000, au cours desquelles les \u00e9leveurs avaient du mal \u00e0 nourrir leurs b\u00eates, qu&rsquo;ils ont d\u00e9cid\u00e9 de chercher des solutions aupr\u00e8s d&rsquo;ing\u00e9nieurs de<strong> l&rsquo;Inra<\/strong>. En 2014, est lanc\u00e9 le projet <strong>Salsa, pour Syst\u00e8mes Agro-\u00e9cologiques laitiers du Sud-Aveyron.<\/strong><\/span><span style=\"font-weight: 400;\"><br \/>\n<\/span><span style=\"font-weight: 400;\">\u00ab\u00a0C&rsquo;est l&rsquo;objectif de ce projet: construire des solutions pour que les <strong>fermes gardent leurs revenus, tout en pr\u00e9servant les ressources des territoires, dans une d\u00e9marche de transition agro-\u00e9cologique\u00a0\u00bb<\/strong>, pr\u00e9cise Estelle Gressier, animatrice en agronomie \u00e0 l&rsquo;Avem.<\/span><span style=\"font-weight: 400;\"><br \/>\n<\/span><span style=\"font-weight: 400;\">Sur certains points, il y a \u00ab\u00a0encore du chemin \u00e0 parcourir\u00a0\u00bb, souligne M. Patout. Les exploitations &#8211; la moiti\u00e9 en agriculture biologique, sans pesticides, l&rsquo;autre en agriculture conventionnelle &#8211; ont des situations \u00e9conomiques et \u00e9cologiques contrast\u00e9es.<\/span><span style=\"font-weight: 400;\"><br \/>\n<\/span><span style=\"font-weight: 400;\">P\u00e2turage, production c\u00e9r\u00e9ali\u00e8re et climatologie composent \u00ab\u00a0tous les \u00e9l\u00e9ments du puzzle\u00a0\u00bb propre \u00e0 chaque exploitation, selon M. Patout. Car \u00ab\u00a0les recettes toutes faites n&rsquo;existent pas\u00a0\u00bb.<\/span><\/span><\/p>\n<h6><span style=\"color: #000000;\">Source : LA CAVALERIE (France),\u00a021 oct 2015 (AFP)\u00a0<\/span><\/h6>\n<h6><span style=\"color: #000000;\">Cr\u00e9dit photo :\u00a0Par BiacheB (Travail personnel) [CC BY-SA 3.0 (http:\/\/creativecommons.org\/licenses\/by-sa\/3.0)], via Wikimedia Commons<\/span><\/h6>\n<p>&nbsp;<\/p>\n<p>&nbsp;<\/p>\n<p>&nbsp;<\/p>\n<p>&nbsp;<\/p>\n","protected":false},"excerpt":{"rendered":"<p>Utiliser des semences locales, \u00e9viter les m\u00e9dicaments et les pesticides, d\u00e9velopper au maximum le p\u00e2turage: dans le Larzac, des \u00e9leveurs de brebis font le pari de l&rsquo;autonomie, dans un but \u00e0 la fois \u00e9conomique et environnemental. Dans une grange du &hellip; <a href=\"https:\/\/claire-jannot.com\/?p=6561\">Continuer la lecture <span class=\"meta-nav\">&rarr;<\/span><\/a><\/p>\n","protected":false},"author":1,"featured_media":0,"comment_status":"open","ping_status":"open","sticky":false,"template":"","format":"standard","meta":{"jetpack_post_was_ever_published":false,"_jetpack_newsletter_access":"","_jetpack_dont_email_post_to_subs":false,"_jetpack_newsletter_tier_id":0,"_jetpack_memberships_contains_paywalled_content":false,"_jetpack_memberships_contains_paid_content":false,"footnotes":"","jetpack_publicize_message":"","jetpack_publicize_feature_enabled":true,"jetpack_social_post_already_shared":true,"jetpack_social_options":{"image_generator_settings":{"template":"highway","default_image_id":0,"font":"","enabled":false},"version":2}},"categories":[2,49],"tags":[42,4,5,48],"class_list":["post-6561","post","type-post","status-publish","format-standard","hentry","category-ecologie","category-vie-animale-2","tag-agriculture","tag-ecologie2","tag-environnement","tag-vie-animale"],"jetpack_publicize_connections":[],"jetpack_featured_media_url":"","jetpack_sharing_enabled":true,"jetpack_shortlink":"https:\/\/wp.me\/p5jjt5-1HP","_links":{"self":[{"href":"https:\/\/claire-jannot.com\/index.php?rest_route=\/wp\/v2\/posts\/6561","targetHints":{"allow":["GET"]}}],"collection":[{"href":"https:\/\/claire-jannot.com\/index.php?rest_route=\/wp\/v2\/posts"}],"about":[{"href":"https:\/\/claire-jannot.com\/index.php?rest_route=\/wp\/v2\/types\/post"}],"author":[{"embeddable":true,"href":"https:\/\/claire-jannot.com\/index.php?rest_route=\/wp\/v2\/users\/1"}],"replies":[{"embeddable":true,"href":"https:\/\/claire-jannot.com\/index.php?rest_route=%2Fwp%2Fv2%2Fcomments&post=6561"}],"version-history":[{"count":2,"href":"https:\/\/claire-jannot.com\/index.php?rest_route=\/wp\/v2\/posts\/6561\/revisions"}],"predecessor-version":[{"id":6564,"href":"https:\/\/claire-jannot.com\/index.php?rest_route=\/wp\/v2\/posts\/6561\/revisions\/6564"}],"wp:attachment":[{"href":"https:\/\/claire-jannot.com\/index.php?rest_route=%2Fwp%2Fv2%2Fmedia&parent=6561"}],"wp:term":[{"taxonomy":"category","embeddable":true,"href":"https:\/\/claire-jannot.com\/index.php?rest_route=%2Fwp%2Fv2%2Fcategories&post=6561"},{"taxonomy":"post_tag","embeddable":true,"href":"https:\/\/claire-jannot.com\/index.php?rest_route=%2Fwp%2Fv2%2Ftags&post=6561"}],"curies":[{"name":"wp","href":"https:\/\/api.w.org\/{rel}","templated":true}]}}