{"id":6573,"date":"2015-11-03T21:20:51","date_gmt":"2015-11-03T20:20:51","guid":{"rendered":"http:\/\/www.grandesterresbio.com\/?p=6573"},"modified":"2015-11-03T21:20:51","modified_gmt":"2015-11-03T20:20:51","slug":"logona-le-maquillage-bio-arrive-chez-grandes-terres-bio","status":"publish","type":"post","link":"https:\/\/claire-jannot.com\/?p=6573","title":{"rendered":"Logona : Le maquillage bio arrive chez Grandes Terres Bio !"},"content":{"rendered":"<div id=\"c1917\" class=\"csc-default\">\n<div class=\"csc-header csc-header-n2\">\n<h2><span style=\"color: #000000;\">LOGONA COLORS \u2013 made by nature<\/span><\/h2>\n<\/div>\n<p class=\"bodytext\"><span style=\"color: #000000;\"><a href=\"https:\/\/i0.wp.com\/www.grandesterresbio.com\/wp-content\/uploads\/2015\/11\/bvneo01.02fr-logona-rouges-l-vres.jpg\"><img data-recalc-dims=\"1\" loading=\"lazy\" decoding=\"async\" class=\"alignleft  wp-image-6574\" src=\"https:\/\/i0.wp.com\/www.grandesterresbio.com\/wp-content\/uploads\/2015\/11\/bvneo01.02fr-logona-rouges-l-vres.jpg?resize=403%2C551\" alt=\"bvneo01.02fr-logona-rouges-l-vres\" width=\"403\" height=\"551\" srcset=\"https:\/\/i0.wp.com\/claire-jannot.com\/wp-content\/uploads\/2015\/11\/bvneo01.02fr-logona-rouges-l-vres.jpg?w=438&amp;ssl=1 438w, https:\/\/i0.wp.com\/claire-jannot.com\/wp-content\/uploads\/2015\/11\/bvneo01.02fr-logona-rouges-l-vres.jpg?resize=219%2C300&amp;ssl=1 219w\" sizes=\"auto, (max-width: 403px) 100vw, 403px\" \/><\/a>Des <strong>couleurs de r\u00eave pour tous les styles<\/strong>, associ\u00e9es \u00e0 d\u2019exceptionnels actifs anti-\u00e2ge et au potentiel \u00e9nerg\u00e9tique de nobles pierres pr\u00e9cieuses\u00a0: le maquillage naturel LOGONA aur\u00e9ole votre beaut\u00e9 naturelle et prot\u00e8ge en m\u00eame temps votre peau.<strong> Le complexe anti-\u00e2ge naturel<\/strong> \u00e0 base d\u2019extraits de cranberry, de p\u00e9pins de pommes et d\u2019algues brunes r\u00e9duit les rides et raffermit la peau. Avec en m\u00eame temps le rayonnement lumineux et vital d\u2019une synergie d\u2019am\u00e9thyste, d\u2019ambre jaune et de cristal de roche. Des formules innovantes pour une beaut\u00e9 intemporelle.<\/span><\/p>\n<\/div>\n<p class=\"bodytext\">\n<div class=\"themenbox clearfix\">\n<h1 class=\"zertifizierungen-icons\"><span style=\"color: #000000;\">\u00a0\u00a0<\/span><\/h1>\n<div class=\"bgbox\">\n<div class=\"clearfix\">\n<ul>\n<li><span style=\"color: #000000;\">Les produits de maquillage naturel LOGONA sont conformes aux exigeants crit\u00e8res de la cosm\u00e9tique naturelle certifi\u00e9e<strong> (NATRUE)\u00a0<img data-recalc-dims=\"1\" loading=\"lazy\" decoding=\"async\" src=\"https:\/\/i0.wp.com\/www.logona.de\/fileadmin\/content\/zertifizierungen_icons\/s_natrue_icon.jpg?resize=21%2C19\" alt=\"Icon\" width=\"21\" height=\"19\" \/>\u00a0<img data-recalc-dims=\"1\" loading=\"lazy\" decoding=\"async\" src=\"https:\/\/i0.wp.com\/www.logona.de\/fileadmin\/content\/zertifizierungen_icons\/s_lagona_biosiegel_icon.jpg?resize=21%2C19\" alt=\"Icon\" width=\"21\" height=\"19\" \/>\u00a0<img data-recalc-dims=\"1\" loading=\"lazy\" decoding=\"async\" src=\"https:\/\/i0.wp.com\/www.logona.de\/fileadmin\/content\/zertifizierungen_icons\/s_glutenfrei_icon.jpg?resize=21%2C19\" alt=\"Icon\" width=\"21\" height=\"19\" \/> <img data-recalc-dims=\"1\" loading=\"lazy\" decoding=\"async\" src=\"https:\/\/i0.wp.com\/www.logona.de\/fileadmin\/content\/zertifizierungen_icons\/s_laktosefrei_icon.jpg?resize=21%2C19\" alt=\"Icon\" width=\"21\" height=\"19\" \/> <img data-recalc-dims=\"1\" loading=\"lazy\" decoding=\"async\" src=\"https:\/\/i0.wp.com\/www.logona.de\/fileadmin\/content\/zertifizierungen_icons\/s_vegan_icon.jpg?resize=21%2C19\" alt=\"Icon\" width=\"21\" height=\"19\" \/><\/strong><\/span><\/li>\n<li><span style=\"color: #000000;\">Sans colorants, parfums ni conservateurs de synth\u00e8se<\/span><\/li>\n<li><span style=\"color: #000000;\">Sans huiles de paraffine ni autres ingr\u00e9dients issus de la chimie de p\u00e9trole<\/span><\/li>\n<li><span style=\"color: #000000;\"><strong>\u00ab Made in Germany \u00bb<\/strong> : d\u00e9velopp\u00e9 et fabriqu\u00e9 en Allemagne<\/span><\/li>\n<\/ul>\n<ul>\n<li><span style=\"color: #000000;\">Avec des huiles et extraits v\u00e9g\u00e9taux issus de l\u2019agriculture biologique<\/span><\/li>\n<li><span style=\"color: #000000;\">Test\u00e9 sous contr\u00f4le dermatologique<\/span><\/li>\n<li><span style=\"color: #000000;\">Tous les crayons en bois sont fabriqu\u00e9s \u00e0 partir de bois certifi\u00e9 FSC<\/span><\/li>\n<li><span style=\"color: #000000;\">Produits pour les yeux test\u00e9s sous contr\u00f4le ophtalmologique<\/span><\/li>\n<li><span style=\"color: #000000;\">D\u00e9velopp\u00e9 et fabriqu\u00e9 sans tests sur les animaux<\/span><\/li>\n<\/ul>\n<p><strong>Retrouvez les produits Logona chez #grandesterresbio d\u00e8s aujourd&rsquo;hui !<\/strong><\/p>\n<p>&nbsp;<\/p>\n<p>&nbsp;<\/p>\n<p>&nbsp;<\/p>\n<p>&nbsp;<\/p>\n<\/div>\n<\/div>\n<\/div>\n","protected":false},"excerpt":{"rendered":"<p>LOGONA COLORS \u2013 made by nature Des couleurs de r\u00eave pour tous les styles, associ\u00e9es \u00e0 d\u2019exceptionnels actifs anti-\u00e2ge et au potentiel \u00e9nerg\u00e9tique de nobles pierres pr\u00e9cieuses\u00a0: le maquillage naturel LOGONA aur\u00e9ole votre beaut\u00e9 naturelle et prot\u00e8ge en m\u00eame temps &hellip; <a href=\"https:\/\/claire-jannot.com\/?p=6573\">Continuer la lecture <span class=\"meta-nav\">&rarr;<\/span><\/a><\/p>\n","protected":false},"author":1,"featured_media":0,"comment_status":"open","ping_status":"open","sticky":false,"template":"","format":"standard","meta":{"jetpack_post_was_ever_published":false,"_jetpack_newsletter_access":"","_jetpack_dont_email_post_to_subs":false,"_jetpack_newsletter_tier_id":0,"_jetpack_memberships_contains_paywalled_content":false,"_jetpack_memberships_contains_paid_content":false,"footnotes":"","jetpack_publicize_message":"","jetpack_publicize_feature_enabled":true,"jetpack_social_post_already_shared":true,"jetpack_social_options":{"image_generator_settings":{"template":"highway","default_image_id":0,"font":"","enabled":false},"version":2}},"categories":[2],"tags":[],"class_list":["post-6573","post","type-post","status-publish","format-standard","hentry","category-ecologie"],"jetpack_publicize_connections":[],"jetpack_featured_media_url":"","jetpack_sharing_enabled":true,"jetpack_shortlink":"https:\/\/wp.me\/p5jjt5-1I1","_links":{"self":[{"href":"https:\/\/claire-jannot.com\/index.php?rest_route=\/wp\/v2\/posts\/6573","targetHints":{"allow":["GET"]}}],"collection":[{"href":"https:\/\/claire-jannot.com\/index.php?rest_route=\/wp\/v2\/posts"}],"about":[{"href":"https:\/\/claire-jannot.com\/index.php?rest_route=\/wp\/v2\/types\/post"}],"author":[{"embeddable":true,"href":"https:\/\/claire-jannot.com\/index.php?rest_route=\/wp\/v2\/users\/1"}],"replies":[{"embeddable":true,"href":"https:\/\/claire-jannot.com\/index.php?rest_route=%2Fwp%2Fv2%2Fcomments&post=6573"}],"version-history":[{"count":3,"href":"https:\/\/claire-jannot.com\/index.php?rest_route=\/wp\/v2\/posts\/6573\/revisions"}],"predecessor-version":[{"id":6577,"href":"https:\/\/claire-jannot.com\/index.php?rest_route=\/wp\/v2\/posts\/6573\/revisions\/6577"}],"wp:attachment":[{"href":"https:\/\/claire-jannot.com\/index.php?rest_route=%2Fwp%2Fv2%2Fmedia&parent=6573"}],"wp:term":[{"taxonomy":"category","embeddable":true,"href":"https:\/\/claire-jannot.com\/index.php?rest_route=%2Fwp%2Fv2%2Fcategories&post=6573"},{"taxonomy":"post_tag","embeddable":true,"href":"https:\/\/claire-jannot.com\/index.php?rest_route=%2Fwp%2Fv2%2Ftags&post=6573"}],"curies":[{"name":"wp","href":"https:\/\/api.w.org\/{rel}","templated":true}]}}