{"id":6578,"date":"2015-11-15T16:57:38","date_gmt":"2015-11-15T15:57:38","guid":{"rendered":"http:\/\/www.grandesterresbio.com\/?p=6578"},"modified":"2015-11-15T16:57:38","modified_gmt":"2015-11-15T15:57:38","slug":"avent-les-calendriers-de-gtb-sont-deja-la","status":"publish","type":"post","link":"https:\/\/claire-jannot.com\/?p=6578","title":{"rendered":"Avent : Les calendriers de #gtb sont d\u00e9j\u00e0 l\u00e0 !"},"content":{"rendered":"<h2><span style=\"color: #000000;\">Vite, vite, le compte \u00e0 rebours va bient\u00f4t commencer ! Vous \u00eates \u00e0 la recherche d&rsquo;un calendrier de l&rsquo;Avent, charmant, d\u00e9coratif et avec de d\u00e9licieux\u00a0chocolats bio ? Ne cherchez plus, votre magasin bio #grandesterresbio vous propose deux mod\u00e8les exclusifs, en direct d&rsquo;Allemagne. Pour que petits et grands, nous vivions tout le mois de d\u00e9cembre au rythme de la gourmandise &#8230;<\/span><\/h2>\n<p>&nbsp;<\/p>\n<div id=\"attachment_6579\" style=\"width: 564px\" class=\"wp-caption alignleft\"><a style=\"color: #000000;\" href=\"https:\/\/i0.wp.com\/www.grandesterresbio.com\/wp-content\/uploads\/2015\/11\/advenstkalender-rosengarten-z_ombio_151111.jpg\"><img data-recalc-dims=\"1\" loading=\"lazy\" decoding=\"async\" aria-describedby=\"caption-attachment-6579\" class=\"size-full wp-image-6579\" src=\"https:\/\/i0.wp.com\/www.grandesterresbio.com\/wp-content\/uploads\/2015\/11\/advenstkalender-rosengarten-z_ombio_151111.jpg?resize=554%2C737\" alt=\"C'est #bientotnoel chez #grandesterresbio\" width=\"554\" height=\"737\" srcset=\"https:\/\/i0.wp.com\/claire-jannot.com\/wp-content\/uploads\/2015\/11\/advenstkalender-rosengarten-z_ombio_151111.jpg?w=554&amp;ssl=1 554w, https:\/\/i0.wp.com\/claire-jannot.com\/wp-content\/uploads\/2015\/11\/advenstkalender-rosengarten-z_ombio_151111.jpg?resize=226%2C300&amp;ssl=1 226w\" sizes=\"auto, (max-width: 554px) 100vw, 554px\" \/><\/a><p id=\"caption-attachment-6579\" class=\"wp-caption-text\"><\/span> <span style=\"color: #000000;\">#calendrierdelavent #rosengarten<\/span><\/p><\/div>\n<p><span style=\"color: #000000;\">Retrouvez tous les mod\u00e8les en magasin mais \u00e9galement de jolies bo\u00eetes de chocolats bios, des truffes, des p\u00e2tes de fruits et plein d&rsquo;autres d\u00e9lices festifs&#8230; <strong>\u00e0 offrir ou \u00e0 s&rsquo;offrir !<\/strong><\/span><\/p>\n<p>&nbsp;<\/p>\n<p><strong><span style=\"color: #000000;\">A bient\u00f4t chez #grandesterresbio \u00e0 #marlyleroi !<\/span><\/strong><\/p>\n<p>&nbsp;<\/p>\n<p>#grandesterresbio #2500referencescestriendutout #bientotnoel #hohohocestleperenoel<\/p>\n<p>&nbsp;<\/p>\n<p>&nbsp;<\/p>\n<p>&nbsp;<\/p>\n<p>&nbsp;<\/p>\n","protected":false},"excerpt":{"rendered":"<p>Vite, vite, le compte \u00e0 rebours va bient\u00f4t commencer ! Vous \u00eates \u00e0 la recherche d&rsquo;un calendrier de l&rsquo;Avent, charmant, d\u00e9coratif et avec de d\u00e9licieux\u00a0chocolats bio ? Ne cherchez plus, votre magasin bio #grandesterresbio vous propose deux mod\u00e8les exclusifs, en &hellip; <a href=\"https:\/\/claire-jannot.com\/?p=6578\">Continuer la lecture <span class=\"meta-nav\">&rarr;<\/span><\/a><\/p>\n","protected":false},"author":1,"featured_media":0,"comment_status":"open","ping_status":"open","sticky":false,"template":"","format":"standard","meta":{"jetpack_post_was_ever_published":false,"_jetpack_newsletter_access":"","_jetpack_dont_email_post_to_subs":false,"_jetpack_newsletter_tier_id":0,"_jetpack_memberships_contains_paywalled_content":false,"_jetpack_memberships_contains_paid_content":false,"footnotes":"","jetpack_publicize_message":"","jetpack_publicize_feature_enabled":true,"jetpack_social_post_already_shared":true,"jetpack_social_options":{"image_generator_settings":{"template":"highway","default_image_id":0,"font":"","enabled":false},"version":2}},"categories":[2],"tags":[58,22,3],"class_list":["post-6578","post","type-post","status-publish","format-standard","hentry","category-ecologie","tag-alimentation-2","tag-biologique","tag-consommation"],"jetpack_publicize_connections":[],"jetpack_featured_media_url":"","jetpack_sharing_enabled":true,"jetpack_shortlink":"https:\/\/wp.me\/p5jjt5-1I6","_links":{"self":[{"href":"https:\/\/claire-jannot.com\/index.php?rest_route=\/wp\/v2\/posts\/6578","targetHints":{"allow":["GET"]}}],"collection":[{"href":"https:\/\/claire-jannot.com\/index.php?rest_route=\/wp\/v2\/posts"}],"about":[{"href":"https:\/\/claire-jannot.com\/index.php?rest_route=\/wp\/v2\/types\/post"}],"author":[{"embeddable":true,"href":"https:\/\/claire-jannot.com\/index.php?rest_route=\/wp\/v2\/users\/1"}],"replies":[{"embeddable":true,"href":"https:\/\/claire-jannot.com\/index.php?rest_route=%2Fwp%2Fv2%2Fcomments&post=6578"}],"version-history":[{"count":5,"href":"https:\/\/claire-jannot.com\/index.php?rest_route=\/wp\/v2\/posts\/6578\/revisions"}],"predecessor-version":[{"id":6584,"href":"https:\/\/claire-jannot.com\/index.php?rest_route=\/wp\/v2\/posts\/6578\/revisions\/6584"}],"wp:attachment":[{"href":"https:\/\/claire-jannot.com\/index.php?rest_route=%2Fwp%2Fv2%2Fmedia&parent=6578"}],"wp:term":[{"taxonomy":"category","embeddable":true,"href":"https:\/\/claire-jannot.com\/index.php?rest_route=%2Fwp%2Fv2%2Fcategories&post=6578"},{"taxonomy":"post_tag","embeddable":true,"href":"https:\/\/claire-jannot.com\/index.php?rest_route=%2Fwp%2Fv2%2Ftags&post=6578"}],"curies":[{"name":"wp","href":"https:\/\/api.w.org\/{rel}","templated":true}]}}