{"id":6659,"date":"2016-03-09T19:01:55","date_gmt":"2016-03-09T18:01:55","guid":{"rendered":"http:\/\/www.grandesterresbio.com\/?p=6659"},"modified":"2016-03-09T19:01:55","modified_gmt":"2016-03-09T18:01:55","slug":"quel-avenir-pour-le-glyphosate-en-europe","status":"publish","type":"post","link":"https:\/\/claire-jannot.com\/?p=6659","title":{"rendered":"Quel avenir pour le glyphosate en Europe ?"},"content":{"rendered":"<h2><span style=\"color: #000000;\">Votera, votera pas\u00a0? La Commission europ\u00e9enne esp\u00e9rait exp\u00e9dier l\u2019affaire sans fracas et faire adopter par les Etats membres, au cours de la r\u00e9union du Comit\u00e9 permanent des v\u00e9g\u00e9taux, des animaux, des denr\u00e9es alimentaires et de l\u2019alimentation animale, pr\u00e9vue lundi\u00a07 et mardi 8\u00a0mars, un renouvellement de l\u2019autorisation du glyphosate, celle-ci expirant fin juin\u00a0en Europe. Dans un projet de d\u00e9cision, dont <em>Le Monde<\/em> a obtenu copie, Bruxelles pr\u00e9voyait une remise en selle de ce d\u00e9sherbant \u2013 principe actif du c\u00e9l\u00e8bre Roundup de Monsanto \u2013 jusqu\u2019en\u00a02031.<\/span><\/h2>\n<div id=\"attachment_6660\" style=\"width: 432px\" class=\"wp-caption alignleft\"><a href=\"https:\/\/i0.wp.com\/www.grandesterresbio.com\/wp-content\/uploads\/2016\/03\/Spraying_oats_near_Boveney_Lock_-_geograph.org_.uk_-_897466.jpg\" rel=\"attachment wp-att-6660\"><img data-recalc-dims=\"1\" loading=\"lazy\" decoding=\"async\" aria-describedby=\"caption-attachment-6660\" class=\"wp-image-6660\" src=\"https:\/\/i0.wp.com\/www.grandesterresbio.com\/wp-content\/uploads\/2016\/03\/Spraying_oats_near_Boveney_Lock_-_geograph.org_.uk_-_897466.jpg?resize=422%2C316\" alt=\"Spraying_oats_near_Boveney_Lock_-_geograph.org.uk_-_897466\" width=\"422\" height=\"316\" srcset=\"https:\/\/i0.wp.com\/claire-jannot.com\/wp-content\/uploads\/2016\/03\/Spraying_oats_near_Boveney_Lock_-_geograph.org_.uk_-_897466.jpg?w=640&amp;ssl=1 640w, https:\/\/i0.wp.com\/claire-jannot.com\/wp-content\/uploads\/2016\/03\/Spraying_oats_near_Boveney_Lock_-_geograph.org_.uk_-_897466.jpg?resize=300%2C225&amp;ssl=1 300w\" sizes=\"auto, (max-width: 422px) 100vw, 422px\" \/><\/a><p id=\"caption-attachment-6660\" class=\"wp-caption-text\">Buckinghamshire-Grande Bretagne<\/p><\/div>\n<p><span style=\"color: #000000;\">Mais la semaine \u00e9coul\u00e9e a vu la pol\u00e9mique s\u2019intensifier sur <strong>la dangerosit\u00e9 de cette substance<\/strong>, la plus utilis\u00e9e au monde, et contrarier les projets de Bruxelles. Au point que nul ne semble savoir si la r\u00e9union des 7 et 8\u00a0mars scellera, ou non, l\u2019avenir de l\u2019herbicide. <strong><em>\u00ab\u00a0Ce qui est s\u00fbr, c\u2019est qu\u2019il y aura discussion sur le glyphosate <\/em>[les 7 et 8\u00a0mars en comit\u00e9], dit un porte-parole de l\u2019ex\u00e9cutif europ\u00e9en. <em>Mais nous ne sommes pas s\u00fbrs que le vote se tiendra.\u00a0\u00bb<\/em><\/strong><\/span><\/p>\n<p><span style=\"color: #000000;\">La Commission s\u2019appuie sur l\u2019Autorit\u00e9 europ\u00e9enne de s\u00e9curit\u00e9 des aliments (EFSA). Celle-ci, dans un avis rendu le 12\u00a0novembre 2015, estime<strong> <em>\u00ab\u00a0improbable\u00a0\u00bb<\/em> que le glyphosate soit canc\u00e9rog\u00e8ne pour l\u2019homme.<\/strong> Les demandes d\u2019interdiction du produit reposent, elles, sur un autre avis, diam\u00e9tralement oppos\u00e9, rendu en mars\u00a02015 par le <strong>Centre international de recherche sur le cancer (CIRC)<\/strong> \u2013 l\u2019agence de l\u2019Organisation mondiale de la sant\u00e9 (OMS). Pour le CIRC, le glyphosate est un <em>\u00ab\u00a0canc\u00e9rog\u00e8ne probable pour l\u2019homme\u00a0\u00bb<\/em>&#8230;A suivre &#8230;<\/span><\/p>\n<h6>\n<span style=\"color: #000000;\">En savoir plus sur http:\/\/www.lemonde.fr\/planete\/article\/2016\/03\/07\/bras-de-fer-sur-l-avenir-du-roundup-en-europe_4877581_3244.html#y0YT2E8aZ62GU71I.99<\/span><\/h6>\n<h6><span style=\"color: #000000;\">Cr\u00e9dit photo :\u00a0David Hawgood [CC BY-SA 2.0 (http:\/\/creativecommons.org\/licenses\/by-sa\/2.0)], via Wikimedia Commons<\/span><\/h6>\n<p>&nbsp;<\/p>\n<p>&nbsp;<\/p>\n<p>&nbsp;<\/p>\n","protected":false},"excerpt":{"rendered":"<p>Votera, votera pas\u00a0? La Commission europ\u00e9enne esp\u00e9rait exp\u00e9dier l\u2019affaire sans fracas et faire adopter par les Etats membres, au cours de la r\u00e9union du Comit\u00e9 permanent des v\u00e9g\u00e9taux, des animaux, des denr\u00e9es alimentaires et de l\u2019alimentation animale, pr\u00e9vue lundi\u00a07 et &hellip; <a href=\"https:\/\/claire-jannot.com\/?p=6659\">Continuer la lecture <span class=\"meta-nav\">&rarr;<\/span><\/a><\/p>\n","protected":false},"author":1,"featured_media":0,"comment_status":"open","ping_status":"open","sticky":false,"template":"","format":"standard","meta":{"jetpack_post_was_ever_published":false,"_jetpack_newsletter_access":"","_jetpack_dont_email_post_to_subs":false,"_jetpack_newsletter_tier_id":0,"_jetpack_memberships_contains_paywalled_content":false,"_jetpack_memberships_contains_paid_content":false,"footnotes":"","jetpack_publicize_message":"","jetpack_publicize_feature_enabled":true,"jetpack_social_post_already_shared":true,"jetpack_social_options":{"image_generator_settings":{"template":"highway","default_image_id":0,"font":"","enabled":false},"version":2}},"categories":[1,2],"tags":[42,58,3,4,5,36,10],"class_list":["post-6659","post","type-post","status-publish","format-standard","hentry","category-alimentation","category-ecologie","tag-agriculture","tag-alimentation-2","tag-consommation","tag-ecologie2","tag-environnement","tag-pollution","tag-sante"],"jetpack_publicize_connections":[],"jetpack_featured_media_url":"","jetpack_sharing_enabled":true,"jetpack_shortlink":"https:\/\/wp.me\/p5jjt5-1Jp","_links":{"self":[{"href":"https:\/\/claire-jannot.com\/index.php?rest_route=\/wp\/v2\/posts\/6659","targetHints":{"allow":["GET"]}}],"collection":[{"href":"https:\/\/claire-jannot.com\/index.php?rest_route=\/wp\/v2\/posts"}],"about":[{"href":"https:\/\/claire-jannot.com\/index.php?rest_route=\/wp\/v2\/types\/post"}],"author":[{"embeddable":true,"href":"https:\/\/claire-jannot.com\/index.php?rest_route=\/wp\/v2\/users\/1"}],"replies":[{"embeddable":true,"href":"https:\/\/claire-jannot.com\/index.php?rest_route=%2Fwp%2Fv2%2Fcomments&post=6659"}],"version-history":[{"count":2,"href":"https:\/\/claire-jannot.com\/index.php?rest_route=\/wp\/v2\/posts\/6659\/revisions"}],"predecessor-version":[{"id":6662,"href":"https:\/\/claire-jannot.com\/index.php?rest_route=\/wp\/v2\/posts\/6659\/revisions\/6662"}],"wp:attachment":[{"href":"https:\/\/claire-jannot.com\/index.php?rest_route=%2Fwp%2Fv2%2Fmedia&parent=6659"}],"wp:term":[{"taxonomy":"category","embeddable":true,"href":"https:\/\/claire-jannot.com\/index.php?rest_route=%2Fwp%2Fv2%2Fcategories&post=6659"},{"taxonomy":"post_tag","embeddable":true,"href":"https:\/\/claire-jannot.com\/index.php?rest_route=%2Fwp%2Fv2%2Ftags&post=6659"}],"curies":[{"name":"wp","href":"https:\/\/api.w.org\/{rel}","templated":true}]}}