{"id":6663,"date":"2016-03-10T18:21:55","date_gmt":"2016-03-10T17:21:55","guid":{"rendered":"http:\/\/www.grandesterresbio.com\/?p=6663"},"modified":"2016-03-10T18:21:55","modified_gmt":"2016-03-10T17:21:55","slug":"itineraire-dun-producteur-de-lait-heureux","status":"publish","type":"post","link":"https:\/\/claire-jannot.com\/?p=6663","title":{"rendered":"Itin\u00e9raire d&rsquo;un producteur de lait heureux"},"content":{"rendered":"<h2><span style=\"color: #000000;\">Il \u00ab\u00a0l&rsquo;avoue\u00a0\u00bb du bout des l\u00e8vres, en ces temps de crise agricole aigu\u00eb, Fran\u00e7ois Hamel, 38 ans, est un producteur de lait heureux, bien r\u00e9mun\u00e9r\u00e9, d\u00e9sendett\u00e9, avec des loisirs. Apr\u00e8s avoir fait la gr\u00e8ve du lait en 2009, il s&rsquo;est converti \u00e0 l&rsquo;agriculture biologique.<\/span><\/h2>\n<p><span style=\"color: #000000;\"><span style=\"font-size: small;\"><a style=\"color: #000000;\" href=\"https:\/\/i0.wp.com\/www.grandesterresbio.com\/wp-content\/uploads\/2016\/03\/White_Cows.jpg\" rel=\"attachment wp-att-6664\"><img data-recalc-dims=\"1\" loading=\"lazy\" decoding=\"async\" class=\"alignleft  wp-image-6664\" src=\"https:\/\/i0.wp.com\/www.grandesterresbio.com\/wp-content\/uploads\/2016\/03\/White_Cows.jpg?resize=436%2C327\" alt=\"White_Cows\" width=\"436\" height=\"327\" srcset=\"https:\/\/i0.wp.com\/claire-jannot.com\/wp-content\/uploads\/2016\/03\/White_Cows.jpg?w=1176&amp;ssl=1 1176w, https:\/\/i0.wp.com\/claire-jannot.com\/wp-content\/uploads\/2016\/03\/White_Cows.jpg?resize=300%2C225&amp;ssl=1 300w, https:\/\/i0.wp.com\/claire-jannot.com\/wp-content\/uploads\/2016\/03\/White_Cows.jpg?resize=768%2C576&amp;ssl=1 768w, https:\/\/i0.wp.com\/claire-jannot.com\/wp-content\/uploads\/2016\/03\/White_Cows.jpg?resize=1024%2C768&amp;ssl=1 1024w\" sizes=\"auto, (max-width: 436px) 100vw, 436px\" \/><\/a><strong>\u00ab\u00a0Oui j&rsquo;avoue, on peut dire que je suis heureux.<\/strong> En conventionnel, jamais je n&rsquo;aurais pu d\u00e9gager une heure par jour pour jouer de l&rsquo;orgue\u00a0\u00bb, sourit modestement ce paysan d\u00e9sormais inscrit au conservatoire de Caen. P\u00e8re de quatre enfants \u00e2g\u00e9s de six mois \u00e0 19 ans, <strong>Fran\u00e7ois Hamel a repris en 1998 la ferme familiale \u00e0 Berni\u00e8res-le-Patry (Calvados<\/strong>), avant de se <strong>convertir \u00e0 la production biologique \u00e0 partir de 2010 et d&rsquo;obtenir le label AB en 2012.<\/strong><br \/>\nSa s\u00e9r\u00e9nit\u00e9 tranche avec le d\u00e9sespoir des \u00e9leveurs qui manifestaient quelques jours plus t\u00f4t \u00e0 Caen, \u00e9voquant avec col\u00e8re le <strong>suicide r\u00e9cent d&rsquo;un des leurs, cribl\u00e9 de dettes, et criant leur \u00ab\u00a0ras le bol\u00a0\u00bb de ne pouvoir vivre de leur m\u00e9tier et de devoir travailler \u00ab\u00a0365 jours sur 365\u00a0\u00bb.<\/strong><br \/>\nFran\u00e7ois Hamel et son \u00e9pouse Clotilde ont eux aussi manifest\u00e9, mais en 2009, en jetant leur lait pour tenter de faire remonter le prix d&rsquo;achat par les laiteries.<br \/>\n<strong>Cette gr\u00e8ve s&rsquo;av\u00e9rant vaine, le couple a d\u00e9cid\u00e9 de se lancer dans l&rsquo;agriculture bio.<\/strong><br \/>\n\u00ab\u00a0Il y a un moment o\u00f9 il faut s&rsquo;asseoir et se demander o\u00f9 on\u00a0veut aller. <strong>Pour nous, respecter la vie, la terre, c&rsquo;est sacr\u00e9\u00a0\u00bb<\/strong>, explique ce catholique.<br \/>\nR\u00e9sultat, le couple assure avoir aujourd&rsquo;hui <strong>doubl\u00e9 son revenu annuel \u00e0 environ 50.000 euros, dont 25.000 euros de subventions.<\/strong> Avant, il ne lui restait plus que l&rsquo;argent des subventions pour vivre.<br \/>\nLe producteur, f\u00e9ru des fugues de Bach et \u00ab\u00a0visc\u00e9ralement attach\u00e9\u00a0\u00bb \u00e0 la terre, a <strong>vendu son lait en moyenne 435 euros les mille litres en 2015 pour un co\u00fbt de production de 350 euros.<\/strong> En 2016, le prix de vente augmente, m\u00eame apr\u00e8s une baisse en 2015 par rapport \u00e0 2014.<br \/>\nEn conventionnel, un \u00e9leveur de 100 vaches a r\u00e9cemment expliqu\u00e9 \u00e0 l&rsquo;AFP vendre son lait <strong>270 euros pour un co\u00fbt de production de 340<\/strong>, accumuler les dettes et vivre en cons\u00e9quence des revenus de sa femme \u00e0 l&rsquo;ext\u00e9rieur.<br \/>\n<strong>Endett\u00e9s jadis \u00e0 40%, les Hamel ont sold\u00e9 tous leurs cr\u00e9dits en 2014<\/strong> et ils ont pu embaucher un salari\u00e9 \u00e0 quart temps.<br \/>\nFini \u00ab\u00a0les notes pas possibles de concentr\u00e9 (ma\u00efs-soja) import\u00e9 du Br\u00e9sil, et de produits phytosanitaires\u00a0\u00bb: <strong>leurs vaches sont depuis 2015 enti\u00e8rement nourries \u00e0 l&rsquo;herbe, avec un compl\u00e9ment de betteraves. Les b\u00eates sont soign\u00e9es aux huiles essentielles et hom\u00e9opathie.<\/strong><br \/>\nPour garder leur libert\u00e9, les exploitants limitent les investissements. \u00ab\u00a0J&rsquo;aime pas quand c&rsquo;est la machine qui me dit: +tu vas faire telle production pendant 20 ans pour rembourser+\u00a0\u00bb, r\u00e9sume le producteur, qui a commenc\u00e9 \u00e0 diversifier sa production, dans le bl\u00e9, au cas o\u00f9, \u00ab\u00a0dans 15 ans, le lait ne marche plus\u00a0\u00bb.<br \/>\n<strong>Le virage bio a bien s\u00fbr \u00e9t\u00e9 d\u00e9licat.<\/strong><br \/>\n\u00ab\u00a0On avait plein de verrous psychologiques \u00e0 faire sauter. Le r\u00e9flexe qu&rsquo;on a tous, c&rsquo;est de ne surtout pas vouloir baisser la production. Et puis on s&rsquo;ouvre petit \u00e0 petit, on voit que le prix est effectivement \u00e9lev\u00e9. On se dit: +\u00e0 quoi bon s&rsquo;\u00e9chiner comme un bourrin+\u00a0\u00bb, explique Fran\u00e7ois Hamel.<br \/>\n<strong>Le couple poss\u00e8de 50 vaches laiti\u00e8res. Il en a eu jusqu&rsquo;\u00e0 68 par le pass\u00e9. Chacune produit 4.000 litres par an, contre 7.000 auparavant.<\/strong><br \/>\nLe cheptel a d\u00fb en outre \u00eatre adapt\u00e9. <strong>Les pattes des productives Holstein \u00e9taient trop fragiles pour p\u00e2turer souvent.<\/strong> \u00ab\u00a0Jusqu&rsquo;\u00e0 un quart du troupeau boitait\u00a0\u00bb, se souvient l&rsquo;\u00e9leveur. Plusieurs sont tomb\u00e9es malades. Il a r\u00e9solu le probl\u00e8me en les croisant avec d&rsquo;autres races, \u00ab\u00a0une h\u00e9r\u00e9sie\u00a0\u00bb pour les Hamel des ann\u00e9es 2000.<br \/>\nReste que \u00ab\u00a0j&rsquo;ai la chance d&rsquo;avoir des terres regroup\u00e9es, c&rsquo;est plus facile. Et il faut de la tr\u00e9sorerie au d\u00e9part\u00a0\u00bb, reconna\u00eet-il.<\/span><\/span><\/p>\n<h6><span style=\"color: #000000;\">Source :\u00a0\u00a0\u00a0\u00a0\u00a0\u00a0\u00a0BERNI\u00c8RES-LE-PATRY (France), 1 mars 2016 (AFP)\u00a0<\/span><\/h6>\n<h6><span style=\"color: #000000;\">Source : Par Lionel Allorge (Travail personnel) [GFDL (http:\/\/www.gnu.org\/copyleft\/fdl.html) ou CC BY-SA 3.0 (http:\/\/creativecommons.org\/licenses\/by-sa\/3.0)], via Wikimedia Commons<\/span><\/h6>\n","protected":false},"excerpt":{"rendered":"<p>Il \u00ab\u00a0l&rsquo;avoue\u00a0\u00bb du bout des l\u00e8vres, en ces temps de crise agricole aigu\u00eb, Fran\u00e7ois Hamel, 38 ans, est un producteur de lait heureux, bien r\u00e9mun\u00e9r\u00e9, d\u00e9sendett\u00e9, avec des loisirs. Apr\u00e8s avoir fait la gr\u00e8ve du lait en 2009, il s&rsquo;est &hellip; <a href=\"https:\/\/claire-jannot.com\/?p=6663\">Continuer la lecture <span class=\"meta-nav\">&rarr;<\/span><\/a><\/p>\n","protected":false},"author":1,"featured_media":0,"comment_status":"open","ping_status":"open","sticky":false,"template":"","format":"standard","meta":{"jetpack_post_was_ever_published":false,"_jetpack_newsletter_access":"","_jetpack_dont_email_post_to_subs":false,"_jetpack_newsletter_tier_id":0,"_jetpack_memberships_contains_paywalled_content":false,"_jetpack_memberships_contains_paid_content":false,"footnotes":"","jetpack_publicize_message":"","jetpack_publicize_feature_enabled":true,"jetpack_social_post_already_shared":true,"jetpack_social_options":{"image_generator_settings":{"template":"highway","default_image_id":0,"font":"","enabled":false},"version":2}},"categories":[1,2],"tags":[42,58,22,3],"class_list":["post-6663","post","type-post","status-publish","format-standard","hentry","category-alimentation","category-ecologie","tag-agriculture","tag-alimentation-2","tag-biologique","tag-consommation"],"jetpack_publicize_connections":[],"jetpack_featured_media_url":"","jetpack_sharing_enabled":true,"jetpack_shortlink":"https:\/\/wp.me\/p5jjt5-1Jt","_links":{"self":[{"href":"https:\/\/claire-jannot.com\/index.php?rest_route=\/wp\/v2\/posts\/6663","targetHints":{"allow":["GET"]}}],"collection":[{"href":"https:\/\/claire-jannot.com\/index.php?rest_route=\/wp\/v2\/posts"}],"about":[{"href":"https:\/\/claire-jannot.com\/index.php?rest_route=\/wp\/v2\/types\/post"}],"author":[{"embeddable":true,"href":"https:\/\/claire-jannot.com\/index.php?rest_route=\/wp\/v2\/users\/1"}],"replies":[{"embeddable":true,"href":"https:\/\/claire-jannot.com\/index.php?rest_route=%2Fwp%2Fv2%2Fcomments&post=6663"}],"version-history":[{"count":4,"href":"https:\/\/claire-jannot.com\/index.php?rest_route=\/wp\/v2\/posts\/6663\/revisions"}],"predecessor-version":[{"id":6668,"href":"https:\/\/claire-jannot.com\/index.php?rest_route=\/wp\/v2\/posts\/6663\/revisions\/6668"}],"wp:attachment":[{"href":"https:\/\/claire-jannot.com\/index.php?rest_route=%2Fwp%2Fv2%2Fmedia&parent=6663"}],"wp:term":[{"taxonomy":"category","embeddable":true,"href":"https:\/\/claire-jannot.com\/index.php?rest_route=%2Fwp%2Fv2%2Fcategories&post=6663"},{"taxonomy":"post_tag","embeddable":true,"href":"https:\/\/claire-jannot.com\/index.php?rest_route=%2Fwp%2Fv2%2Ftags&post=6663"}],"curies":[{"name":"wp","href":"https:\/\/api.w.org\/{rel}","templated":true}]}}