{"id":6689,"date":"2016-03-26T12:38:25","date_gmt":"2016-03-26T11:38:25","guid":{"rendered":"http:\/\/www.grandesterresbio.com\/?p=6689"},"modified":"2016-03-26T12:38:25","modified_gmt":"2016-03-26T11:38:25","slug":"en-mediterranee-la-taille-des-poissons-diminue","status":"publish","type":"post","link":"https:\/\/claire-jannot.com\/?p=6689","title":{"rendered":"En M\u00e9diterran\u00e9e la taille des poissons diminue"},"content":{"rendered":"<h2>La situation est alarmante pour les p\u00eacheurs du sud de la France. Du fait des bouleversements climatiques, la taille des sardines ne fait que diminuer.<\/h2>\n<p><a href=\"https:\/\/i0.wp.com\/www.grandesterresbio.com\/wp-content\/uploads\/2016\/03\/1024px-Sardines_-_%E9%B0%AF%E3%81%84%E3%82%8F%E3%81%97.jpg\" rel=\"attachment wp-att-6690\"><img data-recalc-dims=\"1\" loading=\"lazy\" decoding=\"async\" class=\"alignleft  wp-image-6690\" src=\"https:\/\/i0.wp.com\/www.grandesterresbio.com\/wp-content\/uploads\/2016\/03\/1024px-Sardines_-_%E9%B0%AF%E3%81%84%E3%82%8F%E3%81%97.jpg?resize=391%2C293\" alt=\"1024px-Sardines_-_\u9c2f(\u3044\u308f\u3057)\" width=\"391\" height=\"293\" srcset=\"https:\/\/i0.wp.com\/claire-jannot.com\/wp-content\/uploads\/2016\/03\/1024px-Sardines_-_%E9%B0%AF%E3%81%84%E3%82%8F%E3%81%97.jpg?w=1024&amp;ssl=1 1024w, https:\/\/i0.wp.com\/claire-jannot.com\/wp-content\/uploads\/2016\/03\/1024px-Sardines_-_%E9%B0%AF%E3%81%84%E3%82%8F%E3%81%97.jpg?resize=300%2C225&amp;ssl=1 300w, https:\/\/i0.wp.com\/claire-jannot.com\/wp-content\/uploads\/2016\/03\/1024px-Sardines_-_%E9%B0%AF%E3%81%84%E3%82%8F%E3%81%97.jpg?resize=768%2C576&amp;ssl=1 768w\" sizes=\"auto, (max-width: 391px) 100vw, 391px\" \/><\/a>Selon une \u00e9tude financ\u00e9e par <strong>France Fili\u00e8re P\u00eache<\/strong>, la taille des sardines et des anchois p\u00each\u00e9s dans le sud de la France ne ferait que diminuer. <strong>Ces deux esp\u00e8ces, parmi les poissons les plus p\u00each\u00e9s en M\u00e9diterran\u00e9e<\/strong>, auraient vu leur taille se r\u00e9duire consid\u00e9rablement l\u2019an dernier, passant de <strong>15 \u00e0 11cm<\/strong> en ce qui concerne les sardines.<\/p>\n<p>De fait, la biomasse des sardines pr\u00e9sente dans cette mer du sud a \u00e9galement, elle-aussi, fortement diminu\u00e9, passant de <strong>200\u00a0000 \u00e0 67\u00a0000 tonnes<\/strong> en l\u2019espace de dix ans. Et cela alors que leur nombre n\u2019a pas diminu\u00e9, ce qui explique ind\u00e9niablement une r\u00e9duction de leur taille. Du c\u00f4t\u00e9 des anchois, c\u2019est le m\u00eame son de cloche.<\/p>\n<p>Plusieurs explications viennent corroborer ce ph\u00e9nom\u00e8ne. Tout d\u2019abord, la <strong>pr\u00e9sence d\u2019agents \u00e9trangers, parfois toxiques<\/strong>, qui a un impact direct sur la croissance et le d\u00e9veloppement des poissons. Mais la pr\u00e9sence de ces produits a \u00e9galement un <strong>impact sur la taille du plancton<\/strong>, aval\u00e9 par ces poissons. Un cercle vicieux en somme.<\/p>\n<p><strong>Un probl\u00e8me \u00e9cologique qui a une cons\u00e9quence directe sur l\u2019\u00e9conomie locale.<\/strong> Anchois et sardines repr\u00e9sentent plus de <strong>50 % du poisson p\u00each\u00e9<\/strong> dans cette r\u00e9gion. Et avec des poissons plus petits, et plus maigres, les prix s\u2019effondrent.<\/p>\n<h6>Source :\u00a0http:\/\/www.greenetvert.fr\/<\/h6>\n<h6>Cr\u00e9dit photo :\u00a0Par TANAKA Juuyoh (\u7530\u4e2d\u5341\u6d0b) (sardines \/ \u9c2f(\u3044\u308f\u3057)) [CC BY 2.0 (http:\/\/creativecommons.org\/licenses\/by\/2.0)], via Wikimedia Commons<\/h6>\n<p>&nbsp;<\/p>\n<p>&nbsp;<\/p>\n<p>&nbsp;<\/p>\n<p>&nbsp;<\/p>\n","protected":false},"excerpt":{"rendered":"<p>La situation est alarmante pour les p\u00eacheurs du sud de la France. Du fait des bouleversements climatiques, la taille des sardines ne fait que diminuer. Selon une \u00e9tude financ\u00e9e par France Fili\u00e8re P\u00eache, la taille des sardines et des anchois &hellip; <a href=\"https:\/\/claire-jannot.com\/?p=6689\">Continuer la lecture <span class=\"meta-nav\">&rarr;<\/span><\/a><\/p>\n","protected":false},"author":1,"featured_media":0,"comment_status":"open","ping_status":"open","sticky":false,"template":"","format":"standard","meta":{"jetpack_post_was_ever_published":false,"_jetpack_newsletter_access":"","_jetpack_dont_email_post_to_subs":false,"_jetpack_newsletter_tier_id":0,"_jetpack_memberships_contains_paywalled_content":false,"_jetpack_memberships_contains_paid_content":false,"footnotes":"","jetpack_publicize_message":"","jetpack_publicize_feature_enabled":true,"jetpack_social_post_already_shared":true,"jetpack_social_options":{"image_generator_settings":{"template":"highway","default_image_id":0,"font":"","enabled":false},"version":2}},"categories":[1,2],"tags":[58,3,39,5,52,36],"class_list":["post-6689","post","type-post","status-publish","format-standard","hentry","category-alimentation","category-ecologie","tag-alimentation-2","tag-consommation","tag-eau","tag-environnement","tag-oceans","tag-pollution"],"jetpack_publicize_connections":[],"jetpack_featured_media_url":"","jetpack_sharing_enabled":true,"jetpack_shortlink":"https:\/\/wp.me\/p5jjt5-1JT","_links":{"self":[{"href":"https:\/\/claire-jannot.com\/index.php?rest_route=\/wp\/v2\/posts\/6689","targetHints":{"allow":["GET"]}}],"collection":[{"href":"https:\/\/claire-jannot.com\/index.php?rest_route=\/wp\/v2\/posts"}],"about":[{"href":"https:\/\/claire-jannot.com\/index.php?rest_route=\/wp\/v2\/types\/post"}],"author":[{"embeddable":true,"href":"https:\/\/claire-jannot.com\/index.php?rest_route=\/wp\/v2\/users\/1"}],"replies":[{"embeddable":true,"href":"https:\/\/claire-jannot.com\/index.php?rest_route=%2Fwp%2Fv2%2Fcomments&post=6689"}],"version-history":[{"count":1,"href":"https:\/\/claire-jannot.com\/index.php?rest_route=\/wp\/v2\/posts\/6689\/revisions"}],"predecessor-version":[{"id":6691,"href":"https:\/\/claire-jannot.com\/index.php?rest_route=\/wp\/v2\/posts\/6689\/revisions\/6691"}],"wp:attachment":[{"href":"https:\/\/claire-jannot.com\/index.php?rest_route=%2Fwp%2Fv2%2Fmedia&parent=6689"}],"wp:term":[{"taxonomy":"category","embeddable":true,"href":"https:\/\/claire-jannot.com\/index.php?rest_route=%2Fwp%2Fv2%2Fcategories&post=6689"},{"taxonomy":"post_tag","embeddable":true,"href":"https:\/\/claire-jannot.com\/index.php?rest_route=%2Fwp%2Fv2%2Ftags&post=6689"}],"curies":[{"name":"wp","href":"https:\/\/api.w.org\/{rel}","templated":true}]}}