{"id":6696,"date":"2016-03-28T13:04:10","date_gmt":"2016-03-28T12:04:10","guid":{"rendered":"http:\/\/www.grandesterresbio.com\/?p=6696"},"modified":"2016-03-26T13:16:32","modified_gmt":"2016-03-26T12:16:32","slug":"dereglement-climatique-les-paysans-sont-les-premieres-victimes","status":"publish","type":"post","link":"https:\/\/claire-jannot.com\/?p=6696","title":{"rendered":"D\u00e9r\u00e8glement climatique : les paysans sont les premi\u00e8res victimes"},"content":{"rendered":"<h1 class=\"entry-title\"><\/h1>\n<h2 style=\"text-align: left;\" align=\"center\">Les premi\u00e8res victimes du d\u00e9r\u00e8glement climatique sont bien souvent les paysans. La s\u00e9cheresse, les intemp\u00e9ries inhabituelles, et les inondations bouleversent l\u2019\u00e9quilibre de leurs terres. Des donn\u00e9es climatiques de moins en moins pr\u00e9visibles, de plus en plus capricieuses, et ce aux quatre coins du monde.<\/h2>\n<div id=\"attachment_6697\" style=\"width: 391px\" class=\"wp-caption alignleft\"><a href=\"https:\/\/i0.wp.com\/www.grandesterresbio.com\/wp-content\/uploads\/2016\/03\/aficaine.jpg\" rel=\"attachment wp-att-6697\"><img data-recalc-dims=\"1\" loading=\"lazy\" decoding=\"async\" aria-describedby=\"caption-attachment-6697\" class=\" wp-image-6697\" src=\"https:\/\/i0.wp.com\/www.grandesterresbio.com\/wp-content\/uploads\/2016\/03\/aficaine.jpg?resize=381%2C254\" alt=\"Katale, Province du Nord Kivu, RD Congo\" width=\"381\" height=\"254\" srcset=\"https:\/\/i0.wp.com\/claire-jannot.com\/wp-content\/uploads\/2016\/03\/aficaine.jpg?w=800&amp;ssl=1 800w, https:\/\/i0.wp.com\/claire-jannot.com\/wp-content\/uploads\/2016\/03\/aficaine.jpg?resize=300%2C200&amp;ssl=1 300w, https:\/\/i0.wp.com\/claire-jannot.com\/wp-content\/uploads\/2016\/03\/aficaine.jpg?resize=768%2C512&amp;ssl=1 768w\" sizes=\"auto, (max-width: 381px) 100vw, 381px\" \/><\/a><p id=\"caption-attachment-6697\" class=\"wp-caption-text\">Katale, Province du Nord Kivu, RD Congo<\/p><\/div>\n<p>Secr\u00e9taire de l\u2019organisation Serikat Petani Indonesia, <strong>Zinal Arifin Fuad<\/strong> s\u2019est exprim\u00e9 pour l\u2019<strong>ONG Via Campesina<\/strong>, \u00e0 Paris, afin de t\u00e9moigner de la situation en <strong>Indon\u00e9sie.<\/strong> Il raconte que normalement les fermiers ont un calendrier pour leurs plantations. <strong>Mais aujourd\u2019hui, il devient impossible de le mettre \u00e0 jour \u00e0 cause des intemp\u00e9ries.<\/strong> Zinal Arifin Fuad explique que pour eux la saison des pluies est cens\u00e9e se situer d\u2019octobre \u00e0 avril et la saison s\u00e8che de mars \u00e0 septembre. Actuellement, ils ne peuvent plus rien pr\u00e9voir. Ils sont oblig\u00e9s de <strong>faire face aux d\u00e9r\u00e8glements climatiques, et sont donc contraints de revoir l\u2019ensemble de leurs modes de production.<\/strong> Pour toute ces raisons, l\u2019association indon\u00e9sienne Serikat Petani vante le syst\u00e8me de <strong>riziculture intensive (SRI), car il offre la possibilit\u00e9 de produire plus de riz avec moins d\u2019eau et moins de pesticides.<\/strong><\/p>\n<p>Les Indon\u00e9siens ne sont pas les seuls \u00e0 \u00eatre frapp\u00e9s par les d\u00e9r\u00e8glements du climat, les paysans turcs sont \u00e9galement touch\u00e9s. <strong>Adnan Cobano qui repr\u00e9sente la conf\u00e9d\u00e9ration de syndicats paysans turcs Ciftci-Sen<\/strong>, a d\u00e9j\u00e0 observ\u00e9 les effets du climat sur sa production de fruits. Il d\u00e9crit<strong> les conditions de pluies impr\u00e9visibles, en dehors de la saison, qui ont caus\u00e9 des maladies et les ont contraint \u00e0 utiliser des pesticides pour les d\u00e9truire.\u00a0<\/strong> Apr\u00e8s cela, les vagues de<strong> chaleur hivernales<\/strong> ont d\u00e9r\u00e9gl\u00e9 l\u2019\u00e9tat v\u00e9g\u00e9tatif des plantes, alors que des coups de <strong>gels r\u00e9p\u00e9titifs<\/strong> avaient d\u00e9j\u00e0 eu lieu pr\u00e9c\u00e9demment. Il ajoute pour terminer que l\u2019ann\u00e9e pass\u00e9e, c\u2019est <strong>la neige qui avait d\u00e9vast\u00e9 ses vignes.<\/strong><\/p>\n<p>Le second ph\u00e9nom\u00e8ne climatique d\u00e9sastreux pour <strong>les paysans de l\u2019Afrique \u00e0 l\u2019Am\u00e9rique centrale, c\u2019est la s\u00e9cheresse.<\/strong> L\u2019association des travailleurs agricoles du Nicaragua (ATC), repr\u00e9sent\u00e9e par <strong>Edgardo Garcia Aguilar<\/strong>\u00a0 annonce que ce pays d\u2019Am\u00e9rique centrale se situant entre l\u2019oc\u00e9an Pacifique et l\u2019oc\u00e9an Atlantique, est durement touch\u00e9 par le r\u00e9chauffement climatique.<strong> Selon lui, en 2014, la s\u00e9cheresse a \u00e9t\u00e9 d\u2019une telle violence que les paysans ont d\u00fb vendre leurs b\u00eates car ils ne pouvaient pas les alimenter.<\/strong> <strong>La mer, elle, avait une temp\u00e9rature plus \u00e9lev\u00e9e que la normale, en cons\u00e9quence, les p\u00eacheurs ne trouvaient plus de poissons.<\/strong> Cela est d\u2019autant plus dramatique que la moiti\u00e9 de la population vit de la p\u00eache et de l\u2019agriculture, a expliqu\u00e9 M. Garcia Aguilar.<\/p>\n<p>Mamadou Fayinkeh, pr\u00e9sident de l\u2019association des fermiers de Gambie, s\u2019exprime sur la <strong>dur\u00e9e de la saison des pluies qui est pass\u00e9e de 3 ou 4 mois \u00e0 2 en quelques ann\u00e9es.<\/strong> Il ajoute qu\u2019il n\u2019existe <strong>aucun proc\u00e9d\u00e9 d\u2019irrigation<\/strong> dans son pays et que jamais les r\u00e9serves d\u2019eau n\u2019ont \u00e9t\u00e9 explor\u00e9es.<\/p>\n<p>En Afrique du Sud, on dresse le m\u00eame bilan. <strong>Themba, membre de l\u2019association Landless People Movement<\/strong> constate que<strong> les populations les plus pauvres sont les plus touch\u00e9es par les effets du changement climatique.<\/strong> La chaleur est intol\u00e9rable, selon lui, les b\u00eates meurent, et les champs sont d\u00e9sert\u00e9s par les gens car il ne pleut pas. Et si malgr\u00e9 tout il pleut, c\u2019est violemment, et les orages et le vent d\u00e9truisent les habitations.\u00a0Le pr\u00e9sident de l\u2019association gambienne s\u2019interroge car <strong>au XIXe si\u00e8cle, les fermiers n\u2019avaient pas nos technologies, mais les gens se nourrissaient quand m\u00eame,<\/strong> aujourd\u2019hui ce n\u2019est plus la cas. De quoi se poser de s\u00e9rieuses questions\u00a0?<\/p>\n<h6>Source : http:\/\/www.greenetvert.fr\/<\/h6>\n<h6>Cr\u00e9dit photo :\u00a0Par MONUSCO Photos (Photo of the day 11.11.2015) [CC BY-SA 2.0 (http:\/\/creativecommons.org\/licenses\/by-sa\/2.0)], via Wikimedia Commons<\/h6>\n<p>&nbsp;<\/p>\n<p>&nbsp;<\/p>\n<p>&nbsp;<\/p>\n","protected":false},"excerpt":{"rendered":"<p>Les premi\u00e8res victimes du d\u00e9r\u00e8glement climatique sont bien souvent les paysans. La s\u00e9cheresse, les intemp\u00e9ries inhabituelles, et les inondations bouleversent l\u2019\u00e9quilibre de leurs terres. Des donn\u00e9es climatiques de moins en moins pr\u00e9visibles, de plus en plus capricieuses, et ce aux &hellip; <a href=\"https:\/\/claire-jannot.com\/?p=6696\">Continuer la lecture <span class=\"meta-nav\">&rarr;<\/span><\/a><\/p>\n","protected":false},"author":1,"featured_media":0,"comment_status":"open","ping_status":"open","sticky":false,"template":"","format":"standard","meta":{"jetpack_post_was_ever_published":false,"_jetpack_newsletter_access":"","_jetpack_dont_email_post_to_subs":false,"_jetpack_newsletter_tier_id":0,"_jetpack_memberships_contains_paywalled_content":false,"_jetpack_memberships_contains_paid_content":false,"footnotes":"","jetpack_publicize_message":"","jetpack_publicize_feature_enabled":true,"jetpack_social_post_already_shared":true,"jetpack_social_options":{"image_generator_settings":{"template":"highway","default_image_id":0,"font":"","enabled":false},"version":2}},"categories":[1,2],"tags":[42,58,51,5,36,11],"class_list":["post-6696","post","type-post","status-publish","format-standard","hentry","category-alimentation","category-ecologie","tag-agriculture","tag-alimentation-2","tag-climat","tag-environnement","tag-pollution","tag-societe-2"],"jetpack_publicize_connections":[],"jetpack_featured_media_url":"","jetpack_sharing_enabled":true,"jetpack_shortlink":"https:\/\/wp.me\/p5jjt5-1K0","_links":{"self":[{"href":"https:\/\/claire-jannot.com\/index.php?rest_route=\/wp\/v2\/posts\/6696","targetHints":{"allow":["GET"]}}],"collection":[{"href":"https:\/\/claire-jannot.com\/index.php?rest_route=\/wp\/v2\/posts"}],"about":[{"href":"https:\/\/claire-jannot.com\/index.php?rest_route=\/wp\/v2\/types\/post"}],"author":[{"embeddable":true,"href":"https:\/\/claire-jannot.com\/index.php?rest_route=\/wp\/v2\/users\/1"}],"replies":[{"embeddable":true,"href":"https:\/\/claire-jannot.com\/index.php?rest_route=%2Fwp%2Fv2%2Fcomments&post=6696"}],"version-history":[{"count":1,"href":"https:\/\/claire-jannot.com\/index.php?rest_route=\/wp\/v2\/posts\/6696\/revisions"}],"predecessor-version":[{"id":6698,"href":"https:\/\/claire-jannot.com\/index.php?rest_route=\/wp\/v2\/posts\/6696\/revisions\/6698"}],"wp:attachment":[{"href":"https:\/\/claire-jannot.com\/index.php?rest_route=%2Fwp%2Fv2%2Fmedia&parent=6696"}],"wp:term":[{"taxonomy":"category","embeddable":true,"href":"https:\/\/claire-jannot.com\/index.php?rest_route=%2Fwp%2Fv2%2Fcategories&post=6696"},{"taxonomy":"post_tag","embeddable":true,"href":"https:\/\/claire-jannot.com\/index.php?rest_route=%2Fwp%2Fv2%2Ftags&post=6696"}],"curies":[{"name":"wp","href":"https:\/\/api.w.org\/{rel}","templated":true}]}}