{"id":6703,"date":"2016-04-02T11:55:59","date_gmt":"2016-04-02T10:55:59","guid":{"rendered":"http:\/\/www.grandesterresbio.com\/?p=6703"},"modified":"2016-04-02T11:55:59","modified_gmt":"2016-04-02T10:55:59","slug":"dou-vient-la-rosee-printaniere","status":"publish","type":"post","link":"https:\/\/claire-jannot.com\/?p=6703","title":{"rendered":"D&rsquo;o\u00f9 vient la ros\u00e9e printani\u00e8re ?"},"content":{"rendered":"<header class=\"entry-header\">\n<h2 class=\"entry-title\">Parce que la m\u00e9t\u00e9o \u00e0 cette saison y est propice, que ce soit \u00e0 la tomb\u00e9e de la nuit ou au petit matin. Plusieurs conditions doivent \u00eatre r\u00e9unies pour que des gouttelettes viennent emperler l\u2019herbe ou les arbustes\u2009: le sol doit \u00eatre froid et l\u2019air proche de lui charg\u00e9 d\u2019une certaine humidit\u00e9. Plus en hauteur, l\u2019air doit \u00eatre plus sec.<\/h2>\n<\/header>\n<div class=\"entry-content\">\n<div id=\"attachment_6704\" style=\"width: 357px\" class=\"wp-caption alignleft\"><a href=\"https:\/\/i0.wp.com\/www.grandesterresbio.com\/wp-content\/uploads\/2016\/04\/ros%C3%A9e.jpg\" rel=\"attachment wp-att-6704\"><img data-recalc-dims=\"1\" loading=\"lazy\" decoding=\"async\" aria-describedby=\"caption-attachment-6704\" class=\" wp-image-6704\" src=\"https:\/\/i0.wp.com\/www.grandesterresbio.com\/wp-content\/uploads\/2016\/04\/ros%C3%A9e.jpg?resize=347%2C454\" alt=\" Guttation sur une pr\u00eale des eaux (Equisetum fluviatile) en Belgique\" width=\"347\" height=\"454\" srcset=\"https:\/\/i0.wp.com\/claire-jannot.com\/wp-content\/uploads\/2016\/04\/ros%C3%A9e.jpg?w=1292&amp;ssl=1 1292w, https:\/\/i0.wp.com\/claire-jannot.com\/wp-content\/uploads\/2016\/04\/ros%C3%A9e.jpg?resize=230%2C300&amp;ssl=1 230w, https:\/\/i0.wp.com\/claire-jannot.com\/wp-content\/uploads\/2016\/04\/ros%C3%A9e.jpg?resize=768%2C1003&amp;ssl=1 768w, https:\/\/i0.wp.com\/claire-jannot.com\/wp-content\/uploads\/2016\/04\/ros%C3%A9e.jpg?resize=784%2C1024&amp;ssl=1 784w\" sizes=\"auto, (max-width: 347px) 100vw, 347px\" \/><\/a><p id=\"caption-attachment-6704\" class=\"wp-caption-text\">Guttation sur une pr\u00eale des eaux (Equisetum fluviatile)<\/p><\/div>\n<p>P<span style=\"color: #000000;\">r\u00e9cis\u00e9ment, la temp\u00e9rature du sol doit descendre en dessous du<strong>\u00ab\u00a0point de ros\u00e9e\u00a0\u00bb, une donn\u00e9e thermodynamique qui d\u00e9pend de la pression et de l\u2019humidit\u00e9 ambiantes.<\/strong> Par exemple, lorsque l\u2019air est \u00e0 10\u00a0\u00b0C et 60\u00a0% d\u2019humidit\u00e9, le point de ros\u00e9e vaut 2,5\u00a0\u00b0C environ.<\/span><\/p>\n<p><strong>Les fra\u00eeches nuits printani\u00e8res favorisent la ros\u00e9e.\u00a0<\/strong>Alors, au contact d\u2019une plante ou tout autre surface se trouvant en dessous de cette temp\u00e9rature, les mol\u00e9cules d\u2019eau contenues dans l\u2019air se condensent et la recouvrent de mille gouttelettes.<\/p>\n<p><span style=\"color: #000000;\">Un ph\u00e9nom\u00e8ne favoris\u00e9 par les fra\u00eeches nuits printani\u00e8res o\u00f9 le <strong>ciel est d\u00e9gag\u00e9 et le vent de moins de 5\u00a0km\/h.<\/strong> L\u2019\u00e9t\u00e9, l\u2019humidit\u00e9 est souvent insuffisante et la temp\u00e9rature trop \u00e9lev\u00e9e\u2009; l\u2019automne, le vent souffle souvent trop fort\u2009; tandis que l\u2019hiver, l\u2019air est parfois si froid qu\u2019\u00e0 la place de la ros\u00e9e se forme la \u201cgel\u00e9e blanche\u201d, compos\u00e9e de mol\u00e9cules d\u2019eau givr\u00e9e.<\/span><\/p>\n<h6><span style=\"color: #000000;\">Source : Fiorenza Gracci &#8211;\u00a0<em>D\u2019apr\u00e8s S&amp;V Questions-R\u00e9ponses n\u00b015<\/em><\/span><\/h6>\n<h6><span style=\"color: #000000;\">Cr\u00e9dit photo :\u00a0I, Luc Viatour [GFDL (http:\/\/www.gnu.org\/copyleft\/fdl.html), CC-BY-SA-3.0 (http:\/\/creativecommons.org\/licenses\/by-sa\/3.0\/) ou CC BY-SA 2.5-2.0-1.0 (http:\/\/creativecommons.org\/licenses\/by-sa\/2.5-2.0-1.0)], via Wikimedia Commons<\/span><\/h6>\n<\/div>\n<p>&nbsp;<\/p>\n<p>&nbsp;<\/p>\n<p>&nbsp;<\/p>\n","protected":false},"excerpt":{"rendered":"<p>Parce que la m\u00e9t\u00e9o \u00e0 cette saison y est propice, que ce soit \u00e0 la tomb\u00e9e de la nuit ou au petit matin. Plusieurs conditions doivent \u00eatre r\u00e9unies pour que des gouttelettes viennent emperler l\u2019herbe ou les arbustes\u2009: le sol &hellip; <a href=\"https:\/\/claire-jannot.com\/?p=6703\">Continuer la lecture <span class=\"meta-nav\">&rarr;<\/span><\/a><\/p>\n","protected":false},"author":1,"featured_media":0,"comment_status":"open","ping_status":"open","sticky":false,"template":"","format":"standard","meta":{"jetpack_post_was_ever_published":false,"_jetpack_newsletter_access":"","_jetpack_dont_email_post_to_subs":false,"_jetpack_newsletter_tier_id":0,"_jetpack_memberships_contains_paywalled_content":false,"_jetpack_memberships_contains_paid_content":false,"footnotes":"","jetpack_publicize_message":"","jetpack_publicize_feature_enabled":true,"jetpack_social_post_already_shared":true,"jetpack_social_options":{"image_generator_settings":{"template":"highway","default_image_id":0,"font":"","enabled":false},"version":2}},"categories":[2],"tags":[39,4,27,21],"class_list":["post-6703","post","type-post","status-publish","format-standard","hentry","category-ecologie","tag-eau","tag-ecologie2","tag-insolite","tag-jardin"],"jetpack_publicize_connections":[],"jetpack_featured_media_url":"","jetpack_sharing_enabled":true,"jetpack_shortlink":"https:\/\/wp.me\/p5jjt5-1K7","_links":{"self":[{"href":"https:\/\/claire-jannot.com\/index.php?rest_route=\/wp\/v2\/posts\/6703","targetHints":{"allow":["GET"]}}],"collection":[{"href":"https:\/\/claire-jannot.com\/index.php?rest_route=\/wp\/v2\/posts"}],"about":[{"href":"https:\/\/claire-jannot.com\/index.php?rest_route=\/wp\/v2\/types\/post"}],"author":[{"embeddable":true,"href":"https:\/\/claire-jannot.com\/index.php?rest_route=\/wp\/v2\/users\/1"}],"replies":[{"embeddable":true,"href":"https:\/\/claire-jannot.com\/index.php?rest_route=%2Fwp%2Fv2%2Fcomments&post=6703"}],"version-history":[{"count":2,"href":"https:\/\/claire-jannot.com\/index.php?rest_route=\/wp\/v2\/posts\/6703\/revisions"}],"predecessor-version":[{"id":6706,"href":"https:\/\/claire-jannot.com\/index.php?rest_route=\/wp\/v2\/posts\/6703\/revisions\/6706"}],"wp:attachment":[{"href":"https:\/\/claire-jannot.com\/index.php?rest_route=%2Fwp%2Fv2%2Fmedia&parent=6703"}],"wp:term":[{"taxonomy":"category","embeddable":true,"href":"https:\/\/claire-jannot.com\/index.php?rest_route=%2Fwp%2Fv2%2Fcategories&post=6703"},{"taxonomy":"post_tag","embeddable":true,"href":"https:\/\/claire-jannot.com\/index.php?rest_route=%2Fwp%2Fv2%2Ftags&post=6703"}],"curies":[{"name":"wp","href":"https:\/\/api.w.org\/{rel}","templated":true}]}}