{"id":6707,"date":"2016-04-03T12:02:06","date_gmt":"2016-04-03T11:02:06","guid":{"rendered":"http:\/\/www.grandesterresbio.com\/?p=6707"},"modified":"2016-04-02T12:29:59","modified_gmt":"2016-04-02T11:29:59","slug":"climat-le-niveau-de-la-mer-montera-plus-vite-que-prevu","status":"publish","type":"post","link":"https:\/\/claire-jannot.com\/?p=6707","title":{"rendered":"Climat, le niveau de la mer montera plus vite que pr\u00e9vu"},"content":{"rendered":"<div id=\"adunit\" data-rh-set-type=\"&quot;0&quot;\">\n<div id=\"ads\">\n<ul>\n<li id=\"taw0\" class=\"&quot;taw\" lang=\"&quot;fr&quot;\">\n<div class=\"&quot;rh&quot;\"><\/div>\n<div id=\"abgc\" class=\"abgc\" dir=\"ltr\">\n<h2 class=\"bodytext\">\u00c0 quelle vitesse fondent les glaciers islandais groenlandais\u00a0et Antarctique\u00a0? Cette question n\u2019a pas de r\u00e9ponse pr\u00e9cise \u00e0 l\u2019heure actuelle, tant les ph\u00e9nom\u00e8nes en jeu sont difficiles \u00e0 jauger.<\/h2>\n<div id=\"attachment_6708\" style=\"width: 390px\" class=\"wp-caption alignleft\"><a href=\"https:\/\/i0.wp.com\/www.grandesterresbio.com\/wp-content\/uploads\/2016\/04\/1280px-Antarctica_7_Laubeuf_Fjord_Webb_Island.jpg\" rel=\"attachment wp-att-6708\"><img data-recalc-dims=\"1\" loading=\"lazy\" decoding=\"async\" aria-describedby=\"caption-attachment-6708\" class=\"wp-image-6708 \" src=\"https:\/\/i0.wp.com\/www.grandesterresbio.com\/wp-content\/uploads\/2016\/04\/1280px-Antarctica_7_Laubeuf_Fjord_Webb_Island.jpg?resize=380%2C234\" alt=\"1280px-Antarctica_(7),_Laubeuf_Fjord,_Webb_Island\" width=\"380\" height=\"234\" srcset=\"https:\/\/i0.wp.com\/claire-jannot.com\/wp-content\/uploads\/2016\/04\/1280px-Antarctica_7_Laubeuf_Fjord_Webb_Island.jpg?w=1280&amp;ssl=1 1280w, https:\/\/i0.wp.com\/claire-jannot.com\/wp-content\/uploads\/2016\/04\/1280px-Antarctica_7_Laubeuf_Fjord_Webb_Island.jpg?resize=300%2C184&amp;ssl=1 300w, https:\/\/i0.wp.com\/claire-jannot.com\/wp-content\/uploads\/2016\/04\/1280px-Antarctica_7_Laubeuf_Fjord_Webb_Island.jpg?resize=768%2C472&amp;ssl=1 768w, https:\/\/i0.wp.com\/claire-jannot.com\/wp-content\/uploads\/2016\/04\/1280px-Antarctica_7_Laubeuf_Fjord_Webb_Island.jpg?resize=1024%2C630&amp;ssl=1 1024w\" sizes=\"auto, (max-width: 380px) 100vw, 380px\" \/><\/a><p id=\"caption-attachment-6708\" class=\"wp-caption-text\">Antarctique , Fjord Laubeuf Fjord, Webb Island<\/p><\/div>\n<p class=\"bodytext\">Les\u00a0glaciers\u00a0d\u2019eau douce\u00a0qui viennent s\u2019\u00e9taler \u00e0 la surface de l&rsquo;oc\u00e9an sont r\u00e9chauff\u00e9s par la mer et par l\u2019air, <strong>commencent \u00e0 fondre<\/strong>, diff\u00e9remment selon la temp\u00e9rature de l&rsquo;eau qui les l\u00e8che par-dessous. <strong>Ils se fragmentent en icebergs<\/strong>, qui s\u2019\u00e9chappent ou non puis reviennent parfois s\u2019\u00e9chouer pour un temps sur la c\u00f4te. Par ailleurs, cet apport d\u2019eau douce et froide <strong>modifie les \u00e9changes de chaleur et donc les courants au sein de l\u2019oc\u00e9an<\/strong>, mais comment ?<\/p>\n<p class=\"bodytext\">Deux \u00e9quipes, ind\u00e9pendantes, viennent de publier coup sur coup les r\u00e9sultats de deux \u00e9tudes, tout \u00e0 fait compl\u00e9mentaires. La premi\u00e8re a \u00e9tudi\u00e9 l\u2019effet de la fonte des eaux douces du <strong>Groenland et de l\u2019Antarctique<\/strong> sur la circulation oc\u00e9anique, en particulier la fameuse\u00a0<strong>AMOC\u00a0\u00a0(<em>Atlantic meridional overturning circulation<\/em>)<\/strong> et, en retour, l\u2019<strong>effet de cette modification<\/strong> sur\u00a0le climat\u00a0et sur la fonte des glaciers.<\/p>\n<p class=\"bodytext\">La seconde s\u2019est pench\u00e9e sur le <strong>m\u00e9canisme de la fonte en\u00a0Antarctique<\/strong>, en prenant en compte les ph\u00e9nom\u00e8nes \u00e0 l\u2019\u0153uvre au niveau des c\u00f4tes, avec la fracturation des langues glaciaires, due \u00e0 la temp\u00e9rature de l\u2019air, et l\u2019amplitude de la <strong>\u00abd\u00e9glaciation \u00bb<\/strong>, provoqu\u00e9e par la temp\u00e9rature de l\u2019eau qui fait fondre le plancher\u00a0de cette couche de glace. Les deux s\u2019appuient sur des mod\u00e8les et sur l\u2019\u00e9tude des pal\u00e9oclimats.<\/p>\n<p class=\"fs-media\"><span class=\"fs-media-legende\">La couverture glaciaire du Groenland est un vaste sujet d\u2019\u00e9tude pour les glaciologues du monde entier, qui ne l\u2019observent pas que par l\u2019interm\u00e9diaire des satellites. Sur place, ils analysent les mouvements de ces glaciers g\u00e9ants et entrem\u00eal\u00e9s, ainsi que les ph\u00e9nom\u00e8nes de fonte en surface mais aussi en profondeur, l\u00e0 o\u00f9 le glacier est en contact avec la roche.<\/span><\/p>\n<p><strong>L&rsquo;apport d&rsquo;eau douce va modifier les \u00e9changes thermiques :<\/strong>\u00a0Les r\u00e9sultats convergent et, m\u00eame, en quelque sorte, s\u2019additionnent. Parue dans la revue Atmospheric Chemistry and Physics, la premi\u00e8re \u00e9tude avance que la fonte des glaces antarctiques<strong> va refroidir l\u2019oc\u00e9an Austral<\/strong>, particuli\u00e8rement dans sa partie ouest. Cette eau douce, plus l\u00e9g\u00e8re que l\u2019eau sal\u00e9e, va rester en surface, expliquent les auteurs, et emp\u00eacher la remont\u00e9e des eaux plus profondes et un peu plus chaudes mais plus sal\u00e9es. Cette chaleur, qui se serait d\u00e9gag\u00e9e dans l\u2019atmosph\u00e8re, restera \u00e0 faible profondeur. Pr\u00e8s des c\u00f4tes antarctiques, elle r\u00e9chauffera les langues glaciaires qui fonderont plus vite, largueront davantage d\u2019eau douce froide, etc.<\/p>\n<p class=\"bodytext\">Ce cycle est donc celui d\u2019une <strong>r\u00e9troaction\u00a0positive qui acc\u00e9l\u00e8re d\u2019autant la fonte.<\/strong> Dans l\u2019Atlantique nord, le m\u00eame ph\u00e9nom\u00e8ne se mettrait en place, avec comme cons\u00e9quence <strong>un refroidissement des eaux en mer de Norv\u00e8ge.<\/strong> La cons\u00e9quence serait un affaiblissement de l\u2019AMOC, et donc des mouvements\u00a0verticaux de l\u2019eau. L\u2019analyse se fonde sur des mod\u00e9lisations\u00a0mais aussi sur les observations concernant <strong>l\u2019\u00c9\u00e9mien, une p\u00e9riode interglaci\u00e8re\u00a0(de -131.000 \u00e0 -114.000 ans) o\u00f9 le niveau des mers a consid\u00e9rablement mont\u00e9.<\/strong><\/p>\n<p class=\"bodytext\">La transposition \u00e0 notre \u00e9poque conduit les auteurs \u00e0 pr\u00e9dire une augmentation de l\u2019apport d\u2019eau douce. <strong>Sur la p\u00e9riode 2003-2015, ces entr\u00e9es atteignent 360 millions de tonnes par an en Atlantique nord et dans l\u2019oc\u00e9an Austral<\/strong>, ce qui repr\u00e9sente une hausse du niveau des oc\u00e9ans\u00a0de <strong>1 mm<\/strong>. Pour les auteurs, l\u2019augmentation de ce flux serait plus proche d\u2019une exponentielle que d\u2019une droite et le rythme actuel de doublement se situerait entre 10 et 40 ans. <strong>Cela conduirait \u00e0 une hausse du niveau de la mer de plusieurs m\u00e8tres<\/strong>, que les auteurs ne pr\u00e9cisent pas mais qui serait sup\u00e9rieure aux pr\u00e9visions actuelles du GIEC. Et ce n\u2019est pas tout : ces diff\u00e9rences de<strong> temp\u00e9ratures plus marqu\u00e9es en surface conduiraient \u00e0 des temp\u00eates\u00a0plus violentes<\/strong>, comme en t\u00e9moignent les \u00e9tudes g\u00e9ologiques de l\u2019\u00c9\u00e9mien.<\/p>\n<p class=\"fs-media\">Quant \u00e0 la seconde \u00e9tude, elle se concentre sur la fonte des glaciers antarctiques de fa\u00e7on plus r\u00e9aliste que les m\u00e9thodes utilis\u00e9es jusque-l\u00e0. <strong><em>\u00ab [Elle utilise] une approche de mod\u00e9lisation qui prend en compte les facteurs de d\u00e9glaciation li\u00e9s \u00e0 la fonte des langues de glace flottante (temp\u00e9rature oc\u00e9anique) et \u00e0 l&rsquo;effondrement des \u00ab\u00a0falaises de glace\u00a0\u00bb (temp\u00e9rature atmosph\u00e9rique) \u00bb<\/em>, commente Val\u00e9rie Masson-Delmotte<\/strong>\u00a0, climatologue et \u00e9galement coauteure de la premi\u00e8re \u00e9tude. La mod\u00e9lisation s\u2019appuie elle aussi sur les <strong>pal\u00e9oclimats de deux \u00e9poques<\/strong>, la derni\u00e8re p\u00e9riode glaci\u00e8re\u00a0et le <strong>Plioc\u00e8ne\u00a0(il y a environ trois millions d\u2019ann\u00e9es).<\/strong><\/p>\n<p class=\"bodytext\">La conclusion est, l\u00e0 aussi, un effet non lin\u00e9aire. Si le r\u00e9chauffement de l&rsquo;atmosph\u00e8re\u00a0atteint ou <strong>d\u00e9passe 3 \u00b0C d\u2019ici 2100<\/strong>, la d\u00e9glaciation des langues glaciaires de l\u2019Antarctique serait nettement acc\u00e9l\u00e9r\u00e9e \u00e0 partir de 2050. <strong>Ce continent austral contribuerait alors de 50 cm \u00e0 1 m \u00e0 la hausse du niveau des mers \u00e0 l\u2019horizon 2100.<\/strong> L\u2019effet continuerait de s\u2019amplifier ensuite, conduisant les si\u00e8cles suivants \u00e0 une hausse de 5 m ou plus : <em><strong>\u00ab 15 m en 2500 \u00bb<\/strong>,<\/em> annoncent Robert M. DeConto et David Pollard, les deux auteurs de cette \u00e9tude parue dans\u00a0<em>Nature<\/em><\/p>\n<p class=\"bodytext\">Tout \u00e0 fait distincts l\u2019une de l\u2019autre, ces deux travaux concluent, pour des raisons diff\u00e9rentes, \u00e0 <strong>une acc\u00e9l\u00e9ration de la fonte des eaux douces de l\u2019inlandsis\u00a0antarctique.<\/strong> Leurs r\u00e9sultats attendent d\u2019\u00eatre confirm\u00e9s mais ils donnent d\u00e9j\u00e0 des pistes, dans la <strong>pal\u00e9oclimatologie<\/strong> notamment. Les glaciers de l\u2019Antarctique feront encore parler d\u2019eux.<\/p>\n<\/div>\n<h6 class=\"bodytext\">Source : futurasciences<\/h6>\n<h6 id=\"&quot;cbb&quot;\" class=\"&quot;cbb&quot;\">Cr\u00e9dit photo : By Vincent van Zeijst (Own work) [CC BY-SA 3.0 (http:\/\/creativecommons.org\/licenses\/by-sa\/3.0)], via Wikimedia Commons<\/h6>\n<p id=\"&quot;mute_panel&quot;\">\n<p><script>\/\/ <![CDATA[\nvar abgp={elp:document.getElementById('abgcp'),el:document.getElementById('abgc'),ael:document.getElementById('abgs'),iel:document.getElementById('abgb'),hw:15,sw:91,hh:15,sh:15,himg:'https:\/\/tpc.googlesyndication.com'+'\/pagead\/images\/adchoices\/icon.png',simg:'https:\/\/tpc.googlesyndication.com\/pagead\/images\/adchoices\/fr.png',alt:'Choisir sa pub',t:'Choisir sa pub',tw:69,t2:'',t2w:0,tbo:0,popuptext:'',att:'adchoices',ff:'',halign:'right',fe:false,iba:false,lttp:false,umd:false,uic:true,uit:true,ict:document.getElementById('cbb'),icd:{&quot;creatives&quot;:[],&quot;height&quot;:90,&quot;width&quot;:670,&quot;attribution&quot;:{&quot;user_feedback_data&quot;:{&quot;ad_feedback_text&quot;:&quot;Ne plus voir cette annonce&quot;,&quot;mute_icon_url&quot;:&quot;https:\/\/googleads.g.doubleclick.net\/pagead\/images\/mtad\/x_blue.png&quot;,&quot;pub_feedback_text&quot;:&quot;L'annonce recouvre la page.&quot;,&quot;pub_feedback_icon_url&quot;:&quot;https:\/\/googleads.g.doubleclick.net\/pagead\/images\/mtad\/x_blue.png&quot;,&quot;conversion_url&quot;:&quot;https:\/\/googleads.g.doubleclick.net\/pagead\/conversion\/?ai=CcduTl6b_VvHZD5bNbczuodAEvbmF-QadsJD2uALAjbcBEAEg4d6fK2D7gYCAiAqgAbPLrtYDyAEBqQIuM3m-9xuzPuACAKgDAcgDmwSqBJsCT9CGhgUEvHeu5cA69VOTzVBKGN7IqrejEXx8LS15eFI3_eel4GsKQWdNkNGevg3-C5mKVSe_TvD64kPmbDc0aa7Jf3wk2QHHI_SlHQYkCfnFcYijRz5W6V4pAUanD6b5bv4oGOzyO3ubee5-ylyK0KF8RXalwZwf0SQK2bZjQqJqzkQlR1NFUn3DCo4aAcInXqvptSy9-5FZoJ_Zo49OxAmm8vOHqOkIj3kkvMtEs0BhcxFKLlH3ru80x4nLVgSbpblQLsxU3PGq0QjfxDitOXhexgMpvy4WKgzKN2aM1o_yvVTS8bbF7oRbifv_rP7C06siKgneao9chhmbOcCqCfvd-GNlT2lEzigzbSThkWdj40CbDFwZ3YSqRuAEAYgGAYAHtbTRKagHpr4b2AcB2BMI\\u0026sigh=NayEUG7o8uA&quot;,&quot;close_button_token&quot;:&quot;0pHFub4emfUInbCQ9rgCEP2UopgBGL36wioiImFkb3VjaXNzZXVyLWxhdWdpbC5jb20vYWRvdWNpc3NldXJCF2NhLXB1Yi00MDUwOTMyMDIxMzc1MjE2SABYAXAB&quot;,&quot;interaction_conversion&quot;:{&quot;label&quot;:&quot;user_feedback_menu_interaction&quot;,&quot;label_instance&quot;:&quot;&quot;,&quot;include_close_button_token&quot;:false},&quot;mute_conversion&quot;:{&quot;label&quot;:&quot;user_feedback_menu_option&quot;,&quot;label_instance&quot;:&quot;1&quot;,&quot;include_close_button_token&quot;:true},&quot;mute_undo_conversion&quot;:{&quot;label&quot;:&quot;user_feedback_undo&quot;,&quot;label_instance&quot;:&quot;1&quot;,&quot;include_close_button_token&quot;:true},&quot;pub_feedback_conversion&quot;:{&quot;label&quot;:&quot;user_feedback_menu_option&quot;,&quot;label_instance&quot;:&quot;3&quot;,&quot;include_close_button_token&quot;:true},&quot;pub_feedback_undo_conversion&quot;:{&quot;label&quot;:&quot;user_feedback_undo&quot;,&quot;label_instance&quot;:&quot;3&quot;,&quot;include_close_button_token&quot;:true},&quot;survey_header&quot;:&quot;Qu'est-ce qui ne vous convenait pas dans l'annonce&nbsp;?&quot;,&quot;survey_options&quot;:[{&quot;text&quot;:&quot;Annonce non pertinente&quot;,&quot;conversion&quot;:{&quot;label&quot;:&quot;mute_survey_option&quot;,&quot;label_instance&quot;:&quot;7&quot;,&quot;include_close_button_token&quot;:true}},{&quot;text&quot;:&quot;Annonce r\u00e9p\u00e9titive&quot;,&quot;conversion&quot;:{&quot;label&quot;:&quot;mute_survey_option&quot;,&quot;label_instance&quot;:&quot;2&quot;,&quot;include_close_button_token&quot;:true}},{&quot;text&quot;:&quot;Contenu inappropri\u00e9&quot;,&quot;conversion&quot;:{&quot;label&quot;:&quot;mute_survey_option&quot;,&quot;label_instance&quot;:&quot;8&quot;,&quot;include_close_button_token&quot;:true}}],&quot;back_icon_url&quot;:&quot;https:\/\/googleads.g.doubleclick.net\/pagead\/images\/mtad\/back_blue.png&quot;,&quot;mute_confirmation_header&quot;:&quot;Merci de vos commentaires.&quot;,&quot;mute_confirmation_text&quot;:&quot;Nous examinerons cette annonce afin d'am\u00e9liorer votre exp\u00e9rience \u00e0 l'avenir.&quot;,&quot;pub_feedback_confirmation_header&quot;:&quot;Merci de vos commentaires.&quot;,&quot;pub_feedback_confirmation_text&quot;:&quot;Nous utilisons vos commentaires pour \u00e9valuer les annonces sur ce site.&quot;,&quot;encoded_cookie&quot;:&quot;5Gg_LQAGU6wXoAYr28pSyd8_&quot;,&quot;undo_text&quot;:&quot;Annuler&quot;,&quot;closing_countdown_text&quot;:&quot;Fermeture de l'annonce en cours&nbsp;: %1$d&quot;,&quot;attribution_text&quot;:&quot;Choisir sa pub&quot;,&quot;attribution_icon_url&quot;:&quot;https:\/\/googleads.g.doubleclick.net\/pagead\/images\/mtad\/ad_choices_blue.png&quot;,&quot;attribution_destination_url&quot;:&quot;https:\/\/www.google.com\/url?ct=abg\\u0026q=https:\/\/www.google.com\/adsense\/support\/bin\/request.py%3Fcontact%3Dabg_afc%26url%3Dhttp:\/\/www.futura-sciences.com\/magazines\/environnement\/infos\/actu\/d\/rechauffement-climatique-fonte-antarctique-niveau-mers-montera-plus-vite-prevu-62263\/%26gl%3DFR%26hl%3Dfr%26client%3Dca-pub-4050932021375216%26ai0%3DCcduTl6b_VvHZD5bNbczuodAEvbmF-QadsJD2uALAjbcBEAEg4d6fK2D7gYCAiAqgAbPLrtYDyAEBqQIuM3m-9xuzPuACAKgDAcgDmwSqBJsCT9CGhgUEvHeu5cA69VOTzVBKGN7IqrejEXx8LS15eFI3_eel4GsKQWdNkNGevg3-C5mKVSe_TvD64kPmbDc0aa7Jf3wk2QHHI_SlHQYkCfnFcYijRz5W6V4pAUanD6b5bv4oGOzyO3ubee5-ylyK0KF8RXalwZwf0SQK2bZjQqJqzkQlR1NFUn3DCo4aAcInXqvptSy9-5FZoJ_Zo49OxAmm8vOHqOkIj3kkvMtEs0BhcxFKLlH3ru80x4nLVgSbpblQLsxU3PGq0QjfxDitOXhexgMpvy4WKgzKN2aM1o_yvVTS8bbF7oRbifv_rP7C06siKgneao9chhmbOcCqCfvd-GNlT2lEzigzbSThkWdj40CbDFwZ3YSqRuAEAYgGAYAHtbTRKagHpr4b2AcB2BMI\\u0026usg=AFQjCNGpmUw3OGmfdIxfysyELOzOlYTOCw&quot;,&quot;ad_feedback_icon_url&quot;:&quot;https:\/\/googleads.g.doubleclick.net\/pagead\/images\/mtad\/x_blue.png&quot;,&quot;is_rtl_language&quot;:false,&quot;feedback_options&quot;:[{&quot;text&quot;:&quot;Ne plus voir cette annonce&quot;,&quot;conversion&quot;:{&quot;label&quot;:&quot;user_feedback_menu_option&quot;,&quot;label_instance&quot;:&quot;1&quot;,&quot;include_close_button_token&quot;:true},&quot;survey&quot;:{&quot;header&quot;:&quot;Qu'est-ce qui ne vous convenait pas dans l'annonce&nbsp;?&quot;,&quot;options&quot;:[{&quot;text&quot;:&quot;Contenu inappropri\u00e9&quot;,&quot;conversion&quot;:{&quot;label&quot;:&quot;mute_survey_option&quot;,&quot;label_instance&quot;:&quot;8&quot;,&quot;include_close_button_token&quot;:true}},{&quot;text&quot;:&quot;Ce produit ou service ne m'int\u00e9resse pas.&quot;,&quot;conversion&quot;:{&quot;label&quot;:&quot;mute_survey_option&quot;,&quot;label_instance&quot;:&quot;7&quot;,&quot;include_close_button_token&quot;:true}},{&quot;text&quot;:&quot;J'ai d\u00e9j\u00e0 vu cette annonce plusieurs fois.&quot;,&quot;conversion&quot;:{&quot;label&quot;:&quot;mute_survey_option&quot;,&quot;label_instance&quot;:&quot;2&quot;,&quot;include_close_button_token&quot;:true}},{&quot;text&quot;:&quot;L'annonce bloque l'affichage.&quot;,&quot;conversion&quot;:{&quot;label&quot;:&quot;mute_survey_option&quot;,&quot;label_instance&quot;:&quot;3&quot;,&quot;include_close_button_token&quot;:true}}]},&quot;undo_conversion&quot;:{&quot;label&quot;:&quot;user_feedback_undo&quot;,&quot;label_instance&quot;:&quot;1&quot;,&quot;include_close_button_token&quot;:true}}],&quot;mute_panel_data&quot;:{&quot;adchoices_icon_url&quot;:&quot;https:\/\/googleads.g.doubleclick.net\/pagead\/images\/adchoices\/iconx2-000000.png&quot;,&quot;adchoices_button_text&quot;:&quot;Choisir sa pub&quot;,&quot;closed_message_text&quot;:&quot;Annonce ferm\u00e9e par %1$s&quot;,&quot;enable_lightbox&quot;:false,&quot;google_logo_url&quot;:&quot;https:\/\/gstatic.com\/images\/branding\/googlelogo\/2x\/googlelogo_dark_color_84x28dp.png&quot;,&quot;report_ad_button_text&quot;:&quot;Signaler cette annonce&quot;,&quot;confirmation_text&quot;:&quot;Nous allons essayer de ne plus vous montrer cette annonce.&quot;}}},&quot;flags&quot;:[{&quot;name&quot;:&quot;show_feedback_survey_button&quot;,&quot;value&quot;:&quot;true&quot;}]},uaal:true,opi: false};\n\/\/ ]]><\/script><script src=\"&quot;https:\/\/tpc.googlesyndication.com\/pagead\/js\/r20160329\/r20110914\/abg.js&quot;\"><\/script>\n<\/li>\n<p><script>\/\/ <![CDATA[\nbuildTextAd(adSlot, 0);\n\/\/ ]]><\/script><\/ul>\n<\/div>\n<p class=\"ads_chrome_top\">\n<p class=\"ads_chrome_bottom\">\n<p class=\"ads_chrome_left\">\n<p class=\"ads_chrome_right\">\n<\/div>\n<p><script>\/\/ <![CDATA[\nadSlot.finalize('ads');registerAdLocationExtensionRedirectPing(adSlot);\n\/\/ ]]><\/script><\/p>\n","protected":false},"excerpt":{"rendered":"<p>\u00c0 quelle vitesse fondent les glaciers islandais groenlandais\u00a0et Antarctique\u00a0? Cette question n\u2019a pas de r\u00e9ponse pr\u00e9cise \u00e0 l\u2019heure actuelle, tant les ph\u00e9nom\u00e8nes en jeu sont difficiles \u00e0 jauger. Les\u00a0glaciers\u00a0d\u2019eau douce\u00a0qui viennent s\u2019\u00e9taler \u00e0 la surface de l&rsquo;oc\u00e9an sont r\u00e9chauff\u00e9s par &hellip; <a href=\"https:\/\/claire-jannot.com\/?p=6707\">Continuer la lecture <span class=\"meta-nav\">&rarr;<\/span><\/a><\/p>\n","protected":false},"author":1,"featured_media":0,"comment_status":"open","ping_status":"open","sticky":false,"template":"","format":"standard","meta":{"jetpack_post_was_ever_published":false,"_jetpack_newsletter_access":"","_jetpack_dont_email_post_to_subs":false,"_jetpack_newsletter_tier_id":0,"_jetpack_memberships_contains_paywalled_content":false,"_jetpack_memberships_contains_paid_content":false,"footnotes":"","jetpack_publicize_message":"Climat, le niveau de la mer montera plus vite que pr\u00e9vu","jetpack_publicize_feature_enabled":true,"jetpack_social_post_already_shared":true,"jetpack_social_options":{"image_generator_settings":{"template":"highway","default_image_id":0,"font":"","enabled":false},"version":2}},"categories":[2],"tags":[51,39,4,5,52],"class_list":["post-6707","post","type-post","status-publish","format-standard","hentry","category-ecologie","tag-climat","tag-eau","tag-ecologie2","tag-environnement","tag-oceans"],"jetpack_publicize_connections":[],"jetpack_featured_media_url":"","jetpack_sharing_enabled":true,"jetpack_shortlink":"https:\/\/wp.me\/p5jjt5-1Kb","_links":{"self":[{"href":"https:\/\/claire-jannot.com\/index.php?rest_route=\/wp\/v2\/posts\/6707","targetHints":{"allow":["GET"]}}],"collection":[{"href":"https:\/\/claire-jannot.com\/index.php?rest_route=\/wp\/v2\/posts"}],"about":[{"href":"https:\/\/claire-jannot.com\/index.php?rest_route=\/wp\/v2\/types\/post"}],"author":[{"embeddable":true,"href":"https:\/\/claire-jannot.com\/index.php?rest_route=\/wp\/v2\/users\/1"}],"replies":[{"embeddable":true,"href":"https:\/\/claire-jannot.com\/index.php?rest_route=%2Fwp%2Fv2%2Fcomments&post=6707"}],"version-history":[{"count":1,"href":"https:\/\/claire-jannot.com\/index.php?rest_route=\/wp\/v2\/posts\/6707\/revisions"}],"predecessor-version":[{"id":6709,"href":"https:\/\/claire-jannot.com\/index.php?rest_route=\/wp\/v2\/posts\/6707\/revisions\/6709"}],"wp:attachment":[{"href":"https:\/\/claire-jannot.com\/index.php?rest_route=%2Fwp%2Fv2%2Fmedia&parent=6707"}],"wp:term":[{"taxonomy":"category","embeddable":true,"href":"https:\/\/claire-jannot.com\/index.php?rest_route=%2Fwp%2Fv2%2Fcategories&post=6707"},{"taxonomy":"post_tag","embeddable":true,"href":"https:\/\/claire-jannot.com\/index.php?rest_route=%2Fwp%2Fv2%2Ftags&post=6707"}],"curies":[{"name":"wp","href":"https:\/\/api.w.org\/{rel}","templated":true}]}}