{"id":674,"date":"2012-01-21T19:00:44","date_gmt":"2012-01-21T18:00:44","guid":{"rendered":"http:\/\/www.clairejannot.com\/?p=674"},"modified":"2015-01-17T17:00:45","modified_gmt":"2015-01-17T16:00:45","slug":"serie-noire-a-la-reunion-attaques-de-squales-a-repetition","status":"publish","type":"post","link":"https:\/\/claire-jannot.com\/?p=674","title":{"rendered":"S\u00e9rie noire \u00e0 la R\u00e9union : attaques de squales \u00e0 r\u00e9p\u00e9tition !, oc\u00e9ans"},"content":{"rendered":"<h2>INTERVIEW : Fred Buyle, sp\u00e9cialiste du marquage des squales, a \u00e9tudi\u00e9 les eaux o\u00f9 cinq attaques ont eu lieu en 2011<\/h2>\n<p>\u00abA la R\u00e9union, il n\u2019y a pas de risque requin, mais un probl\u00e8me humain\u00bb.\u00a0\u00a0L\u2019an dernier, la R\u00e9union a d\u00e9nombr\u00e9 en huit mois cinq attaques de requins contre des surfeurs et baigneurs, dont deux fatales. Une s\u00e9rie noire qui a donn\u00e9 lieu \u00e0 deux missions d\u2019\u00e9tude. Le projet <strong>Charc<\/strong>, subventionn\u00e9 par des fonds publics et men\u00e9 par l\u2019Institut de recherche pour le d\u00e9veloppement, \u00e9tudie<strong> l\u2019\u00e9cologie des requins tigres et bouledogues<\/strong>, les plus abondants sur ces c\u00f4tes. Un travail de longue haleine, sur trente mois et pour lequel les scientifiques commencent par capturer des squales et placer des <strong>balises acoustiques dans leur abdomen<\/strong> avant de les rel\u00e2cher.<\/p>\n<p>L\u2019autre mission, financ\u00e9e par des fonds priv\u00e9s et lanc\u00e9e par la F\u00e9d\u00e9ration fran\u00e7aise d\u2019\u00e9tudes et de sports sous-marins, a fait appel, de novembre \u00e0 d\u00e9cembre, \u00e0 deux <strong>apn\u00e9istes sp\u00e9cialistes du marquage des requins, le Belge Fred Buyle et le Canadien William Winram.<\/strong> De passage \u00e0 Paris \u00e0 l\u2019occasion du Salon de la plong\u00e9e, Fred Buyle, ex-recordman du monde d\u2019apn\u00e9e et photographe sous-marin, en dresse le bilan.<\/p>\n<p>Comment avez-vous proc\u00e9d\u00e9 ?<\/p>\n<p>L\u2019apn\u00e9e permet une approche peu invasive des requins. Nous allons \u00e0 leur rencontre pour les observer dans leur milieu naturel et nous tirons des <strong>\u00abtags\u00bb<\/strong>, ou marqueurs \u00e9lectroniques, avec une arbal\u00e8te de chasse sous-marine.<\/p>\n<p>Comment les sites de plong\u00e9e ont-ils \u00e9t\u00e9 d\u00e9termin\u00e9s ?<\/p>\n<p>On a \u00e9tudi\u00e9 la zone des accidents, \u00e0 la recherche des biotopes favorables aux <strong>requins bouledogues<\/strong>, qui sont les suspects potentiels dans ce type d\u2019accidents. Ces squales opportunistes peuvent agir en groupe, comme dans le dernier accident o\u00f9 les sauveteurs ont observ\u00e9 plusieurs individus s\u2019acharnant sur la victime. Nous avons plong\u00e9 aux abords des Roches noires, pr\u00e8s du port de Saint-Gilles, et dans la baie de Saint-Paul. Les requins bouledogues ont besoin d\u2019eau douce, notamment pour se d\u00e9parasiter, et appr\u00e9cient les eaux turbides et saum\u00e2tres. Avec une baie dans laquelle se jettent plusieurs rivi\u00e8res, des ravines qui rejettent eau douce et d\u00e9chets organiques, une ferme aquacole et une plage sableuse qui abrite des bateaux de p\u00eache, la zone est id\u00e9ale pour eux.<\/p>\n<p>Qu\u2019avez-vous observ\u00e9 ?<\/p>\n<p>En 17\u00a0sorties, nous n\u2019avons pu marquer aucun requin. Nous n\u2019avons observ\u00e9 que 8\u00a0requins bouledogues, mais aucun autre, pas m\u00eame un petit requin pointe blanche de r\u00e9cif. En vingt-cinq ans de plong\u00e9e en eaux tropicales, je n\u2019en ai jamais observ\u00e9 si peu ! Curieusement, ils \u00e9taient tr\u00e8s furtifs, timides, ils se sont rarement approch\u00e9s malgr\u00e9 les app\u00e2ts sonores ou \u00e0 base de morceaux de poisson. D\u2019habitude, ils restent aux alentours. Cela m\u2019a vraiment \u00e9tonn\u00e9. Selon moi, il y a tr\u00e8s peu de requins dans ces eaux tropicales, d\u2019ailleurs peu poissonneuses. Il est aussi possible que les requins aient \u00e9t\u00e9 fortement d\u00e9rang\u00e9s avant notre arriv\u00e9e, notamment par la capture d\u2019un individu.<\/p>\n<p>Comment expliquer cette s\u00e9rie d\u2019accidents ?<\/p>\n<p>Il n\u2019y a pas une explication, mais un faisceau de <strong>facteurs favorisants. D\u2019abord, un biotope id\u00e9al et de la nourriture qui fid\u00e9lise ces requins s\u00e9dentaires : dans le port de Saint-Gilles, les p\u00eacheurs balancent en nombre les carcasses de poissons, \u00e0 quelques centaines de m\u00e8tres des plages. Ensuite, il faut r\u00e9aliser que surfeurs et nageurs sont des \u00abusagers faibles\u00bb de la mer. Ils flottent en surface et le requin peut jauger cette proie potentielle sans que celle-ci en ait conscience.<\/strong> Au contraire, un plongeur ou un chasseur sous-marin montrera au requin qu\u2019il est rep\u00e9r\u00e9. En voyant les plages r\u00e9unionnaises, William Winram, qui est aussi surfeur, a tout de suite dit qu\u2019il n\u2019irait jamais surfer ou se baigner sans quelqu\u2019un en surveillance dans l\u2019eau. S\u2019il n\u2019y\u00a0a pas eu d\u2019accidents avant sur cette portion de c\u00f4te, c\u2019est par chance ! Il y a environ une morsure par an \u00e0 la R\u00e9union depuis\u00a01980.<\/p>\n<p>Que faire face \u00e0 la psychose ?<\/p>\n<p>Sur place, nous continuons \u00e0 taguer. Une fois que plus de requins auront \u00e9t\u00e9 marqu\u00e9s, il sera possible de les g\u00e9olocaliser et, si on les d\u00e9tecte \u00e0 proximit\u00e9 de plages, de fermer celles-ci. Pour moi, il n\u2019y a pas de risque requin \u00e0 la R\u00e9union, mais un probl\u00e8me humain. On a tendance \u00e0 oublier que <strong>la mer reste un milieu naturel et non s\u00e9curis\u00e9 et les requins, des animaux sauvages.<\/strong> A la R\u00e9union, on n\u2019est pas souvent confront\u00e9 aux requins, d\u2019o\u00f9 une peur panique. Sur les plages d\u2019Afrique du Sud ou d\u2019Australie, des panneaux \u00e9noncent les dangers et les comportements \u00e0 adopter. Il y a tous les ans des accidents, mais les usagers ont int\u00e9gr\u00e9 cela et vivent avec.<\/p>\n<address>Source\u00a0: liberation.fr par ELIANE PATRIARCA<\/address>\n<address>\u00a0<\/address>\n<p>&nbsp;<\/p>\n","protected":false},"excerpt":{"rendered":"<p>INTERVIEW : Fred Buyle, sp\u00e9cialiste du marquage des squales, a \u00e9tudi\u00e9 les eaux o\u00f9 cinq attaques ont eu lieu en 2011 \u00abA la R\u00e9union, il n\u2019y a pas de risque requin, mais un probl\u00e8me humain\u00bb.\u00a0\u00a0L\u2019an dernier, la R\u00e9union a d\u00e9nombr\u00e9 &hellip; <a href=\"https:\/\/claire-jannot.com\/?p=674\">Continuer la lecture <span class=\"meta-nav\">&rarr;<\/span><\/a><\/p>\n","protected":false},"author":1,"featured_media":0,"comment_status":"open","ping_status":"open","sticky":false,"template":"","format":"standard","meta":{"jetpack_post_was_ever_published":false,"_jetpack_newsletter_access":"","_jetpack_dont_email_post_to_subs":false,"_jetpack_newsletter_tier_id":0,"_jetpack_memberships_contains_paywalled_content":false,"_jetpack_memberships_contains_paid_content":false,"footnotes":"","jetpack_publicize_message":"","jetpack_publicize_feature_enabled":true,"jetpack_social_post_already_shared":false,"jetpack_social_options":{"image_generator_settings":{"template":"highway","default_image_id":0,"font":"","enabled":false},"version":2}},"categories":[2],"tags":[4,5,52,48],"class_list":["post-674","post","type-post","status-publish","format-standard","hentry","category-ecologie","tag-ecologie2","tag-environnement","tag-oceans","tag-vie-animale"],"jetpack_publicize_connections":[],"jetpack_featured_media_url":"","jetpack_sharing_enabled":true,"jetpack_shortlink":"https:\/\/wp.me\/p5jjt5-aS","_links":{"self":[{"href":"https:\/\/claire-jannot.com\/index.php?rest_route=\/wp\/v2\/posts\/674","targetHints":{"allow":["GET"]}}],"collection":[{"href":"https:\/\/claire-jannot.com\/index.php?rest_route=\/wp\/v2\/posts"}],"about":[{"href":"https:\/\/claire-jannot.com\/index.php?rest_route=\/wp\/v2\/types\/post"}],"author":[{"embeddable":true,"href":"https:\/\/claire-jannot.com\/index.php?rest_route=\/wp\/v2\/users\/1"}],"replies":[{"embeddable":true,"href":"https:\/\/claire-jannot.com\/index.php?rest_route=%2Fwp%2Fv2%2Fcomments&post=674"}],"version-history":[{"count":2,"href":"https:\/\/claire-jannot.com\/index.php?rest_route=\/wp\/v2\/posts\/674\/revisions"}],"predecessor-version":[{"id":5866,"href":"https:\/\/claire-jannot.com\/index.php?rest_route=\/wp\/v2\/posts\/674\/revisions\/5866"}],"wp:attachment":[{"href":"https:\/\/claire-jannot.com\/index.php?rest_route=%2Fwp%2Fv2%2Fmedia&parent=674"}],"wp:term":[{"taxonomy":"category","embeddable":true,"href":"https:\/\/claire-jannot.com\/index.php?rest_route=%2Fwp%2Fv2%2Fcategories&post=674"},{"taxonomy":"post_tag","embeddable":true,"href":"https:\/\/claire-jannot.com\/index.php?rest_route=%2Fwp%2Fv2%2Ftags&post=674"}],"curies":[{"name":"wp","href":"https:\/\/api.w.org\/{rel}","templated":true}]}}