{"id":6740,"date":"2016-04-19T13:00:54","date_gmt":"2016-04-19T12:00:54","guid":{"rendered":"http:\/\/www.grandesterresbio.com\/?p=6740"},"modified":"2016-04-18T12:17:28","modified_gmt":"2016-04-18T11:17:28","slug":"ces-communes-ont-fait-le-choix-du-zero-pesticide","status":"publish","type":"post","link":"https:\/\/claire-jannot.com\/?p=6740","title":{"rendered":"Ces communes ont fait le choix du \u00ab\u00a0z\u00e9ro pesticide\u00a0\u00bb"},"content":{"rendered":"<h2><span style=\"color: #000000;\">Entretenir les jardins et les parcs publics sans utiliser de pesticides? Des centaines de communes l&rsquo;ont d\u00e9j\u00e0 fait mais, dans neuf mois, la loi va imposer cette r\u00e9volution verte \u00e0 toutes les collectivit\u00e9s locales, en d\u00e9pit des r\u00e9ticences de nombreux \u00e9lus.<\/span><\/h2>\n<div id=\"attachment_6741\" style=\"width: 418px\" class=\"wp-caption alignleft\"><a href=\"https:\/\/i0.wp.com\/www.grandesterresbio.com\/wp-content\/uploads\/2016\/04\/Miramas-etang-de-berre.jpg\" rel=\"attachment wp-att-6741\"><img data-recalc-dims=\"1\" loading=\"lazy\" decoding=\"async\" aria-describedby=\"caption-attachment-6741\" class=\" wp-image-6741\" src=\"https:\/\/i0.wp.com\/www.grandesterresbio.com\/wp-content\/uploads\/2016\/04\/Miramas-etang-de-berre.jpg?resize=408%2C272\" alt=\"Miramas ( \u00e9tang de Berre)\" width=\"408\" height=\"272\" srcset=\"https:\/\/i0.wp.com\/claire-jannot.com\/wp-content\/uploads\/2016\/04\/Miramas-etang-de-berre.jpg?w=1280&amp;ssl=1 1280w, https:\/\/i0.wp.com\/claire-jannot.com\/wp-content\/uploads\/2016\/04\/Miramas-etang-de-berre.jpg?resize=300%2C200&amp;ssl=1 300w, https:\/\/i0.wp.com\/claire-jannot.com\/wp-content\/uploads\/2016\/04\/Miramas-etang-de-berre.jpg?resize=768%2C512&amp;ssl=1 768w, https:\/\/i0.wp.com\/claire-jannot.com\/wp-content\/uploads\/2016\/04\/Miramas-etang-de-berre.jpg?resize=1024%2C682&amp;ssl=1 1024w\" sizes=\"auto, (max-width: 408px) 100vw, 408px\" \/><\/a><p id=\"caption-attachment-6741\" class=\"wp-caption-text\">Miramas ( \u00e9tang de Berre)<\/p><\/div>\n<p><span style=\"color: #000000;\">\u00ab\u00a0Nous butons souvent sur l&rsquo;argument: ce n&rsquo;est pas possible\u00a0\u00bb, rapporte <strong>St\u00e9phen Kerckhove de l&rsquo;ONG Agir pour l&rsquo;environnement<\/strong>, co-organisateur d&rsquo;une table-ronde \u00e0 l&rsquo;Assembl\u00e9e nationale avec des \u00e9lus ayant adopt\u00e9 une politique sans pesticide. <strong>\u00ab\u00a0Certains l&rsquo;ont fait, aux autres de s&rsquo;inspirer de leurs exp\u00e9riences\u00a0\u00bb<\/strong>, lance-t-il.<\/span><\/p>\n<p><strong><span style=\"color: #000000;\">Au 1er janvier 2017, conform\u00e9ment \u00e0 la loi Labb\u00e9 (2014), compl\u00e9t\u00e9e par loi sur la transition \u00e9nerg\u00e9tique (2015), les produits phytosanitaires (herbicides, fongicides, insecticides) seront interdits pour l&rsquo;entretien de la voirie et des espaces verts publics (parcs, jardins, squares, massifs ornementaux, etc.), \u00e0 l&rsquo;exception des terrains de sport et des cimeti\u00e8res.<\/span><\/strong><\/p>\n<p><span style=\"color: #000000;\">\u00ab\u00a0Il y a une vraie dynamique, mais il faut acc\u00e9l\u00e9rer, et les maires d\u00e9j\u00e0 impliqu\u00e9s dans la d\u00e9marche ont un r\u00f4le \u00e0 jouer\u00a0\u00bb, souligne <strong>Joel Labb\u00e9, s\u00e9nateur EELV.<\/strong><\/span><\/p>\n<p><span style=\"color: #000000;\"><strong>La loi ne pr\u00e9voit pas de sanction pour les mauvais \u00e9l\u00e8ves, mais les citoyens pourront interpeller leurs \u00e9lus<\/strong> et les associations attaquer en justice les communes r\u00e9calcitrantes, explique St\u00e9phen Kerckhove.<\/span><\/p>\n<p><span style=\"color: #000000;\">Les usages non-agricoles (collectivit\u00e9s et particuliers) repr\u00e9sentent environ 10% des pesticides utilis\u00e9s chaque ann\u00e9e en France, selon G\u00e9n\u00e9rations futures.<\/span><\/p>\n<p><span style=\"color: #000000;\">Lors de la table-ronde \u00e0 l&rsquo;Assembl\u00e9e, cette ONG a indiqu\u00e9 avoir recens\u00e9 plus de <strong>440 municipalit\u00e9s \u00ab\u00a0z\u00e9ro pesticide\u00a0\u00bb en France sur un total de 36.000.<\/strong> \u00ab\u00a0Ce chiffre reposant sur une d\u00e9claration volontaire des communes sur notre site, a priori il y en a donc beaucoup plus\u00a0\u00bb, indique Sophie Bord\u00e8res de G\u00e9n\u00e9rations futures.<\/span><\/p>\n<p><span style=\"color: #000000;\">En Ile-de-France, Natureparif recense plus de 150 municipalit\u00e9s sans pesticides, m\u00eame dans leurs cimeti\u00e8res et leurs stades, et des centaines d&rsquo;autres engag\u00e9es dans une politique de r\u00e9duction de l&rsquo;usage de ces produits. <strong>Versailles a par exemple \u00e9t\u00e9 une ville pionni\u00e8re en la mati\u00e8re, notamment dans le cimeti\u00e8re, un lieu o\u00f9 la vue de la moindre herbe folle est mal tol\u00e9r\u00e9e par les populations.<\/strong><\/span><\/p>\n<p><span style=\"color: #000000;\">Lors de la table-ronde, des repr\u00e9sentants de Mouans-Sartoux (Alpes-Maritimes), Barjac (Gard), <strong>Miramas<\/strong> (Bouches-du-Rh\u00f4ne), Lardy (Essonne), Bouvron (Loire-Atlantique) et Langouet (Ile-et-Vilaine) ont racont\u00e9 comment leur commune a tourn\u00e9 le dos \u00e0 l&rsquo;industrie agrochimique.<\/span><\/p>\n<p><strong><span style=\"color: #000000;\">\u00ab\u00a0Arr\u00eater les phytosanitaires, c&rsquo;est une nouvelle contrainte pour les employ\u00e9s, il faut donc convaincre en expliquant pourquoi et comment on va le faire\u00a0\u00bb, r\u00e9sume C\u00e9dric Cazal de Miramas. \u00ab\u00a0Nous avons mis en avant les risques pour la sant\u00e9 encourus par les agents\u00a0\u00bb qui utilisent ces produits r\u00e9guli\u00e8rement, explique le technicien, et \u00ab\u00a0nous nous sommes aussi appuy\u00e9s sur une \u00e9tude qui montrait que la quasi-totalit\u00e9 des rivi\u00e8res de notre r\u00e9gion \u00e9tait pollu\u00e9e\u00a0\u00bb par des r\u00e9sidus de pesticides.<\/span><\/strong><\/p>\n<p><span style=\"color: #000000;\">A Langouet, la transition \u00ab\u00a0a \u00e9t\u00e9 difficile car le personnel venait juste d&rsquo;\u00eatre form\u00e9 \u00e0 une bonne utilisation des pesticides\u00a0\u00bb, se souvient avec ironie Daniel Cueff. Il a fallu \u00ab\u00a0d\u00e9sapprendre\u00a0\u00bb.<\/span><\/p>\n<p><span style=\"color: #000000;\">Pour \u00e9viter les pesticides, la liste des options est longue: d\u00e9sherbage m\u00e9canique (sarcloirs, ciseaux, balais en acier ou en nylon, etc.), d\u00e9sherbage thermique (eau chaude, vapeur, gaz), paillages pour \u00e9viter la repousse (feuilles mortes, copeaux de bois, herbe de tonte, etc.), plantes couvrantes, animaux en p\u00e2turage, etc.<\/span><\/p>\n<p><span style=\"color: #000000;\">A Lardy, <strong>\u00ab\u00a0nous avons d\u00e9fini des zones semi-naturelles (une seule tonte par an), classiques (six tontes) et ornementales qui demandent plus de soins\u00a0\u00bb<\/strong>, explique G\u00e9rard Bouvet. \u00ab\u00a0Ensuite, on a test\u00e9 diff\u00e9rentes alternatives\u00a0\u00bb au d\u00e9sherbage chimique, \u00ab\u00a0cela a pris un peu de temps\u00a0\u00bb, reconna\u00eet l&rsquo;adjoint au maire en soulignant qu&rsquo;on <strong>\u00ab\u00a0ne bascule pas forc\u00e9ment d&rsquo;une ann\u00e9e sur l&rsquo;autre vers z\u00e9ro pesticide\u00a0\u00bb.<\/strong><\/span><\/p>\n<p><span style=\"color: #000000;\">Au del\u00e0 des techniques de travail, les \u00e9lus sont unanimes pour souligner <strong>les gros efforts de communication \u00e0 faire en direction de leurs administr\u00e9s.<\/strong><\/span><\/p>\n<p><span style=\"color: #000000;\"><strong>\u00ab\u00a0Apprendre \u00e0 appr\u00e9cier des prairies fleuries plut\u00f4t que de la pelouse\u00a0\u00bb, \u00ab\u00a0tol\u00e9rer un peu d&rsquo;herbe sur les trottoirs ou au pied des arbres\u00a0\u00bb<\/strong>, \u00ab\u00a0sensibiliser au rythme des saisons et aux plantes locales\u00a0\u00bb: ces perceptions ne vont pas de soi, r\u00e9sume St\u00e9phen Kerckhove. <strong>\u00ab\u00a0C&rsquo;est une nouvelle vision de la nature en ville\u00a0\u00bb qu&rsquo;il faut installer.<\/strong><\/span><\/p>\n<h6><span style=\"color: #000000;\">Source : PARIS, 31 mars 2016 (AFP)<\/span><\/h6>\n<h6><span style=\"color: #000000;\">Cr\u00e9dit photo :\u00a0By BlueBreezeWiki (Own work) [CC BY-SA 3.0 (http:\/\/creativecommons.org\/licenses\/by-sa\/3.0)], via Wikimedia Commons<\/span><\/h6>\n<p>&nbsp;<\/p>\n<p>&nbsp;<\/p>\n<p>&nbsp;<\/p>\n<p>&nbsp;<\/p>\n","protected":false},"excerpt":{"rendered":"<p>Entretenir les jardins et les parcs publics sans utiliser de pesticides? Des centaines de communes l&rsquo;ont d\u00e9j\u00e0 fait mais, dans neuf mois, la loi va imposer cette r\u00e9volution verte \u00e0 toutes les collectivit\u00e9s locales, en d\u00e9pit des r\u00e9ticences de nombreux &hellip; <a href=\"https:\/\/claire-jannot.com\/?p=6740\">Continuer la lecture <span class=\"meta-nav\">&rarr;<\/span><\/a><\/p>\n","protected":false},"author":1,"featured_media":0,"comment_status":"open","ping_status":"open","sticky":false,"template":"","format":"standard","meta":{"jetpack_post_was_ever_published":false,"_jetpack_newsletter_access":"","_jetpack_dont_email_post_to_subs":false,"_jetpack_newsletter_tier_id":0,"_jetpack_memberships_contains_paywalled_content":false,"_jetpack_memberships_contains_paid_content":false,"footnotes":"","jetpack_publicize_message":"","jetpack_publicize_feature_enabled":true,"jetpack_social_post_already_shared":true,"jetpack_social_options":{"image_generator_settings":{"template":"highway","default_image_id":0,"font":"","enabled":false},"version":2}},"categories":[2,47],"tags":[5,21,36,10],"class_list":["post-6740","post","type-post","status-publish","format-standard","hentry","category-ecologie","category-societe","tag-environnement","tag-jardin","tag-pollution","tag-sante"],"jetpack_publicize_connections":[],"jetpack_featured_media_url":"","jetpack_sharing_enabled":true,"jetpack_shortlink":"https:\/\/wp.me\/p5jjt5-1KI","_links":{"self":[{"href":"https:\/\/claire-jannot.com\/index.php?rest_route=\/wp\/v2\/posts\/6740","targetHints":{"allow":["GET"]}}],"collection":[{"href":"https:\/\/claire-jannot.com\/index.php?rest_route=\/wp\/v2\/posts"}],"about":[{"href":"https:\/\/claire-jannot.com\/index.php?rest_route=\/wp\/v2\/types\/post"}],"author":[{"embeddable":true,"href":"https:\/\/claire-jannot.com\/index.php?rest_route=\/wp\/v2\/users\/1"}],"replies":[{"embeddable":true,"href":"https:\/\/claire-jannot.com\/index.php?rest_route=%2Fwp%2Fv2%2Fcomments&post=6740"}],"version-history":[{"count":2,"href":"https:\/\/claire-jannot.com\/index.php?rest_route=\/wp\/v2\/posts\/6740\/revisions"}],"predecessor-version":[{"id":6743,"href":"https:\/\/claire-jannot.com\/index.php?rest_route=\/wp\/v2\/posts\/6740\/revisions\/6743"}],"wp:attachment":[{"href":"https:\/\/claire-jannot.com\/index.php?rest_route=%2Fwp%2Fv2%2Fmedia&parent=6740"}],"wp:term":[{"taxonomy":"category","embeddable":true,"href":"https:\/\/claire-jannot.com\/index.php?rest_route=%2Fwp%2Fv2%2Fcategories&post=6740"},{"taxonomy":"post_tag","embeddable":true,"href":"https:\/\/claire-jannot.com\/index.php?rest_route=%2Fwp%2Fv2%2Ftags&post=6740"}],"curies":[{"name":"wp","href":"https:\/\/api.w.org\/{rel}","templated":true}]}}