{"id":6748,"date":"2016-04-22T12:32:03","date_gmt":"2016-04-22T11:32:03","guid":{"rendered":"http:\/\/www.grandesterresbio.com\/?p=6748"},"modified":"2016-04-22T12:32:03","modified_gmt":"2016-04-22T11:32:03","slug":"generations-futures-devoile-une-carte-des-victimes-de-pesticides","status":"publish","type":"post","link":"https:\/\/claire-jannot.com\/?p=6748","title":{"rendered":"G\u00e9n\u00e9rations Futures d\u00e9voile une carte des victimes de pesticides"},"content":{"rendered":"<h2><span style=\"color: #000000;\">L&rsquo;ONG G\u00e9n\u00e9rations Futures a mis en ligne jeudi une carte de France recensant environ 200 t\u00e9moignages d&rsquo;agriculteurs ou de riverains de propri\u00e9t\u00e9s agricoles, victimes av\u00e9r\u00e9es ou pr\u00e9sum\u00e9es de pesticides.<\/span><\/h2>\n<p><a href=\"https:\/\/i0.wp.com\/www.grandesterresbio.com\/wp-content\/uploads\/2016\/04\/1024px-CHATEAUNEUF-DU-PAPE_vendange.jpg\" rel=\"attachment wp-att-6749\"><img data-recalc-dims=\"1\" loading=\"lazy\" decoding=\"async\" class=\"alignleft wp-image-6749\" src=\"https:\/\/i0.wp.com\/www.grandesterresbio.com\/wp-content\/uploads\/2016\/04\/1024px-CHATEAUNEUF-DU-PAPE_vendange.jpg?resize=374%2C249\" alt=\"Vendanges en Ch\u00e2teauneuf du Pape\" width=\"374\" height=\"249\" srcset=\"https:\/\/i0.wp.com\/claire-jannot.com\/wp-content\/uploads\/2016\/04\/1024px-CHATEAUNEUF-DU-PAPE_vendange.jpg?w=1024&amp;ssl=1 1024w, https:\/\/i0.wp.com\/claire-jannot.com\/wp-content\/uploads\/2016\/04\/1024px-CHATEAUNEUF-DU-PAPE_vendange.jpg?resize=300%2C200&amp;ssl=1 300w, https:\/\/i0.wp.com\/claire-jannot.com\/wp-content\/uploads\/2016\/04\/1024px-CHATEAUNEUF-DU-PAPE_vendange.jpg?resize=768%2C512&amp;ssl=1 768w\" sizes=\"auto, (max-width: 374px) 100vw, 374px\" \/><\/a><\/p>\n<p><span style=\"color: #000000;\">L&rsquo;objectif de cette initiative est de <strong>\u00ab\u00a0rendre visibles les victimes de pesticides et qu&rsquo;ensuite, on prenne des mesures de protection vis-\u00e0-vis de ces populations\u00a0\u00bb<\/strong>, a expliqu\u00e9 une responsable de l&rsquo;<strong>ONG, Nadine Lauverjat<\/strong>, au cours d&rsquo;une conf\u00e9rence de presse.\u00a0\u00ab\u00a0<strong>Toutes les zones de France en culture intensive sont touch\u00e9es\u00a0\u00bb,<\/strong> a-t-elle soulign\u00e9.<\/span><br \/>\n<span style=\"color: #000000;\">Sur le site generations-futures.fr, il suffit de cliquer sur la carte pour avoir acc\u00e8s aux t\u00e9moignages, \u00e9crits ou par vid\u00e9o, valid\u00e9s par leurs auteurs. <\/span><br \/>\n<span style=\"color: #000000;\">La plupart des t\u00e9moignages proviennent de riverains qui s&rsquo;expriment anonymement. <strong>Ils font \u00e9tat de probl\u00e8mes de sant\u00e9 plus ou moins graves ou de cons\u00e9quences sur leurs cultures qu&rsquo;ils imputent aux pesticides.<\/strong><\/span><\/p>\n<p><span style=\"color: #000000;\">\u00ab\u00a0J&rsquo;habite \u00e0 moins de 50 m\u00e8tres d&rsquo;une vigne avec des pulv\u00e9risations plusieurs fois par semaine. <strong>Nous ressentons des maux de t\u00eate et une fatigue r\u00e9p\u00e9t\u00e9e apr\u00e8s les \u00e9pandages\u00a0\u00bb,<\/strong> \u00e9crit \u00ab\u00a0Madame Y\u00a0\u00bb.\u00a0\u00ab\u00a0Des centaines d&rsquo;abeilles sont mortes et gisent devant la planche d&rsquo;envol, s&rsquo;agit-il de pesticides ?\u00a0\u00bb, se demande \u00ab\u00a0Monsieur X\u00a0\u00bb.<\/span><br \/>\n<span style=\"color: #000000;\">\u00ab\u00a0Apr\u00e8s les pulv\u00e9risations\u00a0\u00bb de produits phytosanitaires sur des pommiers tout proches, \u00ab\u00a0nous ressentons des probl\u00e8mes respiratoires, des irritations et des d\u00e9mangeaisons. Mon p\u00e8re est d\u00e9c\u00e9d\u00e9 d&rsquo;un lymphome\u00a0\u00bb, \u00ab\u00a0Nous n&rsquo;osons plus faire de potager\u00a0\u00bb et l&rsquo;odeur est \u00ab\u00a0tr\u00e8s d\u00e9sagr\u00e9able et irritante\u00a0\u00bb, expliquent d&rsquo;autres riverains.<\/span><\/p>\n<p><span style=\"color: #000000;\">Parmi la vingtaine de t\u00e9moignages d&rsquo;exploitants et salari\u00e9s agricoles figurent ceux <strong>d&rsquo;agriculteurs dont la maladie a \u00e9t\u00e9 reconnue maladie professionnelle ou est \u00ab\u00a0en cours de reconnaissance professionnelle\u00a0\u00bb<\/strong>, comme pour Jean-Marie Desdion, un c\u00e9r\u00e9alier qui a contract\u00e9 un my\u00e9lome. <\/span><br \/>\n<span style=\"color: #000000;\"><strong>\u00ab\u00a0Aujourd&rsquo;hui, on obtient assez facilement une reconnaissance de maladie professionnelle ou d&rsquo;accident du travail concernant les professionnels\u00a0\u00bb<\/strong>, a expliqu\u00e9 un avocat sp\u00e9cialis\u00e9 dans ces dossiers, St\u00e9phane Cottineau.<\/span><br \/>\n<span style=\"color: #000000;\">De leur c\u00f4t\u00e9, les riverains peuvent agir en justice notamment en invoquant <strong>\u00ab\u00a0un trouble du voisinage anormal\u00a0\u00bb<\/strong>, a-t-il ajout\u00e9.<\/span><br \/>\n<span style=\"color: #000000;\">G\u00e9n\u00e9rations Futures a annonc\u00e9 par ailleurs lancer <strong>\u00ab\u00a0une coordination nationale d&rsquo;organisations locales de soutien aux victimes des pesticides\u00a0\u00bb.<\/strong><\/span><\/p>\n<p><span style=\"color: #000000;\">L&rsquo;ONG r\u00e9clame notamment la cr\u00e9ation d'\u00a0\u00bbune <strong>zone tampon minimale de 100 m\u00e8tres sans pulv\u00e9risations \u00e0 proximit\u00e9 de tous les lieux de vie\u00a0\u00bb<\/strong>, l&rsquo;interdiction des pulv\u00e9risations a\u00e9riennes sur tout type de culture et celle de \u00ab\u00a0tous les pesticides dangereux pour la sant\u00e9 et l&rsquo;environnement\u00a0\u00bb.<\/span><\/p>\n<p>&nbsp;<\/p>\n<h6><span style=\"color: #000000;\">Source :\u00a0PARIS,\u00a021 avr 2016 (AFP)<\/span><\/h6>\n<h6><span style=\"color: #000000;\">Cr\u00e9dit photo : Par Jeanlouis (Travail personnel) [GFDL (http:\/\/www.gnu.org\/copyleft\/fdl.html) ou CC BY-SA 3.0 (http:\/\/creativecommons.org\/licenses\/by-sa\/3.0)], via Wikimedia Commons<\/span><\/h6>\n<p>&nbsp;<\/p>\n<p>&nbsp;<\/p>\n<p>&nbsp;<\/p>\n<p>&nbsp;<\/p>\n<p>&nbsp;<\/p>\n","protected":false},"excerpt":{"rendered":"<p>L&rsquo;ONG G\u00e9n\u00e9rations Futures a mis en ligne jeudi une carte de France recensant environ 200 t\u00e9moignages d&rsquo;agriculteurs ou de riverains de propri\u00e9t\u00e9s agricoles, victimes av\u00e9r\u00e9es ou pr\u00e9sum\u00e9es de pesticides. L&rsquo;objectif de cette initiative est de \u00ab\u00a0rendre visibles les victimes de &hellip; <a href=\"https:\/\/claire-jannot.com\/?p=6748\">Continuer la lecture <span class=\"meta-nav\">&rarr;<\/span><\/a><\/p>\n","protected":false},"author":1,"featured_media":0,"comment_status":"open","ping_status":"open","sticky":false,"template":"","format":"standard","meta":{"jetpack_post_was_ever_published":false,"_jetpack_newsletter_access":"","_jetpack_dont_email_post_to_subs":false,"_jetpack_newsletter_tier_id":0,"_jetpack_memberships_contains_paywalled_content":false,"_jetpack_memberships_contains_paid_content":false,"footnotes":"","jetpack_publicize_message":"","jetpack_publicize_feature_enabled":true,"jetpack_social_post_already_shared":true,"jetpack_social_options":{"image_generator_settings":{"template":"highway","default_image_id":0,"font":"","enabled":false},"version":2}},"categories":[2],"tags":[42,5,36,10],"class_list":["post-6748","post","type-post","status-publish","format-standard","hentry","category-ecologie","tag-agriculture","tag-environnement","tag-pollution","tag-sante"],"jetpack_publicize_connections":[],"jetpack_featured_media_url":"","jetpack_sharing_enabled":true,"jetpack_shortlink":"https:\/\/wp.me\/p5jjt5-1KQ","_links":{"self":[{"href":"https:\/\/claire-jannot.com\/index.php?rest_route=\/wp\/v2\/posts\/6748","targetHints":{"allow":["GET"]}}],"collection":[{"href":"https:\/\/claire-jannot.com\/index.php?rest_route=\/wp\/v2\/posts"}],"about":[{"href":"https:\/\/claire-jannot.com\/index.php?rest_route=\/wp\/v2\/types\/post"}],"author":[{"embeddable":true,"href":"https:\/\/claire-jannot.com\/index.php?rest_route=\/wp\/v2\/users\/1"}],"replies":[{"embeddable":true,"href":"https:\/\/claire-jannot.com\/index.php?rest_route=%2Fwp%2Fv2%2Fcomments&post=6748"}],"version-history":[{"count":2,"href":"https:\/\/claire-jannot.com\/index.php?rest_route=\/wp\/v2\/posts\/6748\/revisions"}],"predecessor-version":[{"id":6751,"href":"https:\/\/claire-jannot.com\/index.php?rest_route=\/wp\/v2\/posts\/6748\/revisions\/6751"}],"wp:attachment":[{"href":"https:\/\/claire-jannot.com\/index.php?rest_route=%2Fwp%2Fv2%2Fmedia&parent=6748"}],"wp:term":[{"taxonomy":"category","embeddable":true,"href":"https:\/\/claire-jannot.com\/index.php?rest_route=%2Fwp%2Fv2%2Fcategories&post=6748"},{"taxonomy":"post_tag","embeddable":true,"href":"https:\/\/claire-jannot.com\/index.php?rest_route=%2Fwp%2Fv2%2Ftags&post=6748"}],"curies":[{"name":"wp","href":"https:\/\/api.w.org\/{rel}","templated":true}]}}