{"id":6752,"date":"2016-04-23T12:32:57","date_gmt":"2016-04-23T11:32:57","guid":{"rendered":"http:\/\/www.grandesterresbio.com\/?p=6752"},"modified":"2016-04-22T14:25:51","modified_gmt":"2016-04-22T13:25:51","slug":"cerises-la-france-stoppe-les-importations-traitees-au-dimethoate","status":"publish","type":"post","link":"https:\/\/claire-jannot.com\/?p=6752","title":{"rendered":"Cerises : La France stoppe les importations trait\u00e9es au dim\u00e9thoate"},"content":{"rendered":"<h2><span style=\"color: #000000;\">La France a d\u00e9clench\u00e9 la clause de sauvegarde lui permettant de suspendre, \u00e0 partir de samedi et jusqu&rsquo;\u00e0 la fin de l&rsquo;ann\u00e9e, les importations de cerises trait\u00e9es avec le dim\u00e9thoate, un insecticide contest\u00e9, y compris depuis les pays de l&rsquo;Union europ\u00e9enne, selon un arr\u00eat\u00e9 paru vendredi au Journal officiel.<\/span><\/h2>\n<p><span style=\"color: #000000;\"><a href=\"https:\/\/i0.wp.com\/www.grandesterresbio.com\/wp-content\/uploads\/2016\/04\/Cerises.jpg\" rel=\"attachment wp-att-6753\"><img data-recalc-dims=\"1\" loading=\"lazy\" decoding=\"async\" class=\"alignleft  wp-image-6753\" src=\"https:\/\/i0.wp.com\/www.grandesterresbio.com\/wp-content\/uploads\/2016\/04\/Cerises.jpg?resize=350%2C392\" alt=\"Cerises\" width=\"350\" height=\"392\" srcset=\"https:\/\/i0.wp.com\/claire-jannot.com\/wp-content\/uploads\/2016\/04\/Cerises.jpg?w=563&amp;ssl=1 563w, https:\/\/i0.wp.com\/claire-jannot.com\/wp-content\/uploads\/2016\/04\/Cerises.jpg?resize=268%2C300&amp;ssl=1 268w\" sizes=\"auto, (max-width: 350px) 100vw, 350px\" \/><\/a>Ce texte vise, selon le minist\u00e8re de l&rsquo;Agriculture, \u00e0<strong> prot\u00e9ger les consommateurs<\/strong>, mais aussi les <strong>producteurs fran\u00e7ais qui risqueraient de souffrir d&rsquo;une distorsion de concurrence<\/strong> en cas d&rsquo;entr\u00e9e sur le territoire de fruits provenant de pays utilisant toujours le dim\u00e9thoate.<\/span><br \/>\n<span style=\"color: #000000;\">\u00ab\u00a0L&rsquo;importation et la mise sur le march\u00e9 en France de cerises fra\u00eeches destin\u00e9es \u00e0 l&rsquo;alimentation en provenance d&rsquo;Etats membres de l&rsquo;Union europ\u00e9enne ou de pays tiers o\u00f9 l&rsquo;utilisation de produits phytopharmaceutiques contenant la substance active dim\u00e9thoate et autoris\u00e9e en traitement des cerisiers sont suspendues jusqu&rsquo;au 31 d\u00e9cembre 2016\u00a0\u00bb, \u00e9crit pr\u00e9cis\u00e9ment l&rsquo;arr\u00eat\u00e9.<\/span><br \/>\n<strong><span style=\"color: #000000;\">\u00ab\u00a0Par d\u00e9rogation (&#8230;) peuvent \u00eatre import\u00e9es ou mises sur le march\u00e9 les cerises qui proviennent d&rsquo;une production biologique\u00a0\u00bb, ajoute le texte.<\/span><\/strong><br \/>\n<span style=\"color: #000000;\">L&rsquo;Agence nationale de s\u00e9curit\u00e9 sanitaire (Anses) <strong>a interdit le 1er f\u00e9vrier la mise sur le march\u00e9 du seul produit restant \u00e0 base de dim\u00e9thoate<\/strong>, le fabricant n&rsquo;ayant pas fourni les pr\u00e9cisions demand\u00e9es alors qu&rsquo;une \u00e9valuation a fait appara\u00eetre des <strong>\u00ab\u00a0risques inacceptables\u00a0\u00bb pour le consommateur, les cultivateurs ainsi que pour les oiseaux et les mammif\u00e8res.<\/strong><\/span><br \/>\n<span style=\"color: #000000;\">Les arboriculteurs du sud de l&rsquo;Hexagone ont par la suite manifest\u00e9 leur inqui\u00e9tude face \u00e0 une perte importante de production, car ils assurent ne disposer d&rsquo;aucune alternative pour prot\u00e9ger leurs fruits contre les attaques d&rsquo;un moucheron particuli\u00e8rement agressif, le drosophile suzukii, arriv\u00e9 en Europe en 2010.<\/span><br \/>\n<strong><span style=\"color: #000000;\">Le syndicat agricole majoritaire, la FNSEA, demandait une d\u00e9rogation de 120 jours pour permettre aux producteurs d&rsquo;utiliser l&rsquo;insecticide juste avant la r\u00e9colte des fruits.<\/span><\/strong><br \/>\n<span style=\"color: #000000;\">St\u00e9phane Le Foll a demand\u00e9 fin mars \u00e0 Bruxelles d&rsquo;interdire le dim\u00e9thoate dans l&rsquo;ensemble de l&rsquo;UE, faute de quoi la France aurait recours \u00e0 la clause de sauvegarde.<\/span><br \/>\n<span style=\"color: #000000;\">A ce jour, seules l&rsquo;Espagne et l&rsquo;Italie ont embo\u00eet\u00e9 le pas \u00e0 la France et interdit ce produit, selon le minist\u00e8re.<\/span><br \/>\n<span style=\"color: #000000;\">Le dernier recours \u00e0 une clause de sauvegarde par la France remonte \u00e0 2012 et visait l&rsquo;insecticide Cruiser, jug\u00e9 dangereux pour les abeilles.<\/span><\/p>\n<h6><span style=\"color: #000000;\">Source :\u00a0PARIS,\u00a022 avr 2016 (AFP)\u00a0<\/span><\/h6>\n<h6><span style=\"color: #000000;\">Cr\u00e9dit photo :\u00a0Par Pierre-alain dorange (Travail personnel) [CC BY-SA 3.0 (http:\/\/creativecommons.org\/licenses\/by-sa\/3.0)], via Wikimedia Commons<\/span><\/h6>\n<p>&nbsp;<\/p>\n<p>&nbsp;<\/p>\n<p>&nbsp;<\/p>\n<p>&nbsp;<\/p>\n<p>&nbsp;<\/p>\n","protected":false},"excerpt":{"rendered":"<p>La France a d\u00e9clench\u00e9 la clause de sauvegarde lui permettant de suspendre, \u00e0 partir de samedi et jusqu&rsquo;\u00e0 la fin de l&rsquo;ann\u00e9e, les importations de cerises trait\u00e9es avec le dim\u00e9thoate, un insecticide contest\u00e9, y compris depuis les pays de l&rsquo;Union &hellip; <a href=\"https:\/\/claire-jannot.com\/?p=6752\">Continuer la lecture <span class=\"meta-nav\">&rarr;<\/span><\/a><\/p>\n","protected":false},"author":1,"featured_media":0,"comment_status":"open","ping_status":"open","sticky":false,"template":"","format":"standard","meta":{"jetpack_post_was_ever_published":false,"_jetpack_newsletter_access":"","_jetpack_dont_email_post_to_subs":false,"_jetpack_newsletter_tier_id":0,"_jetpack_memberships_contains_paywalled_content":false,"_jetpack_memberships_contains_paid_content":false,"footnotes":"","jetpack_publicize_message":"","jetpack_publicize_feature_enabled":true,"jetpack_social_post_already_shared":true,"jetpack_social_options":{"image_generator_settings":{"template":"highway","default_image_id":0,"font":"","enabled":false},"version":2}},"categories":[1,2],"tags":[42,58,5,36,10],"class_list":["post-6752","post","type-post","status-publish","format-standard","hentry","category-alimentation","category-ecologie","tag-agriculture","tag-alimentation-2","tag-environnement","tag-pollution","tag-sante"],"jetpack_publicize_connections":[],"jetpack_featured_media_url":"","jetpack_sharing_enabled":true,"jetpack_shortlink":"https:\/\/wp.me\/p5jjt5-1KU","_links":{"self":[{"href":"https:\/\/claire-jannot.com\/index.php?rest_route=\/wp\/v2\/posts\/6752","targetHints":{"allow":["GET"]}}],"collection":[{"href":"https:\/\/claire-jannot.com\/index.php?rest_route=\/wp\/v2\/posts"}],"about":[{"href":"https:\/\/claire-jannot.com\/index.php?rest_route=\/wp\/v2\/types\/post"}],"author":[{"embeddable":true,"href":"https:\/\/claire-jannot.com\/index.php?rest_route=\/wp\/v2\/users\/1"}],"replies":[{"embeddable":true,"href":"https:\/\/claire-jannot.com\/index.php?rest_route=%2Fwp%2Fv2%2Fcomments&post=6752"}],"version-history":[{"count":1,"href":"https:\/\/claire-jannot.com\/index.php?rest_route=\/wp\/v2\/posts\/6752\/revisions"}],"predecessor-version":[{"id":6754,"href":"https:\/\/claire-jannot.com\/index.php?rest_route=\/wp\/v2\/posts\/6752\/revisions\/6754"}],"wp:attachment":[{"href":"https:\/\/claire-jannot.com\/index.php?rest_route=%2Fwp%2Fv2%2Fmedia&parent=6752"}],"wp:term":[{"taxonomy":"category","embeddable":true,"href":"https:\/\/claire-jannot.com\/index.php?rest_route=%2Fwp%2Fv2%2Fcategories&post=6752"},{"taxonomy":"post_tag","embeddable":true,"href":"https:\/\/claire-jannot.com\/index.php?rest_route=%2Fwp%2Fv2%2Ftags&post=6752"}],"curies":[{"name":"wp","href":"https:\/\/api.w.org\/{rel}","templated":true}]}}