{"id":6755,"date":"2016-04-24T13:03:03","date_gmt":"2016-04-24T12:03:03","guid":{"rendered":"http:\/\/www.grandesterresbio.com\/?p=6755"},"modified":"2016-04-22T17:16:00","modified_gmt":"2016-04-22T16:16:00","slug":"tout-savoir-sur-les-nouveaux-ogm","status":"publish","type":"post","link":"https:\/\/claire-jannot.com\/?p=6755","title":{"rendered":"Tout savoir sur les \u00ab\u00a0nouveaux OGM\u00a0\u00bb"},"content":{"rendered":"<h2 class=\"western\"><span style=\"font-family: Arial, sans-serif;\">Nouveau signe des inqui\u00e9tudes suscit\u00e9es par les \u00ab\u00a0nouveaux OGM\u00a0\u00bb, une manifestation a eu lieu mercredi 6\u00a0avril devant l\u2019\u00e9cole AgroParisTech, \u00e0 Paris, o\u00f9 devaient se r\u00e9unir, en assembl\u00e9e pl\u00e9ni\u00e8re, les membres du Haut Conseil des biotechnologies (HCB). Leur r\u00e9union a d\u00fb \u00eatre annul\u00e9e<\/span><span style=\"font-family: Arial, sans-serif;\">\u00a0<\/span><span style=\"font-family: Arial, sans-serif;\">du fait de la manifestation.<\/span><\/h2>\n<p><span style=\"color: #000000;\"><span style=\"font-family: Arial, sans-serif;\"><a href=\"https:\/\/i0.wp.com\/www.grandesterresbio.com\/wp-content\/uploads\/2016\/04\/mais.jpg\" rel=\"attachment wp-att-6756\"><img data-recalc-dims=\"1\" loading=\"lazy\" decoding=\"async\" class=\"alignleft  wp-image-6756\" src=\"https:\/\/i0.wp.com\/www.grandesterresbio.com\/wp-content\/uploads\/2016\/04\/mais.jpg?resize=431%2C243\" alt=\"mais\" width=\"431\" height=\"243\" srcset=\"https:\/\/i0.wp.com\/claire-jannot.com\/wp-content\/uploads\/2016\/04\/mais.jpg?w=850&amp;ssl=1 850w, https:\/\/i0.wp.com\/claire-jannot.com\/wp-content\/uploads\/2016\/04\/mais.jpg?resize=300%2C169&amp;ssl=1 300w, https:\/\/i0.wp.com\/claire-jannot.com\/wp-content\/uploads\/2016\/04\/mais.jpg?resize=768%2C434&amp;ssl=1 768w\" sizes=\"auto, (max-width: 431px) 100vw, 431px\" \/><\/a>A l\u2019initiative du mouvement, <strong>huit associations<\/strong> qui ont suspendu depuis f\u00e9vrier leurs travaux avec le HCB sur <strong>les nouvelles techniques de modification g\u00e9n\u00e9tique\u00a0<\/strong>: <strong>Les Amis de la Terre, la Conf\u00e9d\u00e9ration paysanne, la F\u00e9d\u00e9ration nationale de l\u2019agriculture<\/strong><\/span><strong><span style=\"font-family: Arial, sans-serif;\">\u00a0<\/span><span style=\"font-family: Arial, sans-serif;\">biologique, France<\/span><span style=\"font-family: Arial, sans-serif;\">\u00a0<\/span><\/strong><span style=\"font-family: Arial, sans-serif;\"><strong>nature environnement, Greenpeace, le R\u00e9seau semences paysannes, l\u2019Union nationale de l\u2019apiculture fran\u00e7aise, et l\u2019Association de consommateurs Cnafal.<\/strong> Elles protestent contre<\/span><span style=\"font-family: Arial, sans-serif;\">\u00a0<\/span><span style=\"font-family: Arial, sans-serif;\">\u00ab\u00a0la falsification de l\u2019expertise scientifique officielle\u00a0\u00bb<\/span><span style=\"font-family: Arial, sans-serif;\">\u00a0<\/span><span style=\"font-family: Arial, sans-serif;\">et<\/span><span style=\"font-family: Arial, sans-serif;\">\u00a0<\/span><span style=\"font-family: Arial, sans-serif;\">\u00ab\u00a0les OGM cach\u00e9s\u00a0\u00bb<\/span><span style=\"font-family: Arial, sans-serif;\">. Explications.<\/span><\/span><\/p>\n<p><span style=\"font-family: Arial, sans-serif; color: #000000;\">Ces \u00ab\u00a0nouveaux OGM\u00a0\u00bb, qu\u2019est-ce que c\u2019est\u00a0?\u00a0<\/span><span style=\"color: #000000;\"><span style=\"font-family: Arial, sans-serif;\"><strong>Les OGM classiques sont obtenus par transgen\u00e8se<\/strong>\u00a0: un g\u00e8ne provenant d\u2019un autre organisme est introduit dans le g\u00e9nome d\u2019une plante pour lui conf\u00e9rer<\/span><span style=\"font-family: Arial, sans-serif;\">\u00a0<\/span><span style=\"font-family: Arial, sans-serif;\">une propri\u00e9t\u00e9 particuli\u00e8re. Par exemple, <strong>le pouvoir<\/strong><\/span><strong><span style=\"font-family: Arial, sans-serif;\">\u00a0<\/span><span style=\"font-family: Arial, sans-serif;\">de s\u00e9cr\u00e9ter<\/span><span style=\"font-family: Arial, sans-serif;\">\u00a0<\/span><\/strong><span style=\"font-family: Arial, sans-serif;\"><strong>un insecticide qui la prot\u00e8ge des ravageurs<\/strong> \u2212\u00a0comme le ma\u00efs MON810 de Monsanto, actif contre la pyrale\u00a0\u2212, ou une r\u00e9sistance aux herbicides, qui lui permet de survivre<\/span><span style=\"font-family: Arial, sans-serif;\">\u00a0<\/span><span style=\"font-family: Arial, sans-serif;\">\u00e0 un d\u00e9sherbant comme <strong>le Roundup<\/strong>, de la m\u00eame firme am\u00e9ricaine.<\/span><\/span><\/p>\n<p><span style=\"font-family: Arial, sans-serif; color: #000000;\">Les nouveaux OGM, fruits de nouvelles techniques de modification du g\u00e9nome plus pr\u00e9cises (ou <strong>NPBT<\/strong>, pour \u00ab\u00a0New Plant Breeding Techniques\u00a0\u00bb), <strong>sont g\u00e9n\u00e9ralement issus d\u2019une mutagen\u00e8se dirig\u00e9e.<\/strong> Des mutations cibl\u00e9es sont provoqu\u00e9es dans le g\u00e9nome d\u2019une plante. Parmi tous les mutants obtenus, sont s\u00e9lectionn\u00e9s ceux qui poss\u00e8dent les propri\u00e9t\u00e9s recherch\u00e9es\u00a0: meilleur rendement, r\u00e9sistance aux parasites, tol\u00e9rance \u00e0 la s\u00e9cheresse\u2026<\/span><\/p>\n<p><span style=\"color: #000000;\"><span style=\"font-family: Arial, sans-serif;\">Il s\u2019agit d\u2019organismes g\u00e9n\u00e9tiquement modifi\u00e9s, selon la d\u00e9finition de la directive europ\u00e9enne 2001-18 qui pr\u00e9cise que sont OGM les<\/span><span style=\"font-family: Arial, sans-serif;\">\u00a0<\/span><span style=\"font-family: Arial, sans-serif;\">\u00ab\u00a0organismes, \u00e0 l\u2019exception des \u00eatres humains, dont le mat\u00e9riel g\u00e9n\u00e9tique a \u00e9t\u00e9 modifi\u00e9 d\u2019une mani\u00e8re qui ne s\u2019effectue pas naturellement par multiplication et\/ou par recombinaison naturelle\u00a0\u00bb.<\/span><\/span><\/p>\n<p><span style=\"font-family: Arial, sans-serif; color: #000000;\">Toutefois, selon ses promoteurs, dans la mesure o\u00f9 ils ne font qu\u2019acc\u00e9l\u00e9rer un processus de mutation qui se produirait \u00e9galement dans la nature, <strong>il n\u2019y a pas de diff\u00e9rence, au final, entre les mutants naturels et artificiels.<\/strong><\/span><\/p>\n<p><span style=\"font-family: Arial, sans-serif; color: #000000;\">Comment sont-ils r\u00e9glement\u00e9s\u00a0?\u00a0<\/span><span style=\"font-family: Arial, sans-serif; color: #000000;\"><strong>Les OGM classiques sont r\u00e9glement\u00e9s au niveau europ\u00e9en. Les aliments contenant plus de 0,9\u00a0% d\u2019OGM sont obligatoirement \u00e9tiquet\u00e9s comme tels<\/strong> <strong>(\u00e0 l\u2019exception de la viande issue d\u2019animaux d\u2019\u00e9levage nourris aux OGM \u2013 un cas de figure beaucoup plus fr\u00e9quent que les OGM dans l\u2019alimentation humaine).<\/strong><\/span><\/p>\n<p><span style=\"color: #000000;\"><span style=\"font-family: Arial, sans-serif;\">Avec les NPBT, toutefois, ces r\u00e9glementations restent incertaines. Les \u00ab\u00a0nouveaux OGM\u00a0\u00bb, qui ont vu le jour apr\u00e8s ces textes, <strong>\u00e9chappent en effet au statut juridique<\/strong> des OGM. Pour l\u2019instant, la Commission europ\u00e9enne a demand\u00e9 aux Etats<\/span><span style=\"font-family: Arial, sans-serif;\">\u00a0<\/span><strong><span style=\"font-family: Arial, sans-serif;\">\u00ab\u00a0d\u2019appliquer jusqu\u2019\u00e0 nouvel ordre la r\u00e9glementation OGM \u00e0 toutes les plantes issues des NPBT\u00a0\u00bb<\/span><\/strong><span style=\"font-family: Arial, sans-serif;\">, explique Guy Kastler, de la Conf\u00e9d\u00e9ration paysanne.<\/span><span style=\"font-family: Arial, sans-serif;\">\u00ab\u00a0Aujourd\u2019hui, les directives [li\u00e9es aux OGM] s\u2019appliquent donc toujours, malgr\u00e9 le lobbying forcen\u00e9 de l&rsquo;industrie<\/span><span style=\"font-family: Arial, sans-serif;\">\u00a0<\/span><span style=\"font-family: Arial, sans-serif;\">qui souhaite qu\u2019elles ne s\u2019appliquent plus.\u00a0\u00bb<\/span><span style=\"font-family: Arial, sans-serif;\">\u00a0<strong>Car si ces produits ne sont plus catalogu\u00e9s comme OGM, ils \u00e9chapperaient aux proc\u00e9dures d\u2019\u00e9valuation des risques, d\u2019autorisation, d\u2019\u00e9tiquetage, de suivi&#8230; ainsi qu\u2019\u00e0 la mauvaise image dont p\u00e2tissent les OGM en Europe.<\/strong><\/span><\/span><\/p>\n<p class=\"western\"><span style=\"color: #000000;\">Crise au Haut conseil des biotechnologies :\u00a0<\/span><span style=\"color: #000000;\"><span style=\"font-family: Arial, sans-serif;\">Cet organisme a \u00e9t\u00e9 cr\u00e9\u00e9 en\u00a02009 pour d\u00e9velopper<\/span><span style=\"font-family: Arial, sans-serif;\">\u00a0<\/span><span style=\"font-family: Arial, sans-serif;\">une expertise \u00e0 l\u2019intention des pouvoirs publics sur les nouvelles technologies, comme les OGM.<\/span><\/span><\/p>\n<p><span style=\"color: #000000;\"><strong><span style=\"font-family: Arial, sans-serif;\">Le 22\u00a0avril, les associations \u00e0 l\u2019initiative de la manifestation de mercredi, membres du Comit\u00e9 \u00e9conomique, \u00e9thique et social<\/span><span style=\"font-family: Arial, sans-serif;\">\u00a0<\/span><span style=\"font-family: Arial, sans-serif;\">(CEES) du HCB, ont d\u00e9cid\u00e9 de boycotter cette instance, l\u2019accusant de ne pas respecter<\/span><span style=\"font-family: Arial, sans-serif;\">\u00a0<\/span><span style=\"font-family: Arial, sans-serif;\">\u00ab\u00a0la pluralit\u00e9 du d\u00e9bat\u00a0\u00bb<\/span><span style=\"font-family: Arial, sans-serif;\">, et m\u00eame de<\/span><span style=\"font-family: Arial, sans-serif;\">\u00a0<\/span><span style=\"font-family: Arial, sans-serif;\">\u00ab\u00a0censure\u00a0\u00bb<\/span><\/strong><span style=\"font-family: Arial, sans-serif;\"><strong>.<\/strong> Elles lui reprochent de ne pas avoir<\/span><span style=\"font-family: Arial, sans-serif;\">\u00a0<\/span><span style=\"font-family: Arial, sans-serif;\">int\u00e9gr\u00e9, <\/span><span style=\"font-family: Arial, sans-serif;\">dans un document sur ces NPBT publi\u00e9 le 20 janvier<\/span><span style=\"font-family: Arial, sans-serif;\">, <strong>l\u2019avis divergent d\u2019Yves Bertheau, directeur de recherche \u00e0 l\u2019Institut national de la recherche agronomique (INRA), qui a depuis d\u00e9missionn\u00e9 du Conseil scientifique du HCB.<\/strong><\/span><\/span><\/p>\n<p class=\"western\"><span style=\"color: #000000;\">Quels sont les risques\u00a0?\u00a0<\/span><span style=\"font-family: Arial, sans-serif; color: #000000;\">Si les associations craignent que ces \u00ab\u00a0nouveaux OGM\u00a0\u00bb ne soient pas int\u00e9gr\u00e9s \u00e0 la r\u00e9glementation OGM, c\u2019est d\u2019abord parce qu\u2019<strong>ils \u00e9chapperaient alors \u00e0 l\u2019\u00e9tiquetage des produits OGM en UE<\/strong>, et donc \u00e0 l\u2019information des consommateurs.<\/span><\/p>\n<p><span style=\"color: #000000;\"><span style=\"font-family: Arial, sans-serif;\">Autre risque, selon Guy Kastler, de la Conf\u00e9d\u00e9ration paysanne\u00a0: une nouvelle r\u00e9glementation encadrant ces techniques pourrait<\/span><span style=\"font-family: Arial, sans-serif;\">\u00a0<\/span><span style=\"font-family: Arial, sans-serif;\"><strong>\u00ab\u00a0\u00e9valuer le g\u00e8ne modifi\u00e9, et non la plante enti\u00e8re, comme le fait la r\u00e9glementation OGM actuelle\u00a0\u00bb<\/strong>.<\/span><span style=\"font-family: Arial, sans-serif;\">\u00a0<\/span><span style=\"font-family: Arial, sans-serif;\">Or dans ce cas,<\/span><span style=\"font-family: Arial, sans-serif;\">\u00a0<\/span><span style=\"font-family: Arial, sans-serif;\">\u00ab\u00a0on n\u2019\u00e9value pas les effets non intentionnels des modifications g\u00e9n\u00e9tiques dans la plante, effets qui posent probl\u00e8me pour la sant\u00e9 ou l\u2019environnement\u00a0\u00bb<\/span><span style=\"font-family: Arial, sans-serif;\">.<\/span><\/span><\/p>\n<p><span style=\"color: #000000;\"><span style=\"font-family: Arial, sans-serif;\">La Conf\u00e9d\u00e9ration paysanne pointe<\/span><span style=\"font-family: Arial, sans-serif;\">\u00a0<\/span><span style=\"font-family: Arial, sans-serif;\">enfin le risque de <strong>biopiraterie.<\/strong> En effet, ces nouvelles techniques permettent de <strong>modifier<\/strong><\/span><strong><span style=\"font-family: Arial, sans-serif;\">\u00a0<\/span><\/strong><span style=\"font-family: Arial, sans-serif;\"><strong>un g\u00e8ne sans que cette modification ne soit d\u00e9tectable dans la plante commercialis\u00e9e, \u00e0 l\u2019inverse des OGM classiques.<\/strong> M\u00eame si l\u2019organisme est bel et bien g\u00e9n\u00e9tiquement modifi\u00e9, les industriels peuvent d\u00e9crire<\/span><span style=\"font-family: Arial, sans-serif;\">\u00a0<\/span><span style=\"font-family: Arial, sans-serif;\">le g\u00e8ne modifi\u00e9 comme en en tout point semblable \u00e0 un g\u00e8ne \u00ab\u00a0natif\u00a0\u00bb, pr\u00e9tendant alors<\/span><span style=\"font-family: Arial, sans-serif;\">\u00a0<\/span><span style=\"font-family: Arial, sans-serif;\">\u00ab\u00a0que rien ne permet de distinguer<\/span><span style=\"font-family: Arial, sans-serif;\">\u00a0<\/span><span style=\"font-family: Arial, sans-serif;\">ses nouveaux v\u00e9g\u00e9taux g\u00e9n\u00e9tiquement modifi\u00e9s des plantes qui existent d\u00e9j\u00e0 ou qui sont issues de proc\u00e9d\u00e9s conventionnels non OGM\u00a0\u00bb<\/span><span style=\"font-family: Arial, sans-serif;\">. Par cons\u00e9quent, rel\u00e8ve la Conf\u00e9d\u00e9ration paysanne,<\/span><span style=\"font-family: Arial, sans-serif;\">\u00a0<\/span><strong><span style=\"font-family: Arial, sans-serif;\">\u00ab\u00a0cette absence de distinction permet \u00e0 l\u2019industrie de revendiquer<\/span><span style=\"font-family: Arial, sans-serif;\">\u00a0<\/span><span style=\"font-family: Arial, sans-serif;\">la propri\u00e9t\u00e9 industrielle de toutes les plantes cultiv\u00e9es porteuses d\u2019une \u201cinformation g\u00e9n\u00e9tique\u201d similaire \u00e0 celle d\u00e9crite dans ses brevets\u00a0\u00bb<\/span><span style=\"font-family: Arial, sans-serif;\">.<\/span><\/strong><\/span><\/p>\n<h6><span style=\"color: #000000;\"><span style=\"font-family: Arial, sans-serif;\">Source\u00a0: <\/span><span style=\"font-family: Arial, sans-serif;\"><span style=\"font-size: small;\">LE MONDE\u00a0 08.04.2016 Par\u00a0<a style=\"color: #000000;\" href=\"http:\/\/www.lemonde.fr\/journaliste\/angela-bolis\/\" target=\"_blank\">Angela Bolis<\/a><\/span><\/span><span style=\"font-family: Arial, sans-serif;\"> (Extraits)<\/span><\/span><\/h6>\n<h6>Cr\u00e9dit photo :\u00a0By Zeynel Cebeci (Own work) [CC BY-SA 4.0 (http:\/\/creativecommons.org\/licenses\/by-sa\/4.0)], via Wikimedia Commons<\/h6>\n<p>&nbsp;<\/p>\n<p>&nbsp;<\/p>\n<p>&nbsp;<\/p>\n<p>&nbsp;<\/p>\n","protected":false},"excerpt":{"rendered":"<p>Nouveau signe des inqui\u00e9tudes suscit\u00e9es par les \u00ab\u00a0nouveaux OGM\u00a0\u00bb, une manifestation a eu lieu mercredi 6\u00a0avril devant l\u2019\u00e9cole AgroParisTech, \u00e0 Paris, o\u00f9 devaient se r\u00e9unir, en assembl\u00e9e pl\u00e9ni\u00e8re, les membres du Haut Conseil des biotechnologies (HCB). Leur r\u00e9union a d\u00fb &hellip; <a href=\"https:\/\/claire-jannot.com\/?p=6755\">Continuer la lecture <span class=\"meta-nav\">&rarr;<\/span><\/a><\/p>\n","protected":false},"author":1,"featured_media":0,"comment_status":"open","ping_status":"open","sticky":false,"template":"","format":"standard","meta":{"jetpack_post_was_ever_published":false,"_jetpack_newsletter_access":"","_jetpack_dont_email_post_to_subs":false,"_jetpack_newsletter_tier_id":0,"_jetpack_memberships_contains_paywalled_content":false,"_jetpack_memberships_contains_paid_content":false,"footnotes":"","jetpack_publicize_message":"","jetpack_publicize_feature_enabled":true,"jetpack_social_post_already_shared":true,"jetpack_social_options":{"image_generator_settings":{"template":"highway","default_image_id":0,"font":"","enabled":false},"version":2}},"categories":[1],"tags":[42,58,9,10,11],"class_list":["post-6755","post","type-post","status-publish","format-standard","hentry","category-alimentation","tag-agriculture","tag-alimentation-2","tag-ogm","tag-sante","tag-societe-2"],"jetpack_publicize_connections":[],"jetpack_featured_media_url":"","jetpack_sharing_enabled":true,"jetpack_shortlink":"https:\/\/wp.me\/p5jjt5-1KX","_links":{"self":[{"href":"https:\/\/claire-jannot.com\/index.php?rest_route=\/wp\/v2\/posts\/6755","targetHints":{"allow":["GET"]}}],"collection":[{"href":"https:\/\/claire-jannot.com\/index.php?rest_route=\/wp\/v2\/posts"}],"about":[{"href":"https:\/\/claire-jannot.com\/index.php?rest_route=\/wp\/v2\/types\/post"}],"author":[{"embeddable":true,"href":"https:\/\/claire-jannot.com\/index.php?rest_route=\/wp\/v2\/users\/1"}],"replies":[{"embeddable":true,"href":"https:\/\/claire-jannot.com\/index.php?rest_route=%2Fwp%2Fv2%2Fcomments&post=6755"}],"version-history":[{"count":1,"href":"https:\/\/claire-jannot.com\/index.php?rest_route=\/wp\/v2\/posts\/6755\/revisions"}],"predecessor-version":[{"id":6757,"href":"https:\/\/claire-jannot.com\/index.php?rest_route=\/wp\/v2\/posts\/6755\/revisions\/6757"}],"wp:attachment":[{"href":"https:\/\/claire-jannot.com\/index.php?rest_route=%2Fwp%2Fv2%2Fmedia&parent=6755"}],"wp:term":[{"taxonomy":"category","embeddable":true,"href":"https:\/\/claire-jannot.com\/index.php?rest_route=%2Fwp%2Fv2%2Fcategories&post=6755"},{"taxonomy":"post_tag","embeddable":true,"href":"https:\/\/claire-jannot.com\/index.php?rest_route=%2Fwp%2Fv2%2Ftags&post=6755"}],"curies":[{"name":"wp","href":"https:\/\/api.w.org\/{rel}","templated":true}]}}