{"id":6761,"date":"2016-05-07T10:10:52","date_gmt":"2016-05-07T09:10:52","guid":{"rendered":"http:\/\/www.grandesterresbio.com\/?p=6761"},"modified":"2016-05-07T10:10:52","modified_gmt":"2016-05-07T09:10:52","slug":"produits-solaires-korres-lete-est-arrive-chez-grandes-terres-bio","status":"publish","type":"post","link":"https:\/\/claire-jannot.com\/?p=6761","title":{"rendered":"Produits solaires Korres : L&rsquo;\u00e9t\u00e9 est arriv\u00e9 chez Grandes terres bio !"},"content":{"rendered":"<h2 class=\"western\"><span style=\"font-family: Arial, sans-serif;\">Ils viennent juste d&rsquo;arriver dans votre magasin bio pr\u00e9f\u00e9r\u00e9 (!) et tout d&rsquo;un coup &#8230; l&rsquo;\u00e9t\u00e9 est l\u00e0 ! \ud83d\ude42<\/span><\/h2>\n<div id=\"attachment_6765\" style=\"width: 353px\" class=\"wp-caption alignleft\"><a href=\"https:\/\/i0.wp.com\/www.grandesterresbio.com\/wp-content\/uploads\/2016\/04\/SOLAIRESINSTA-1.gif\" rel=\"attachment wp-att-6765\"><img data-recalc-dims=\"1\" loading=\"lazy\" decoding=\"async\" aria-describedby=\"caption-attachment-6765\" class=\"wp-image-6765\" src=\"https:\/\/i0.wp.com\/www.grandesterresbio.com\/wp-content\/uploads\/2016\/04\/SOLAIRESINSTA-1.gif?resize=343%2C342\" alt=\"SOLAIRESINSTA\" width=\"343\" height=\"342\" \/><\/a><p id=\"caption-attachment-6765\" class=\"wp-caption-text\">Un produit solaire dans son sac #grandesterresbio &#8230; et l&rsquo;\u00e9t\u00e9 est l\u00e0 ! #2500referencescestriendutout #monmagasinbio \u00e0 #marlyleroi #bientotlete #jebronzedoncjesuis #avecmonsac #jamaisjequittemonsac #jymetstoutemavie<\/p><\/div>\n<p><span style=\"color: #000000;\"><span style=\"font-family: Georgia, 'Bitstream Charter', serif;\"><span style=\"font-size: medium;\">Les soins solaires bio KORRES sont enrichis en ingr\u00e9dients actifs d&rsquo;origine naturelle de grande qualit\u00e9 et l\u00e9g\u00e8rement parfum\u00e9s pour une protection optimale et un plaisir des sens.<\/span><\/span><\/span><\/p>\n<p>Ainsi, vous trouverez chez #grandesterresbio toute <strong>une gamme compl\u00e8te de protections solaires pour les petits et les grands de l&rsquo;indice 20 \u00e0 l&rsquo;indice 50<\/strong>, pour le visage et le corps et le tout avec un indice confiance de 1000 !<\/p>\n<p>&nbsp;<\/p>\n<p>&nbsp;<\/p>\n<p><strong><span style=\"color: #444444;\"><span style=\"font-family: Georgia, 'Bitstream Charter', serif;\"><span style=\"font-size: medium;\">Soin solaire pour\u00a0les peaux sensibles : \u00e0 base de Yaourt naturel avec une protection\u00a0SPF 30 et SPF 50 :<\/span><\/span><\/span><\/strong><\/p>\n<p><span style=\"color: #444444;\"><span style=\"font-family: Georgia, 'Bitstream Charter', serif;\"><span style=\"font-size: medium;\">Sa composition lui donne des propri\u00e9t\u00e9s id\u00e9ales contre les inflammations et les irritations avec une action antioxydante. Ce produit contient \u00e9galement un m\u00e9lange qui r\u00e9gule l&rsquo;hydratation de la peau \u00a0(citrus, miel, b\u00e9taine, pectine de citron).\u00a0Produit id\u00e9al pour peaux sensibles et claires &#8211; Dermatologiquement test\u00e9 \u2013 Non com\u00e9dog\u00e8ne -R\u00e9siste \u00e0 l\u2019eau et \u00e0 la transpiration\u00a0<\/span><\/span><\/span><\/p>\n<p><strong><span style=\"color: #444444;\"><span style=\"font-family: Georgia, 'Bitstream Charter', serif;\"><span style=\"font-size: medium;\">Soin solaire bronzant : \u00e0 base de noix et de noix de coco Protection\u00a0SPF 20 :<\/span><\/span><\/span><\/strong><\/p>\n<p><span style=\"color: #444444;\"><span style=\"font-family: Georgia, 'Bitstream Charter', serif;\"><span style=\"font-size: medium;\">L\u2019huile de noix contient de l\u2019acide linol\u00e9ique et cinnamique qui contribue \u00e0 la r\u00e9g\u00e9n\u00e9ration, \u00e0 l\u2019\u00e9clat et \u00e0 l\u2019hydratation des peaux s\u00e8ches ou dess\u00e9ch\u00e9es par le soleil. \u00a0L\u2019huile de noix de coco a une texture fluide, non grasse et non com\u00e9dog\u00e8ne qui est facilement absorb\u00e9e par la peau. Elle a des propri\u00e9t\u00e9s nourrissantes qui aident \u00e0 garder la peau douce et souple.<br \/>\nDermatologiquement test\u00e9 \u2013 Non com\u00e9dog\u00e8ne \u2013 R\u00e9siste \u00e0 l\u2019eau et \u00e0 la transpiration\u00a0<\/span><\/span><\/span><\/p>\n<p><strong><span style=\"color: #444444;\"><span style=\"font-family: Georgia, 'Bitstream Charter', serif;\"><span style=\"font-size: medium;\">Spray solaire pour les peaux sensibles : \u00e0 base de Yaourt naturel Protection\u00a0SPF 30 et SPF 50 &#8211; Visage et corps :<\/span><\/span><\/span><\/strong><\/p>\n<p><span style=\"color: #444444;\"><span style=\"font-family: Georgia, 'Bitstream Charter', serif;\"><span style=\"font-size: medium;\">Le yaourt, une source naturelle de lactose, les min\u00e9raux et vitamines, augmentent la teneur en eau des couches sup\u00e9rieures de l&rsquo;\u00e9piderme et rafra\u00eechit la peau.<br \/>\nL&rsquo;extrait naturel d&rsquo;Alo\u00e8s actif assouplit la peau et les huiles de Calendula et de Camomille contenues dans l&rsquo;\u00e9mulsion adoucissent la peau. <\/span><\/span><\/span><span style=\"color: #444444;\"><span style=\"font-family: Georgia, 'Bitstream Charter', serif;\"><span style=\"font-size: medium;\">Produit id\u00e9al pour peaux sensibles et claires Dermatologiquement test\u00e9 \u2013 Non com\u00e9dog\u00e8ne &#8211;\u00a0<\/span><\/span><\/span><span style=\"color: #444444;\"><span style=\"font-family: Georgia, 'Bitstream Charter', serif;\"><span style=\"font-size: medium;\">R\u00e9siste \u00e0 l\u2019eau et \u00e0 la transpiration<\/span><\/span><\/span><\/p>\n<p><strong><span style=\"color: #444444;\"><span style=\"font-family: Georgia, 'Bitstream Charter', serif;\"><span style=\"font-size: medium;\">Apr\u00e8s soleil &#8211; Visage et corps :<\/span><\/span><\/span><\/strong><\/p>\n<p><span style=\"color: #444444;\"><span style=\"font-family: Georgia, 'Bitstream Charter', serif;\"><span style=\"font-size: medium;\">Apaise les irritations caus\u00e9es par l&rsquo;exposition au soleil\u00a0avec la lavande de mer et l&rsquo;aloe vera<\/span><\/span><\/span><\/p>\n<p><span style=\"color: #444444;\"><span style=\"font-family: Georgia, 'Bitstream Charter', serif;\"><span style=\"font-size: medium;\">Hydrate et offre la sensation de refroidissement avec de la lavande de mer, d&rsquo;alo\u00e8s, de figue, de concombre et de l&rsquo;huile d&rsquo;amande &#8211;\u00a0Prot\u00e8ge contre le photo vieillissement avec la propolis et le th\u00e9 vert &#8211;\u00a0Apr\u00e8s l&rsquo;exposition au soleil pour tous les types de peau<\/span><\/span><\/span><\/p>\n<p><span style=\"color: #444444;\"><span style=\"font-family: Georgia, 'Bitstream Charter', serif;\"><span style=\"font-size: medium;\"><strong>Id\u00e9al \u00e0 utiliser comme hydratant pour le corps pendant l&rsquo;\u00e9t\u00e9<\/strong>\u00a0 -Dermatologiquement test\u00e9 \u2013 Non com\u00e9dog\u00e8ne &#8211;\u00a0R\u00e9siste \u00e0 l\u2019eau et \u00e0 la transpiration<\/span><\/span><\/span><\/p>\n<p>&nbsp;<\/p>\n<p><strong><span style=\"color: #444444;\"><span style=\"font-family: Georgia, 'Bitstream Charter', serif;\"><span style=\"font-size: medium;\">Et surout, ces produits sont SANS huile min\u00e9rale, vaseline, cire de paraffine, silicones, parab\u00e8nes, propyl\u00e8ne glycol, \u00e9thanolamines, nanoparticules (perturbateurs endocriniens) , colorants synth\u00e9tiques, phtalates.<\/span><\/span><\/span><\/strong><\/p>\n<p><span style=\"color: #444444;\"><span style=\"font-family: Georgia, 'Bitstream Charter', serif;\"><span style=\"font-size: medium;\">A bient\u00f4t chez #grandesterresbio !<\/span><\/span><\/span><\/p>\n<p>&nbsp;<\/p>\n<p>&nbsp;<\/p>\n","protected":false},"excerpt":{"rendered":"<p>Ils viennent juste d&rsquo;arriver dans votre magasin bio pr\u00e9f\u00e9r\u00e9 (!) et tout d&rsquo;un coup &#8230; l&rsquo;\u00e9t\u00e9 est l\u00e0 ! \ud83d\ude42 Les soins solaires bio KORRES sont enrichis en ingr\u00e9dients actifs d&rsquo;origine naturelle de grande qualit\u00e9 et l\u00e9g\u00e8rement parfum\u00e9s pour une &hellip; <a href=\"https:\/\/claire-jannot.com\/?p=6761\">Continuer la lecture <span class=\"meta-nav\">&rarr;<\/span><\/a><\/p>\n","protected":false},"author":1,"featured_media":0,"comment_status":"open","ping_status":"open","sticky":false,"template":"","format":"standard","meta":{"jetpack_post_was_ever_published":false,"_jetpack_newsletter_access":"","_jetpack_dont_email_post_to_subs":false,"_jetpack_newsletter_tier_id":0,"_jetpack_memberships_contains_paywalled_content":false,"_jetpack_memberships_contains_paid_content":false,"footnotes":"","jetpack_publicize_message":"","jetpack_publicize_feature_enabled":true,"jetpack_social_post_already_shared":true,"jetpack_social_options":{"image_generator_settings":{"template":"highway","default_image_id":0,"font":"","enabled":false},"version":2}},"categories":[2],"tags":[56,3,57,10],"class_list":["post-6761","post","type-post","status-publish","format-standard","hentry","category-ecologie","tag-apivita","tag-consommation","tag-cosmetiques","tag-sante"],"jetpack_publicize_connections":[],"jetpack_featured_media_url":"","jetpack_sharing_enabled":true,"jetpack_shortlink":"https:\/\/wp.me\/p5jjt5-1L3","_links":{"self":[{"href":"https:\/\/claire-jannot.com\/index.php?rest_route=\/wp\/v2\/posts\/6761","targetHints":{"allow":["GET"]}}],"collection":[{"href":"https:\/\/claire-jannot.com\/index.php?rest_route=\/wp\/v2\/posts"}],"about":[{"href":"https:\/\/claire-jannot.com\/index.php?rest_route=\/wp\/v2\/types\/post"}],"author":[{"embeddable":true,"href":"https:\/\/claire-jannot.com\/index.php?rest_route=\/wp\/v2\/users\/1"}],"replies":[{"embeddable":true,"href":"https:\/\/claire-jannot.com\/index.php?rest_route=%2Fwp%2Fv2%2Fcomments&post=6761"}],"version-history":[{"count":15,"href":"https:\/\/claire-jannot.com\/index.php?rest_route=\/wp\/v2\/posts\/6761\/revisions"}],"predecessor-version":[{"id":6779,"href":"https:\/\/claire-jannot.com\/index.php?rest_route=\/wp\/v2\/posts\/6761\/revisions\/6779"}],"wp:attachment":[{"href":"https:\/\/claire-jannot.com\/index.php?rest_route=%2Fwp%2Fv2%2Fmedia&parent=6761"}],"wp:term":[{"taxonomy":"category","embeddable":true,"href":"https:\/\/claire-jannot.com\/index.php?rest_route=%2Fwp%2Fv2%2Fcategories&post=6761"},{"taxonomy":"post_tag","embeddable":true,"href":"https:\/\/claire-jannot.com\/index.php?rest_route=%2Fwp%2Fv2%2Ftags&post=6761"}],"curies":[{"name":"wp","href":"https:\/\/api.w.org\/{rel}","templated":true}]}}