{"id":6787,"date":"2016-06-21T11:19:27","date_gmt":"2016-06-21T10:19:27","guid":{"rendered":"http:\/\/www.grandesterresbio.com\/?p=6787"},"modified":"2016-06-20T11:28:20","modified_gmt":"2016-06-20T10:28:20","slug":"nantes-decouverte-dune-plante-tueuse-de-frelons-asiatiques","status":"publish","type":"post","link":"https:\/\/claire-jannot.com\/?p=6787","title":{"rendered":"Nantes : D\u00e9couverte d&rsquo;une plante tueuse de frelons asiatiques"},"content":{"rendered":"<h1 class=\"entry-title\"><span style=\"color: #000000;\">Une plante carnivore qui peut attirer puis d\u00e9truire en grand nombre de frelons asiatiques a \u00e9t\u00e9 d\u00e9couverte au Jardin des plantes de Nantes. Cette d\u00e9couverte attire les scientifiques qui recherchent un moyen efficace contre la prolif\u00e9ration de cet insecte.<\/span><\/h1>\n<div id=\"attachment_6788\" style=\"width: 381px\" class=\"wp-caption alignleft\"><a href=\"http:\/\/www.grandesterresbio.com\/wp-content\/uploads\/2016\/06\/Vespa_velutina_nest.jpe\" rel=\"attachment wp-att-6788\"><img loading=\"lazy\" decoding=\"async\" aria-describedby=\"caption-attachment-6788\" class=\" wp-image-6788\" src=\"http:\/\/www.grandesterresbio.com\/wp-content\/uploads\/2016\/06\/Vespa_velutina_nest.jpe\" alt=\"Fondatrice finissant un nid de frelon asiatique\" width=\"371\" height=\"268\" srcset=\"https:\/\/claire-jannot.com\/wp-content\/uploads\/2016\/06\/Vespa_velutina_nest.jpe 2116w, https:\/\/claire-jannot.com\/wp-content\/uploads\/2016\/06\/Vespa_velutina_nest-300x217.jpe 300w, https:\/\/claire-jannot.com\/wp-content\/uploads\/2016\/06\/Vespa_velutina_nest-768x555.jpe 768w, https:\/\/claire-jannot.com\/wp-content\/uploads\/2016\/06\/Vespa_velutina_nest-1024x740.jpe 1024w, http:\/\/claire-jannot.com\/wp-content\/uploads\/2016\/06\/Vespa_velutina_nest.jpe 1280w, http:\/\/claire-jannot.com\/wp-content\/uploads\/2016\/06\/Vespa_velutina_nest.jpe 1920w\" sizes=\"auto, (max-width: 371px) 100vw, 371px\" \/><\/a><p id=\"caption-attachment-6788\" class=\"wp-caption-text\">Fondatrice finissant un nid de frelon asiatique<\/p><\/div>\n<p><span style=\"color: #000000;\">C\u2019est la b\u00eate noire des apiculteurs. Le frelon asiatique est le plus dangereux pr\u00e9dateur des abeilles, mais les scientifiques du Jardin des plantes nantais pourraient en faire une histoire du pass\u00e9. <strong>Romaric Perrocheau, directeur du Jardin des plantes, ouvre au hasard une des feuilles au capuchon violet de la Sarracenia,<\/strong> la plante carnivore, et montre qu\u2019\u00e0 l\u2019int\u00e9rieur se trouve un frelon asiatique. La plante serait selon lui dans l\u2019incapacit\u00e9 de dig\u00e9rer les ailes.<\/span><\/p>\n<p><strong><span style=\"color: #000000;\">Une plante destin\u00e9e \u00e0 aider les abeilles<\/span><\/strong><\/p>\n<p><span style=\"color: #000000;\">Le scientifique explique que le <strong>frelon est attir\u00e9 par le nectar et les ph\u00e9romones<\/strong> se trouvant sur les l\u00e8vres de la plantes. Il est tomb\u00e9 dans le long tube de la feuille et s\u2019est retrouv\u00e9 coinc\u00e9 au fond et mang\u00e9 par les sucs digestifs. M\u00eame si ces plantes sont l\u00e0 depuis 2010 c\u2019est \u00e0 l\u2019automne dernier que Christian Besson, un jardinier s\u2019est rendu compte que les frelons \u00e9taient attir\u00e9s par cette plante en les trouvant dans les feuilles pendant les visites.<\/span><\/p>\n<p><strong><span style=\"color: #000000;\">Le d\u00e9but de longues recherches<\/span><\/strong><\/p>\n<p><span style=\"color: #000000;\"><strong>Ces plantes carnivores d\u2019Am\u00e9rique du Nord et qui n\u2019ont jamais vu de frelons asiatiques ont invent\u00e9 un pi\u00e8ge tr\u00e8s s\u00e9lectif.<\/strong> Cependant, une m\u00eame plante ne peut attirer que maximum <strong>50 insectes, or un nid de frelons en regroupe 4000<\/strong>, nous explique le directeur. Eric Darrouzet, enseignant-chercheur \u00e0 l\u2019Institut de recherche sur la biologie de l\u2019insecte (IRBI) de l\u2019universit\u00e9 de Tours, qui coordonne les projets de recherche sur le frelon asiatique depuis 2011, indique que la d\u00e9couverte est int\u00e9ressante mais qu\u2019on ne peut pas encore savoir si elle est majeure ou mineure.<\/span><\/p>\n<p><strong><span style=\"color: #000000;\">Trouver la super mol\u00e9cule attractive<\/span><\/strong><\/p>\n<p><span style=\"color: #000000;\">M. Darrouzet a l\u2019espoir de trouver dans cette plante une super mol\u00e9cule attractive qui pourra servir d\u2019app\u00e2t pour un pi\u00e8ge teste 100% s\u00e9lectif actuellement \u00e0 l\u2019\u00e9tude \u00e0 Tours, et qui devrait \u00eatre commercialis\u00e9 en 2016. La plante combin\u00e9e \u00e0 la mol\u00e9cule pourrait \u00eatre un moyen efficace de lutter contre le fl\u00e9au du frelon asiatique. En attendant l\u2019avanc\u00e9e des recherches scientifiques, <strong>la Sarracenia, qui se cultive facilement et sans danger de propagation dans la nature, peut \u00eatre plant\u00e9e sur des zones de protection pr\u00e8s des ruches.<\/strong><\/span><\/p>\n<h6><span style=\"color: #000000;\">Source : greenetvert.fr &#8211;<time datetime=\"2016-06-15\">15.06.2016<\/time><\/span><\/h6>\n<h6><span style=\"color: #000000;\">Cr\u00e9dit photo : Par Francis ITHURBURU (Travail personnel) [GFDL (http:\/\/www.gnu.org\/copyleft\/fdl.html) ou CC BY-SA 3.0 (http:\/\/creativecommons.org\/licenses\/by-sa\/3.0)], via Wikimedia Commons\u00a0<\/span><\/h6>\n<p>&nbsp;<\/p>\n<p>&nbsp;<\/p>\n<p>&nbsp;<\/p>\n<p>&nbsp;<\/p>\n","protected":false},"excerpt":{"rendered":"<p>Une plante carnivore qui peut attirer puis d\u00e9truire en grand nombre de frelons asiatiques a \u00e9t\u00e9 d\u00e9couverte au Jardin des plantes de Nantes. Cette d\u00e9couverte attire les scientifiques qui recherchent un moyen efficace contre la prolif\u00e9ration de cet insecte. C\u2019est &hellip; <a href=\"https:\/\/claire-jannot.com\/?p=6787\">Continuer la lecture <span class=\"meta-nav\">&rarr;<\/span><\/a><\/p>\n","protected":false},"author":1,"featured_media":0,"comment_status":"open","ping_status":"open","sticky":false,"template":"","format":"standard","meta":{"jetpack_post_was_ever_published":false,"_jetpack_newsletter_access":"","_jetpack_dont_email_post_to_subs":false,"_jetpack_newsletter_tier_id":0,"_jetpack_memberships_contains_paywalled_content":false,"_jetpack_memberships_contains_paid_content":false,"footnotes":"","jetpack_publicize_message":"","jetpack_publicize_feature_enabled":true,"jetpack_social_post_already_shared":true,"jetpack_social_options":{"image_generator_settings":{"template":"highway","default_image_id":0,"font":"","enabled":false},"version":2}},"categories":[2],"tags":[4,48],"class_list":["post-6787","post","type-post","status-publish","format-standard","hentry","category-ecologie","tag-ecologie2","tag-vie-animale"],"jetpack_publicize_connections":[],"jetpack_featured_media_url":"","jetpack_sharing_enabled":true,"jetpack_shortlink":"https:\/\/wp.me\/p5jjt5-1Lt","_links":{"self":[{"href":"https:\/\/claire-jannot.com\/index.php?rest_route=\/wp\/v2\/posts\/6787","targetHints":{"allow":["GET"]}}],"collection":[{"href":"https:\/\/claire-jannot.com\/index.php?rest_route=\/wp\/v2\/posts"}],"about":[{"href":"https:\/\/claire-jannot.com\/index.php?rest_route=\/wp\/v2\/types\/post"}],"author":[{"embeddable":true,"href":"https:\/\/claire-jannot.com\/index.php?rest_route=\/wp\/v2\/users\/1"}],"replies":[{"embeddable":true,"href":"https:\/\/claire-jannot.com\/index.php?rest_route=%2Fwp%2Fv2%2Fcomments&post=6787"}],"version-history":[{"count":1,"href":"https:\/\/claire-jannot.com\/index.php?rest_route=\/wp\/v2\/posts\/6787\/revisions"}],"predecessor-version":[{"id":6789,"href":"https:\/\/claire-jannot.com\/index.php?rest_route=\/wp\/v2\/posts\/6787\/revisions\/6789"}],"wp:attachment":[{"href":"https:\/\/claire-jannot.com\/index.php?rest_route=%2Fwp%2Fv2%2Fmedia&parent=6787"}],"wp:term":[{"taxonomy":"category","embeddable":true,"href":"https:\/\/claire-jannot.com\/index.php?rest_route=%2Fwp%2Fv2%2Fcategories&post=6787"},{"taxonomy":"post_tag","embeddable":true,"href":"https:\/\/claire-jannot.com\/index.php?rest_route=%2Fwp%2Fv2%2Ftags&post=6787"}],"curies":[{"name":"wp","href":"https:\/\/api.w.org\/{rel}","templated":true}]}}