{"id":680,"date":"2012-01-24T11:41:20","date_gmt":"2012-01-24T10:41:20","guid":{"rendered":"http:\/\/www.clairejannot.com\/?p=680"},"modified":"2014-09-22T15:11:06","modified_gmt":"2014-09-22T14:11:06","slug":"milan-entree-en-vigueur-dun-peage-urbain-pour-tous-les-automobilistes","status":"publish","type":"post","link":"https:\/\/claire-jannot.com\/?p=680","title":{"rendered":"Milan: entr\u00e9e en vigueur d&rsquo;un p\u00e9age urbain pour tous les automobilistes"},"content":{"rendered":"<h2>Tous les automobilistes doivent payer depuis lundi matin un p\u00e9age pour pouvoir entrer dans le centre de Milan (nord), un nouveau dispositif mis en place par la municipalit\u00e9 de gauche pour r\u00e9duire le trafic et la pollution mais qui suscite la grogne des r\u00e9sidents.<\/h2>\n<p>Baptis\u00e9 <strong>\u00ab\u00a0Area C\u00a0\u00bb,<\/strong> ce p\u00e9age urbain, inspir\u00e9 du mod\u00e8le londonien, est une premi\u00e8re en Italie et remplace un pr\u00e9c\u00e9dent syst\u00e8me baptis\u00e9 \u00ab\u00a0Ecopass\u00a0\u00bb, en vigueur depuis 2008, mais qui ne touchait que les v\u00e9hicules les plus polluants, soit environ 10% des voitures entrant dans le centre.<\/p>\n<p>Le nouveau syst\u00e8me impose \u00e0 tous les automobilistes <strong>(sauf ceux ayant des voitures \u00e9lectriques ou hybrides)<\/strong> le paiement d&rsquo;un ticket d&rsquo;entr\u00e9e de 5 euros pour pouvoir circuler dans le centre de la capitale \u00e9conomique italienne, du lundi au vendredi de 07H30 \u00e0 19H30.<\/p>\n<p>La mairie de Milan esp\u00e8re une diminution du trafic de 20 \u00e0 30% dans le centre, soit pr\u00e8s de 30.000 voitures en moins, afin de r\u00e9duire la pollution et en particulier la concentration de particules fines PM 10 en suspension dans l&rsquo;air, qui d\u00e9passe r\u00e9guli\u00e8rement le seuil autoris\u00e9.<\/p>\n<p>Selon les premi\u00e8res donn\u00e9es disponibles lundi matin, le trafic, qui a connu une augmentation de 10% avant l&rsquo;entr\u00e9e en vigueur du p\u00e9age \u00e0 07H30, a ensuite chut\u00e9 d&rsquo;environ 40%.<\/p>\n<p><strong>Les revenus tir\u00e9s de ce p\u00e9age seront investis dans le d\u00e9veloppement des transports en commun milanais.<\/strong><\/p>\n<p>\u00ab\u00a0A un petit niveau, c&rsquo;est notre protocole de Kyoto\u00a0\u00bb, s&rsquo;est r\u00e9joui Giuliano Pisapia, le maire de gauche \u00e9lu au printemps dernier, dans le quotidien Corriere della Sera.<\/p>\n<p>\u00ab\u00a0Nous sommes conscients et convaincus que la ville en tirera de grands avantages, en commen\u00e7ant par un bien fondamental comme la sant\u00e9\u00a0\u00bb, a-t-il estim\u00e9.<\/p>\n<p>Mais de nombreux r\u00e9sidents du centre-ville sont sur le pied de guerre contre ce p\u00e9age urbain m\u00eame si la mairie leur a accord\u00e9 40 entr\u00e9es gratuites et un tarif pr\u00e9f\u00e9rentiel de 2 euros ensuite.<\/p>\n<p>Soutenus par l&rsquo;opposition de droite, ils multiplient les initiatives pour protester contre ce dispositif car ils jugent qu&rsquo;il est dans leur \u00ab\u00a0droit de rentrer \u00e0 la maison comme et quand ils le veulent sans avoir \u00e0 payer une taxe et sans contr\u00f4ler leur montre\u00a0\u00bb, souligne leur comit\u00e9 de d\u00e9fense <strong>\u00ab\u00a0Residenti no charge\u00a0\u00bb.<\/strong><\/p>\n<p>&nbsp;<\/p>\n<p>Source\u00a0: AFP du 16\/01\/2012<\/p>\n<p>&nbsp;<\/p>\n<p>&nbsp;<\/p>\n","protected":false},"excerpt":{"rendered":"<p>Tous les automobilistes doivent payer depuis lundi matin un p\u00e9age pour pouvoir entrer dans le centre de Milan (nord), un nouveau dispositif mis en place par la municipalit\u00e9 de gauche pour r\u00e9duire le trafic et la pollution mais qui suscite &hellip; <a href=\"https:\/\/claire-jannot.com\/?p=680\">Continuer la lecture <span class=\"meta-nav\">&rarr;<\/span><\/a><\/p>\n","protected":false},"author":1,"featured_media":0,"comment_status":"open","ping_status":"open","sticky":false,"template":"","format":"standard","meta":{"jetpack_post_was_ever_published":false,"_jetpack_newsletter_access":"","_jetpack_dont_email_post_to_subs":false,"_jetpack_newsletter_tier_id":0,"_jetpack_memberships_contains_paywalled_content":false,"_jetpack_memberships_contains_paid_content":false,"footnotes":"","jetpack_publicize_message":"","jetpack_publicize_feature_enabled":true,"jetpack_social_post_already_shared":false,"jetpack_social_options":{"image_generator_settings":{"template":"highway","default_image_id":0,"font":"","enabled":false},"version":2}},"categories":[2],"tags":[4,5],"class_list":["post-680","post","type-post","status-publish","format-standard","hentry","category-ecologie","tag-ecologie2","tag-environnement"],"jetpack_publicize_connections":[],"jetpack_featured_media_url":"","jetpack_sharing_enabled":true,"jetpack_shortlink":"https:\/\/wp.me\/p5jjt5-aY","_links":{"self":[{"href":"https:\/\/claire-jannot.com\/index.php?rest_route=\/wp\/v2\/posts\/680","targetHints":{"allow":["GET"]}}],"collection":[{"href":"https:\/\/claire-jannot.com\/index.php?rest_route=\/wp\/v2\/posts"}],"about":[{"href":"https:\/\/claire-jannot.com\/index.php?rest_route=\/wp\/v2\/types\/post"}],"author":[{"embeddable":true,"href":"https:\/\/claire-jannot.com\/index.php?rest_route=\/wp\/v2\/users\/1"}],"replies":[{"embeddable":true,"href":"https:\/\/claire-jannot.com\/index.php?rest_route=%2Fwp%2Fv2%2Fcomments&post=680"}],"version-history":[{"count":1,"href":"https:\/\/claire-jannot.com\/index.php?rest_route=\/wp\/v2\/posts\/680\/revisions"}],"predecessor-version":[{"id":5510,"href":"https:\/\/claire-jannot.com\/index.php?rest_route=\/wp\/v2\/posts\/680\/revisions\/5510"}],"wp:attachment":[{"href":"https:\/\/claire-jannot.com\/index.php?rest_route=%2Fwp%2Fv2%2Fmedia&parent=680"}],"wp:term":[{"taxonomy":"category","embeddable":true,"href":"https:\/\/claire-jannot.com\/index.php?rest_route=%2Fwp%2Fv2%2Fcategories&post=680"},{"taxonomy":"post_tag","embeddable":true,"href":"https:\/\/claire-jannot.com\/index.php?rest_route=%2Fwp%2Fv2%2Ftags&post=680"}],"curies":[{"name":"wp","href":"https:\/\/api.w.org\/{rel}","templated":true}]}}