{"id":6813,"date":"2016-06-28T12:40:53","date_gmt":"2016-06-28T11:40:53","guid":{"rendered":"http:\/\/www.grandesterresbio.com\/?p=6813"},"modified":"2016-06-27T16:50:26","modified_gmt":"2016-06-27T15:50:26","slug":"pour-recyclage-les-dechets-alimentaires-une-vraie-bonne-idee-le-poulailler","status":"publish","type":"post","link":"https:\/\/claire-jannot.com\/?p=6813","title":{"rendered":"Pour recyclage les d\u00e9chets alimentaires, une vraie bonne id\u00e9e : le poulailler  !"},"content":{"rendered":"<h2><span style=\"color: #000000;\">Des poules en guise de d\u00e9chetterie, un moyen tout \u00e0 fait simple, peu on\u00e9reux et totalement naturel, de r\u00e9duire le poids des d\u00e9chets d\u2019un village tout entier<\/span><\/h2>\n<h3><span style=\"color: #000000;\"><a style=\"color: #000000;\" href=\"https:\/\/i0.wp.com\/www.grandesterresbio.com\/wp-content\/uploads\/2016\/06\/Poules_naines.jpg\" rel=\"attachment wp-att-6814\"><img data-recalc-dims=\"1\" loading=\"lazy\" decoding=\"async\" class=\"alignleft  wp-image-6814\" src=\"https:\/\/i0.wp.com\/www.grandesterresbio.com\/wp-content\/uploads\/2016\/06\/Poules_naines.jpg?resize=376%2C272\" alt=\"Poules_naines\" width=\"376\" height=\"272\" srcset=\"https:\/\/i0.wp.com\/claire-jannot.com\/wp-content\/uploads\/2016\/06\/Poules_naines.jpg?w=1024&amp;ssl=1 1024w, https:\/\/i0.wp.com\/claire-jannot.com\/wp-content\/uploads\/2016\/06\/Poules_naines.jpg?resize=300%2C217&amp;ssl=1 300w, https:\/\/i0.wp.com\/claire-jannot.com\/wp-content\/uploads\/2016\/06\/Poules_naines.jpg?resize=768%2C556&amp;ssl=1 768w\" sizes=\"auto, (max-width: 376px) 100vw, 376px\" \/><\/a><\/span><strong>Un poulailler communal en C\u00f4te d\u2019or<\/strong><\/h3>\n<p><span style=\"color: #000000;\">La commune de Viller les Pots (C\u00f4te d\u2019or), a mis en place un <strong>poulailler communal pour ses 1050 habitants.<\/strong> En accord avec les \u00e9lus ainsi que l\u2019\u00e9cole et les parents, une dizaine de poules a alors pris logement sur un terrain pr\u00eat\u00e9 par la commune. Ce sont les enfants qui, \u00e0 tour de r\u00f4le s\u2019occupent de l\u2019entretien du poulailler et les parents eux, rapportent chaque jour, leurs d\u00e9chets aux gallinac\u00e9s.<\/span><\/p>\n<p><span style=\"color: #000000;\">Ce poulailler communal est le <strong>fruit d\u2019une initiative partag\u00e9e<\/strong>, entre les enfants de la commune, les parents et les \u00e9lus. Il a \u00e9t\u00e9 inaugur\u00e9 en mai 2013 sur un terrain pr\u00eat\u00e9 par la commune. Cette derni\u00e8re a financ\u00e9 une partie du mat\u00e9riel n\u00e9cessaire \u00e0 sa construction, le reste ayant \u00e9t\u00e9 r\u00e9uni et donn\u00e9 par les habitants du village,qui ont pr\u00eat\u00e9 main forte \u00e0 l\u2019employ\u00e9 communal pour la construction.<\/span><\/p>\n<p>Les avantages \u00e0 installer un poulailler communal :\u00a03 a<span style=\"color: #000000;\">ns apr\u00e8s, le bilan reste tr\u00e8s positif. <strong>Les enfants sont extr\u00eamement investis par leurs t\u00e2ches (d\u2019autant que les 3 responsables chaque semaine, se partagent les \u0153ufs pour leur famille) et les parents continuent de nourrir les poules avec les restes alimentaires<\/strong> (essentiellement du pain). Moins de g\u00e2chis et surtout, un syst\u00e8me totalement naturel pour y faire face. Autres points positifs \u00e0 un tel projet\u00a0:<\/span><\/p>\n<ul>\n<li><span style=\"color: #000000;\">les poules repoussent les serpents et autres animaux ind\u00e9sirables<\/span><\/li>\n<li><span style=\"color: #000000;\">elles procurent un \u00e0 deux \u0153ufs frais par poule et par jour<\/span><\/li>\n<li><span style=\"color: #000000;\">leur fumier est 100% naturel, gratuit et tr\u00e8s riche en azote pour les sols des particuliers (et agriculteurs)<\/span><\/li>\n<li><span style=\"color: #000000;\">elles mangent les mauvaises herbes<\/span><\/li>\n<li><span style=\"color: #000000;\">consomment \u00e0 peu pr\u00e8s tous les d\u00e9chets alimentaires (sauf la pomme de terre crue)<\/span><\/li>\n<li><span style=\"color: #000000;\">apportent vie et animation dans un quartier, un village\u2026<\/span><\/li>\n<li><span style=\"color: #000000;\">elles peuvent \u00eatre un excellent moyen de responsabiliser les enfants, tant sur le plan \u00e9cologique, que sur le plan personnel.<\/span><\/li>\n<\/ul>\n<p><span style=\"color: #000000;\">Vous ne pouvez pas avoir de poules chez vous ?<\/span><\/p>\n<h6><span style=\"color: #000000;\">Source :\u00a0\u00a0<time datetime=\"2014-06-19\">19.06.2014<\/time> greenetvert<\/span><\/h6>\n<h6><span style=\"color: #000000;\">Cr\u00e9dit photo :\u00a0Par arpent nourricier (Poules naines) [CC BY-SA 2.0 (http:\/\/creativecommons.org\/licenses\/by-sa\/2.0)], via Wikimedia Commons<\/span><\/h6>\n<p>&nbsp;<\/p>\n<p>&nbsp;<\/p>\n<p>&nbsp;<\/p>\n","protected":false},"excerpt":{"rendered":"<p>Des poules en guise de d\u00e9chetterie, un moyen tout \u00e0 fait simple, peu on\u00e9reux et totalement naturel, de r\u00e9duire le poids des d\u00e9chets d\u2019un village tout entier Un poulailler communal en C\u00f4te d\u2019or La commune de Viller les Pots (C\u00f4te &hellip; <a href=\"https:\/\/claire-jannot.com\/?p=6813\">Continuer la lecture <span class=\"meta-nav\">&rarr;<\/span><\/a><\/p>\n","protected":false},"author":1,"featured_media":0,"comment_status":"open","ping_status":"open","sticky":false,"template":"","format":"standard","meta":{"jetpack_post_was_ever_published":false,"_jetpack_newsletter_access":"","_jetpack_dont_email_post_to_subs":false,"_jetpack_newsletter_tier_id":0,"_jetpack_memberships_contains_paywalled_content":false,"_jetpack_memberships_contains_paid_content":false,"footnotes":"","jetpack_publicize_message":"","jetpack_publicize_feature_enabled":true,"jetpack_social_post_already_shared":true,"jetpack_social_options":{"image_generator_settings":{"template":"highway","default_image_id":0,"font":"","enabled":false},"version":2}},"categories":[2,47],"tags":[3,4,20,48],"class_list":["post-6813","post","type-post","status-publish","format-standard","hentry","category-ecologie","category-societe","tag-consommation","tag-ecologie2","tag-tri","tag-vie-animale"],"jetpack_publicize_connections":[],"jetpack_featured_media_url":"","jetpack_sharing_enabled":true,"jetpack_shortlink":"https:\/\/wp.me\/p5jjt5-1LT","_links":{"self":[{"href":"https:\/\/claire-jannot.com\/index.php?rest_route=\/wp\/v2\/posts\/6813","targetHints":{"allow":["GET"]}}],"collection":[{"href":"https:\/\/claire-jannot.com\/index.php?rest_route=\/wp\/v2\/posts"}],"about":[{"href":"https:\/\/claire-jannot.com\/index.php?rest_route=\/wp\/v2\/types\/post"}],"author":[{"embeddable":true,"href":"https:\/\/claire-jannot.com\/index.php?rest_route=\/wp\/v2\/users\/1"}],"replies":[{"embeddable":true,"href":"https:\/\/claire-jannot.com\/index.php?rest_route=%2Fwp%2Fv2%2Fcomments&post=6813"}],"version-history":[{"count":2,"href":"https:\/\/claire-jannot.com\/index.php?rest_route=\/wp\/v2\/posts\/6813\/revisions"}],"predecessor-version":[{"id":6816,"href":"https:\/\/claire-jannot.com\/index.php?rest_route=\/wp\/v2\/posts\/6813\/revisions\/6816"}],"wp:attachment":[{"href":"https:\/\/claire-jannot.com\/index.php?rest_route=%2Fwp%2Fv2%2Fmedia&parent=6813"}],"wp:term":[{"taxonomy":"category","embeddable":true,"href":"https:\/\/claire-jannot.com\/index.php?rest_route=%2Fwp%2Fv2%2Fcategories&post=6813"},{"taxonomy":"post_tag","embeddable":true,"href":"https:\/\/claire-jannot.com\/index.php?rest_route=%2Fwp%2Fv2%2Ftags&post=6813"}],"curies":[{"name":"wp","href":"https:\/\/api.w.org\/{rel}","templated":true}]}}