{"id":6818,"date":"2016-07-02T09:58:58","date_gmt":"2016-07-02T08:58:58","guid":{"rendered":"http:\/\/www.grandesterresbio.com\/?p=6818"},"modified":"2016-07-02T10:26:14","modified_gmt":"2016-07-02T09:26:14","slug":"victoire-la-peche-en-eau-profonde-enfin-interdite","status":"publish","type":"post","link":"https:\/\/claire-jannot.com\/?p=6818","title":{"rendered":"Victoire, la p\u00eache en eau profonde enfin interdite !"},"content":{"rendered":"<div class=\"chapo\">\n<h2>Apr\u00e8s des ann\u00e9es de lutte, les associations de protection de la mer ont obtenu de l\u2019Europe, le 30\u00a0juin, l\u2019interdiction de la p\u00eache au-del\u00e0 de 800 m\u00e8tres de profondeur. Il reste \u00e0 universaliser cette mesure indispensable pour la sant\u00e9 des fonds marins.<\/h2>\n<\/div>\n<div id=\"attachment_6820\" style=\"width: 398px\" class=\"wp-caption alignleft\"><a href=\"https:\/\/i0.wp.com\/www.grandesterresbio.com\/wp-content\/uploads\/2016\/07\/bd.gif\" rel=\"attachment wp-att-6820\"><img data-recalc-dims=\"1\" loading=\"lazy\" decoding=\"async\" aria-describedby=\"caption-attachment-6820\" class=\"wp-image-6820\" src=\"https:\/\/i0.wp.com\/www.grandesterresbio.com\/wp-content\/uploads\/2016\/07\/bd.gif?resize=388%2C440\" alt=\"bd\" width=\"388\" height=\"440\" \/><\/a><p id=\"caption-attachment-6820\" class=\"wp-caption-text\">BD en entier \u00e0 voir ici :\u00a0http:\/\/www.penelope-jolicoeur.com\/2013\/11\/prends-cinq-minutes-et-signe-copain-.html<\/p><\/div>\n<p>http:\/\/www.penelope-<\/p>\n<p>http:\/\/www.penelope-<\/p>\n<p class=\"texte\"><strong>Enfin<small class=\"fine\">\u00a0<\/small>! Le chalutage en eau profonde va \u00eatre interdit en Europe.<\/strong> Les trois institutions europ\u00e9ennes <strong>(Commission, Parlement et Conseil) ont adopt\u00e9, jeudi 30\u00a0juin,<\/strong> une s\u00e9rie de mesures essentielles pour la protection des \u00e9cosyst\u00e8mes profonds europ\u00e9ens. Depuis les ann\u00e9es 1970-1980, cette pratique <strong>d\u00e9truit les fonds marins \u00e0 une vitesse alarmante.<\/strong> La prohibition du chalutage \u00e0 une certaine profondeur est une avanc\u00e9e historique pour la pr\u00e9servation des esp\u00e8ces et des milieux aquatiques.<\/p>\n<p class=\"texte\">L\u2019Europe interdit d\u00e9sormais le chalutage de fond <strong>au-del\u00e0 de 800\u00a0m\u00e8tres.<\/strong> Cette technique de p\u00eache, qui consiste \u00e0 tirer de gigantesques filets lest\u00e9s le long des fonds marins, d\u00e9truisant tout sur leur passage, est \u00e0 l\u2019origine d\u2019une catastrophe environnementale. <strong>Les coraux, \u00e9ponges et autres habitats vuln\u00e9rables, vieux parfois de quelques milliers d\u2019ann\u00e9es, ne peuvent se r\u00e9g\u00e9n\u00e9rer face aux cadences de l\u2019industrie de la p\u00eache.<\/strong> \u00ab<small class=\"fine\">\u00a0<\/small>Interdire le chalutage au-del\u00e0 de 800 m\u00e8tres permettra de mettre fin \u00e0 la d\u00e9forestation sous-marine qui a lieu aujourd\u2019hui sans aucune contrainte l\u00e9gale<strong> jusqu\u2019\u00e0 2.000\u00a0m\u00e8tres de profondeur<\/strong><small class=\"fine\">\u00a0<\/small>\u00bb, affirme <strong>Claire Nouvian, pr\u00e9sidente de l\u2019association Bloom<\/strong>, qui se bat contre la p\u00eache en eau profonde depuis des ann\u00e9es. <strong>Le 29\u00a0mars dernier, lorsque le groupe Les Mousquetaires (propri\u00e9taire des filiales Intermarch\u00e9)<\/strong> annonce dans un communiqu\u00e9 mettre fin \u00e0 sa pratique de chalutage en eau profonde au-dessous de 800 m\u00e8tres, il impose ce qui sera le fruit d\u2019un compromis entre les l\u00e9gislateurs europ\u00e9ens, soit la limite retenue dans l\u2019actuel accord europ\u00e9en. \u00ab<small class=\"fine\">\u00a0<\/small>D\u2019un point de vue scientifique, 600\u00a0m\u00e8tres aurait \u00e9t\u00e9 plus \u00e0 m\u00eame de prot\u00e9ger les \u00e9cosyst\u00e8mes vuln\u00e9rables, mais la France et l\u2019Espagne se serait oppos\u00e9es au projet<small class=\"fine\">\u00a0<\/small>\u00bb, admet Claire Nouvian.<br \/>\nAutre point important de l\u2019accord, des \u00e9tudes sur l\u2019impact environnemental de la p\u00eache devront \u00eatre r\u00e9alis\u00e9es par les navires \u00ab<small class=\"fine\">\u00a0<\/small>ciblant<small class=\"fine\">\u00a0<\/small>\u00bb les esp\u00e8ces profondes. Il est convenu que des scientifiques r\u00e9pertorient les zones exploit\u00e9es par les p\u00eacheurs entre 2009 et 2011 d\u00e9terminant ainsi<strong>\u00ab<small class=\"fine\">\u00a0<\/small>l\u2019empreinte de p\u00eache<small class=\"fine\">\u00a0<\/small>\u00bb<\/strong>. Si un navire souhaite exercer son activit\u00e9 hors de cette zone, une \u00e9tude devra \u00eatre men\u00e9e au pr\u00e9alable pour v\u00e9rifier la pr\u00e9sence ou non d\u2019\u00e9cosyst\u00e8me marin vuln\u00e9rable. Si la port\u00e9e de la p\u00eache s\u2019av\u00e8re dangereuse pour ces esp\u00e8ces, elle sera consid\u00e9r\u00e9e comme interdite.\u00ab<small class=\"fine\">\u00a0<\/small>La p\u00e9riode de d\u00e9limitation de l\u2019empreinte de p\u00eache a fait l\u2019objet de nombreuses n\u00e9gociations, mais nous esp\u00e9rons que ce syst\u00e8me garantisse un contr\u00f4le rigoureux des activit\u00e9s maritimes. <strong>Les\u00a0<span class=\"caps\">ONG<\/span> resteront attentives lors de l\u2019entr\u00e9e en vigueur de l\u2019accord, qui devrait \u00eatre en janvier 2017<\/strong><small class=\"fine\">\u00a0<\/small>\u00bb,explique <strong>Sandrine Polti, de la campagne \u00ab<small class=\"fine\">\u00a0<\/small>eau profonde<small class=\"fine\">\u00a0<\/small>\u00bb pour l\u2019association Pew Charitable Trust.<\/strong>En cas de rencontres avec des \u00e9cosyst\u00e8mes marins vuln\u00e9rables au-dessus de la limite des 800 m\u00e8tres, les chalutiers doivent cesser imm\u00e9diatement leur activit\u00e9 et la reprendre 5 milles marins plus loin, soit environ 9\u00a0km. <strong>Cette r\u00e8gle de \u00ab<small class=\"fine\">\u00a0<\/small>l\u2019\u00e9vitement<small class=\"fine\">\u00a0<\/small>\u00bb, baptis\u00e9e \u00ab<small class=\"fine\">\u00a0<\/small>move on rule<small class=\"fine\">\u00a0<\/small>\u00bb, n\u00e9cessite un contr\u00f4le externe,<\/strong> d\u2019o\u00f9 l\u2019assignation d\u2019observateurs pour veiller au respect de la r\u00e8glementation.<\/p>\n<p class=\"texte\">Auparavant optionnel, les observateurs deviendront obligatoires dans <strong>20<small class=\"fine\">\u00a0<\/small>% des flotilles<\/strong> de chaque membre de l\u2019Union europ\u00e9enne qui exercent leurs activit\u00e9s dans les eaux europ\u00e9ennes et internationales de l\u2019Atlantique nord-est. \u00ab<small class=\"fine\">\u00a0<\/small>Nous avons mis en place des m\u00e9canismes de collecte de donn\u00e9es, notamment au travers des observateurs, pour \u00eatre plus attentifs \u00e0 des milieux marins encore tr\u00e8s m\u00e9connus. Ce qui nous permettra par la suite d\u2019adapter si n\u00e9cessaire la l\u00e9gislation \u00e0 la pr\u00e9servation des \u00e9cosyst\u00e8mes<small class=\"fine\">\u00a0<\/small>\u00bb, explique <strong>Yannick Jadot, d\u00e9put\u00e9 europ\u00e9en Vert et rapporteur du texte.<\/strong><\/p>\n<p>Le point faible de l\u2019accord\u00a0: son champ d\u2019application.<\/p>\n<p><strong>En restant limit\u00e9 aux eaux europ\u00e9ennes, des pays comme l\u2019Espagne, dont l\u2019essentiel de l\u2019activit\u00e9 se situe dans les eaux internationales, pourront continuer \u00e0 pratiquer une p\u00eache irresponsable sans en \u00eatre inqui\u00e9t\u00e9s.<\/strong><\/p>\n<p><strong>Les lobbies de la p\u00eache industrielle ont men\u00e9 une bataille contre les associations de d\u00e9fense de l\u2019oc\u00e9an regroup\u00e9e au sein de la coalition Deep Sea Conservation Coalition.<\/strong> Selon cette derni\u00e8re, les r\u00e9sultats auraient pu \u00eatre plus ambitieux aux vues de la proposition initiale de la Commission europ\u00e9enne, renforc\u00e9e par le Parlement, qui pr\u00e9voyait une application \u00e9tendue aux eaux internationales.<strong>\u00ab<small class=\"fine\">\u00a0<\/small>La rapporteure fran\u00e7aise Isabelle Thomas, \u00e9lue de gauche, aurait d\u00fb se battre pour d\u00e9fendre la position du Parlement et atteindre un compromis mais au lieu de cela, elle a fait le jeu de la droite espagnole. Cherchez l\u2019erreur<small class=\"fine\">\u00a0<\/small>! analyse Claire Nouvian, cr\u00e9atrice de l\u2019association Bloom.<\/strong><\/p>\n<p><strong>Sa loyaut\u00e9 ne semble s\u2019exercer qu\u2019envers les lobbies de la p\u00eache industrielle.<\/strong> De fait, <strong>Isabelle Thomas est marraine du lobby le plus actif en France, Blue Fish,<\/strong> et ce conflit d\u2019int\u00e9r\u00eats inacceptable a eu un impact tr\u00e8s regrettable sur la port\u00e9e du r\u00e8glement.<small class=\"fine\">\u00a0<\/small>\u00bb<\/p>\n<p>\u00ab<small class=\"fine\">\u00a0<\/small>On a effectivement perdu sur la zone d\u2019application, le Conseil, sous l\u2019influence des lobbies, n\u2019a rien voulu savoir, dit Yannick Jadot. Malgr\u00e9 tout, on ne peut nier l\u2019avanc\u00e9e que repr\u00e9sente cet accord. Avant, il n\u2019existait aucun r\u00e8glement sp\u00e9cifique sur ce dossier.<small class=\"fine\">\u00a0<\/small>\u00bbL\u2019accord est l\u2019aboutissement de quatre ann\u00e9es de proc\u00e9dures administratives. En collaboration avec une quinzaine d\u2019associations membres du Deep Sea Conservation Coaliation, Bloom rappelle le r\u00f4le de l\u2019opinion publique\u00a0: \u00ab<small class=\"fine\">\u00a0<\/small>Sans l\u2019extraordinaire mobilisation des citoyens, sans la volont\u00e9 d\u2019Intermarch\u00e9 d\u2019en finir avec la destruction des oc\u00e9ans profonds et le massacre d\u2019esp\u00e8ces menac\u00e9es d\u2019extinction, l\u2019Europe n\u2019aurait pas franchi une \u00e9tape aussi majeure pour la protection des oc\u00e9ans profonds<small class=\"fine\">\u00a0<\/small>\u00bb, conclut la directrice de l\u2019association, Sabine Rosset.<\/p>\n<h6>Source : https:\/\/reporterre.net<\/h6>\n<h6>Cr\u00e9dit photo et lien pour la BD-P\u00e9n\u00e9lope Bagieu\u00a0:\u00a0http:\/\/www.penelope-jolicoeur.com\/2013\/11\/prends-cinq-minutes-et-signe-copain-.html<\/h6>\n<p>&nbsp;<\/p>\n<p>&nbsp;<\/p>\n<p>&nbsp;<\/p>\n<p>&nbsp;<\/p>\n","protected":false},"excerpt":{"rendered":"<p>Apr\u00e8s des ann\u00e9es de lutte, les associations de protection de la mer ont obtenu de l\u2019Europe, le 30\u00a0juin, l\u2019interdiction de la p\u00eache au-del\u00e0 de 800 m\u00e8tres de profondeur. Il reste \u00e0 universaliser cette mesure indispensable pour la sant\u00e9 des fonds &hellip; <a href=\"https:\/\/claire-jannot.com\/?p=6818\">Continuer la lecture <span class=\"meta-nav\">&rarr;<\/span><\/a><\/p>\n","protected":false},"author":1,"featured_media":0,"comment_status":"open","ping_status":"open","sticky":false,"template":"","format":"standard","meta":{"jetpack_post_was_ever_published":false,"_jetpack_newsletter_access":"","_jetpack_dont_email_post_to_subs":false,"_jetpack_newsletter_tier_id":0,"_jetpack_memberships_contains_paywalled_content":false,"_jetpack_memberships_contains_paid_content":false,"footnotes":"","jetpack_publicize_message":"","jetpack_publicize_feature_enabled":true,"jetpack_social_post_already_shared":true,"jetpack_social_options":{"image_generator_settings":{"template":"highway","default_image_id":0,"font":"","enabled":false},"version":2}},"categories":[2],"tags":[3,4,5,52,48],"class_list":["post-6818","post","type-post","status-publish","format-standard","hentry","category-ecologie","tag-consommation","tag-ecologie2","tag-environnement","tag-oceans","tag-vie-animale"],"jetpack_publicize_connections":[],"jetpack_featured_media_url":"","jetpack_sharing_enabled":true,"jetpack_shortlink":"https:\/\/wp.me\/p5jjt5-1LY","_links":{"self":[{"href":"https:\/\/claire-jannot.com\/index.php?rest_route=\/wp\/v2\/posts\/6818","targetHints":{"allow":["GET"]}}],"collection":[{"href":"https:\/\/claire-jannot.com\/index.php?rest_route=\/wp\/v2\/posts"}],"about":[{"href":"https:\/\/claire-jannot.com\/index.php?rest_route=\/wp\/v2\/types\/post"}],"author":[{"embeddable":true,"href":"https:\/\/claire-jannot.com\/index.php?rest_route=\/wp\/v2\/users\/1"}],"replies":[{"embeddable":true,"href":"https:\/\/claire-jannot.com\/index.php?rest_route=%2Fwp%2Fv2%2Fcomments&post=6818"}],"version-history":[{"count":5,"href":"https:\/\/claire-jannot.com\/index.php?rest_route=\/wp\/v2\/posts\/6818\/revisions"}],"predecessor-version":[{"id":6825,"href":"https:\/\/claire-jannot.com\/index.php?rest_route=\/wp\/v2\/posts\/6818\/revisions\/6825"}],"wp:attachment":[{"href":"https:\/\/claire-jannot.com\/index.php?rest_route=%2Fwp%2Fv2%2Fmedia&parent=6818"}],"wp:term":[{"taxonomy":"category","embeddable":true,"href":"https:\/\/claire-jannot.com\/index.php?rest_route=%2Fwp%2Fv2%2Fcategories&post=6818"},{"taxonomy":"post_tag","embeddable":true,"href":"https:\/\/claire-jannot.com\/index.php?rest_route=%2Fwp%2Fv2%2Ftags&post=6818"}],"curies":[{"name":"wp","href":"https:\/\/api.w.org\/{rel}","templated":true}]}}