{"id":6826,"date":"2016-07-08T14:59:31","date_gmt":"2016-07-08T13:59:31","guid":{"rendered":"http:\/\/www.grandesterresbio.com\/?p=6826"},"modified":"2016-07-08T14:59:31","modified_gmt":"2016-07-08T13:59:31","slug":"suede-focus-sur-les-maisons-serres","status":"publish","type":"post","link":"https:\/\/claire-jannot.com\/?p=6826","title":{"rendered":"Su\u00e8de : Focus sur les maisons-serres"},"content":{"rendered":"<div class=\"chapo\">\n<div>\n<h2>Le concept de maison naturelle, entour\u00e9e d\u2019une serre cr\u00e9ant un microclimat, permet d\u2019utiliser l\u2019\u00e9nergie de l\u2019environnement pour chauffer les habitations. Il s\u2019inscrit dans la dynamique de transition \u00e9nerg\u00e9tique port\u00e9e par les pouvoirs publics de ce pays scandinave depuis pr\u00e8s de trente\u00a0ans.<\/h2>\n<\/div>\n<\/div>\n<div class=\"texte\">\n<p><a href=\"https:\/\/i0.wp.com\/www.grandesterresbio.com\/wp-content\/uploads\/2016\/07\/1024px-Serres_Auteuil_2008_2.jpg\" rel=\"attachment wp-att-6828\"><img data-recalc-dims=\"1\" loading=\"lazy\" decoding=\"async\" class=\"alignleft  wp-image-6828\" src=\"https:\/\/i0.wp.com\/www.grandesterresbio.com\/wp-content\/uploads\/2016\/07\/1024px-Serres_Auteuil_2008_2.jpg?resize=394%2C330\" alt=\"1024px-Serres_Auteuil_2008_2\" width=\"394\" height=\"330\" srcset=\"https:\/\/i0.wp.com\/claire-jannot.com\/wp-content\/uploads\/2016\/07\/1024px-Serres_Auteuil_2008_2.jpg?w=599&amp;ssl=1 599w, https:\/\/i0.wp.com\/claire-jannot.com\/wp-content\/uploads\/2016\/07\/1024px-Serres_Auteuil_2008_2.jpg?resize=300%2C251&amp;ssl=1 300w\" sizes=\"auto, (max-width: 394px) 100vw, 394px\" \/><\/a>\u00c0 17 heures, le soleil commence \u00e0 d\u00e9cliner et la v\u00e9randa se teinte d\u2019une chaude lumi\u00e8re printani\u00e8re. <strong>Au niveau du toit, les stores \u00e9lectriques se replient compl\u00e8tement pour laisser appara\u00eetre une vaste baie vitr\u00e9e.<\/strong> Elle enveloppe une grande b\u00e2tisse en bois aux reflets d\u2019or, simplement napp\u00e9e d\u2019une couche d\u2019huile de lin.\u00a0\u00c0 quelques kilom\u00e8tres au sud-ouest de Stockholm s\u2019\u00e9l\u00e8ve <strong>la \u00ab<small class=\"fine\">\u00a0<\/small>maison-serre<small class=\"fine\">\u00a0<\/small>\u00bb de Charles et Marie Sacilotto.<\/strong> 300\u00a0m\u00e8tres carr\u00e9s int\u00e9gralement entour\u00e9s d\u2019une vitre \u00e9paisse de 4\u00a0millim\u00e8tres. Entre la maison et la structure en verre, une nature, inconnue du royaume scandinave, \u00e9merge. <strong>Des pousses de tomates et quelques plantes aromatiques<\/strong> \u00e9treignent les barres m\u00e9talliques d\u2019un escalier en colima\u00e7on. Des concombres, mais aussi des figues, m\u00fbrissent doucement. Il y a m\u00eame une petite mare remplie de poissons rouges.<\/p>\n<dl class=\"spip_document_13710 spip_documents spip_documents_center\">\n<dt class=\"spip_doc_titre\">Fruits et l\u00e9gumes inconnus en Su\u00e8de peuvent pousser sous la serre.<\/dt>\n<\/dl>\n<p>Une id\u00e9e saugrenue<small class=\"fine\">\u00a0<\/small>? Pas tant que \u00e7a dans le pays. <strong>Sur le plan \u00e9cologique, la maison permet de limiter les basses temp\u00e9ratures<\/strong>, et donc de\u00a0produire tout au long de l\u2019ann\u00e9e des fruits et des l\u00e9gumes. Unique dans le pays, mais \u00e9galement en Europe, le concept est issu de l\u2019imagination d\u2019un homme, <strong>Bengt Warne, architecte sp\u00e9cialiste de l\u2019\u00e9cologie en Su\u00e8de.<\/strong> Dans les ann\u00e9es 1980, il est le premier \u00e0 avoir d\u00e9velopp\u00e9 ce mod\u00e8le de maison \u00ab<small class=\"fine\">\u00a0<\/small>naturelle<small class=\"fine\">\u00a0<\/small>\u00bb \u2014 ou <strong>nature house<\/strong>, en anglais \u2014 dans la banlieue de Stockholm.<\/p>\n<h3 class=\"spip\">\u00ab<small class=\"fine\">\u00a0<\/small>La maison fonctionne comme un capteur solaire<small class=\"fine\">\u00a0<\/small>\u00bb<\/h3>\n<p><strong>Jeune fran\u00e7ais fra\u00eechement install\u00e9 en Su\u00e8de, Charles Sacilotto est imm\u00e9diatement s\u00e9duit, et d\u00e9cide en 2004 de travailler avec Bengt Warne<\/strong> pour faire construire sa propre maison-serre. \u00ab<small class=\"fine\">\u00a0<\/small>La maison fonctionne comme un capteur solaire qui accumule l\u2019\u00e9nergie du soleil pendant la journ\u00e9e.<small class=\"fine\">\u00a0<\/small>\u00bbEn moyenne, Charles et sa femme, Marie, disent gagner trois \u00e0 quatre mois de chauffage chaque ann\u00e9e. <strong>\u00ab<small class=\"fine\">\u00a0<\/small>D\u00e8s le mois de mars, la chaleur du soleil suffit \u00e0 rendre la temp\u00e9rature agr\u00e9able \u00e0 l\u2019int\u00e9rieur<small class=\"fine\">\u00a0<\/small>\u00bb<\/strong>, assure le quarantenaire.<\/p>\n<p>Ancien ing\u00e9nieur d\u2019<span class=\"caps\">EDF<\/span> \u00e0 la centrale nucl\u00e9aire de Cruas, et aujourd\u2019hui professeur de math\u00e9matiques physiques et techniques au lyc\u00e9e de Nacka, petite commune de la banlieue de Stockholm, Charles en connait un rayon sur la <strong>thermodynamique.<\/strong> Il explique avoir construit sa maison pour qu\u2019elle soit active\u00a0: <strong>\u00ab<small class=\"fine\">\u00a0<\/small>Aujourd\u2019hui, on parle beaucoup des habitats passifs, mais notre maison, au contraire, est plut\u00f4t active.<small class=\"fine\">\u00a0<\/small>\u00bb <\/strong>La carapace joue en effet le r\u00f4le d\u2019un catalyseur\u00a0: d\u00e8s que les premiers rayons du soleil s\u2019infiltrent dans la serre, l\u2019air se r\u00e9chauffe tr\u00e8s vite. <strong>\u00ab<small class=\"fine\">\u00a0<\/small>Par temps clair, s\u2019il fait &#8211;\u00a02\u00a0\u00b0C \u00e0 l\u2019ext\u00e9rieur, nous pouvons atteindre 15 ou 20\u00a0\u00b0C dans la serre.<small class=\"fine\">\u00a0<\/small>\u00bb En revanche, la diff\u00e9rence de temp\u00e9rature s\u2019\u00e9vanouit d\u00e8s que le soleil dispara\u00eet. Mais Marie a son id\u00e9e\u00a0: \u00ab<small class=\"fine\">\u00a0<\/small>Il faudrait que nous puissions stocker l\u2019\u00e9nergie solaire, avec du sel liquide par exemple, et l\u00e0 nous deviendrions autonomes en \u00e9nergie.<small class=\"fine\">\u00a0<\/small>\u00bb<\/strong><\/p>\n<p>L\u2019autonomie, le couple y pense depuis le d\u00e9but, m\u00eame si l\u2019objectif initial \u00e9tait simplement de consommer moins d\u2019\u00e9nergie, pour des raisons \u00e9videmment \u00e9cologiques. Des vignes tissent peu \u00e0 peu leurs nervures sur un pan int\u00e9rieur de la fa\u00e7ade en verre. Charles est satisfait. <strong>En Su\u00e8de, les raisins ne poussent pas dans les \u00e9paisses for\u00eats de bouleaux et de pins.<\/strong>\u00ab<small class=\"fine\">\u00a0<\/small>Nous avons ici des grappes bien sucr\u00e9es pour faire du jus. Si je travaillais moins, l\u2019id\u00e9al serait de cultiver tous les fruits et l\u00e9gumes dont nous avons besoin pour devenir autosuffisants.<small class=\"fine\">\u00a0<\/small>\u00bb Le toit fait pour l\u2019instant office de terrain de jeu. Mais il sera bient\u00f4t transform\u00e9 en potager. Une belle exposition au soleil qui permettra \u00e0 Charles Sacilotto de faire pousser des melons. En attendant, m\u00eame s\u2019il continue d\u2019acheter certains produits, il jouit tout de m\u00eame de certains avantages. \u00ab<small class=\"fine\">\u00a0<\/small>En plus des tomates, des concombres et du raisin, nous cultivons d\u00e9j\u00e0 beaucoup d\u2019oignons et de pommes de terre<small class=\"fine\">\u00a0<\/small>\u00bb, sourit-il.<\/p>\n<h3 class=\"spip\">Ad\u00e9quation entre les initiatives locale et les politiques publiques en mati\u00e8re \u00e9nerg\u00e9tique<\/h3>\n<p>Innovante, \u00e9cologique, la maison de Charles et Marie a bien trouv\u00e9 sa place dans le paysage su\u00e9dois. Elle illustre d\u2019ailleurs parfaitement l\u2019ad\u00e9quation entre les initiatives locales et les politiques publiques en mati\u00e8re \u00e9nerg\u00e9tique.<\/p>\n<p>Selon une \u00e9tude publi\u00e9e par Michel Cuciani dans les \u00e9tudes de l\u2019Ifri (l\u2019Institut fran\u00e7ais des relations internationales) en juin 2016<span class=\"spip_note_ref\">\u00a0<\/span>, la Su\u00e8de pr\u00e9sente la particularit\u00e9 d\u2019avoir engag\u00e9 de mani\u00e8re pr\u00e9coce une transition \u00e9nerg\u00e9tique efficace et durable. <strong>\u00ab<small class=\"fine\">\u00a0<\/small>Fin 2014, la Su\u00e8de pouvait afficher une consommation en \u00e9nergie finale \u00e0 52<small class=\"fine\">\u00a0<\/small>% d\u2019origine renouvelable.<\/strong> (\u2026) En ce qui concerne les \u00e9missions de gaz \u00e0 effet de serre, le pays pr\u00e9sentait en 2013 la plus faible empreinte carbone de l\u2019Union europ\u00e9enne, aussi bien au regard de son <span class=\"caps\">PIB<\/span> que mesur\u00e9e par habitant<small class=\"fine\">\u00a0<\/small>\u00bb, \u00e9crit l\u2019auteur.<\/p>\n<dl class=\"spip_document_13711 spip_documents spip_documents_center\">\n<dt class=\"spip_doc_titre\">La vigne court le long de la structure de la serre.<\/dt>\n<\/dl>\n<p>En plus d\u2019une taxe sur les \u00e9missions de <span class=\"caps\">CO2<\/span>, la Su\u00e8de a mis en place dans les ann\u00e9es 1990 des <strong>subventions pour les collectivit\u00e9s locales.<\/strong> Le gouvernement privil\u00e9gie alors <strong>les r\u00e9seaux de chaleur aliment\u00e9s aux bio\u00e9nergies<\/strong>, et les particuliers qui acceptent d\u2019\u00eatre raccord\u00e9s \u00e0 ce r\u00e9seau. Un lien fort avec le local, qui a permis l\u2019\u00e9mergence des ces fameuses <strong>Naturhus<\/strong>, comme celle de la famille Sacilotto. \u00ab<small class=\"fine\">\u00a0<\/small>Au d\u00e9but, quand j\u2019ai lu le livre de Warne, \u00e9crit avec la c\u00e9l\u00e8bre romanci\u00e8re su\u00e9doise Marianne Fredricksson, il parlait de vivre en harmonie avec la nature. Pour moi c\u2019\u00e9tait de la science-fiction.<small class=\"fine\">\u00a0<\/small>\u00bb Et pourtant, m\u00eame si ces projets restent co\u00fbteux \u2014 <strong>90.000\u00a0euros rien que pour la serre<\/strong>\u00a0\u2014, et peu r\u00e9pandus \u2014 quatre maisons de ce type dans la banlieue de Stockholm \u2014 ils ont le m\u00e9rite d\u2019exister, et d\u2019orienter la recherche et les politiques publiques. C\u2019est ainsi que l\u2019ann\u00e9e derni\u00e8re, l\u2019agence <strong>Tailor Made<\/strong> ach\u00e8ve la r\u00e9novation d\u2019une grange dans le sud du pays (<strong>\u00ab<small class=\"fine\">\u00a0<\/small>Nature House Uppgrenna<small class=\"fine\">\u00a0<\/small>\u00bb<\/strong>), dans le prolongement de la <strong>Naturhus<\/strong> et son principe d\u2019\u00e9cologie active\u00a0: utiliser l\u2019\u00e9nergie de l\u2019environnement plut\u00f4t que d\u2019isoler l\u2019habitat. Un bijou de technologies regroupant des logements, des espaces de d\u00e9tente, des activit\u00e9s de loisirs et une production agricole.<\/p>\n<h3 class=\"spip\">50<small class=\"fine\">\u00a0<\/small>% d\u2019\u00e9nergies renouvelables en 2020<\/h3>\n<p>Depuis trente ans, les politiques \u00e9nerg\u00e9tiques n\u2019ont cess\u00e9 d\u2019aller dans ce sens. En 2009, conform\u00e9ment \u00e0 une directive europ\u00e9enne relative \u00e0 l\u2019efficacit\u00e9 energ\u00e9tique, le Parlement su\u00e9dois adopte un ensemble de mesures et d\u2019objectifs chiffr\u00e9s, toujours poursuivis aujourd\u2019hui par la nouvelle majorit\u00e9 en place. <strong>Ces objectifs pr\u00e9voient d\u2019atteindre 50<small class=\"fine\">\u00a0<\/small>% d\u2019\u00e9nergies renouvelables en 2020, et de r\u00e9duire de 40<small class=\"fine\">\u00a0<\/small>% les \u00e9missions de gaz \u00e0 effet de serre par rapport au niveau de 1990.<\/strong><\/p>\n<dl class=\"spip_document_13712 spip_documents spip_documents_center\">\n<dt class=\"spip_doc_titre\">Le projet Nature House Uppgrenna de Tailor Made.<\/dt>\n<\/dl>\n<p>Selon l\u2019Agence su\u00e9doise de l\u2019\u00e9nergie, <strong>la Su\u00e8de se place aujourd\u2019hui en premi\u00e8re position parmi les membres de l\u2019Union europ\u00e9enne avec 36<small class=\"fine\">\u00a0<\/small>% d\u2019\u00e9nergies renouvelables<small class=\"fine\">\u00a0<\/small><\/strong>; enfin, le nucl\u00e9aire continue d\u2019occuper une place importante, puisqu\u2019il repr\u00e9sente pr\u00e8s d\u2019un tiers de la production. \u00c0 plus long terme \u2014 <strong>\u00e0 l\u2019horizon 2050 \u2014\u00a0le pays vise la neutralit\u00e9 carbone.<\/strong><\/p>\n<p>Un mod\u00e8le pour les pays voisins. Mais avant de calquer l\u2019exemple su\u00e9dois, \u00e0 \u00e9chelle individuelle, <strong>les habitants pourront toujours s\u2019inspirer de l\u2019initiative personnelle des Sacilotto. Tous les ans, Charles et Marie re\u00e7oivent d\u00e9j\u00e0 la visite d\u2019une cinquantaine de personnes qui souhaitent b\u00e2tir leur propre maison-serre.<\/strong> Une pr\u00e9sentation de leur maison sur Youtube (\u00a0https:\/\/www.youtube.com\/watch?v=tvgCucsBke0 )\u00a0 atteint m\u00eame les deux millions de vues. Et <strong>\u00ab<small class=\"fine\">\u00a0<\/small>le concept pourrait tout \u00e0 fait voir le jour dans certains d\u00e9partements fran\u00e7ais, comme dans le Nord ou en Bretagne<small class=\"fine\">\u00a0<\/small>\u00bb<\/strong>, assure l\u2019ing\u00e9nieur.<\/p>\n<h6>Source : Reporterre &#8211;\u00a0Stockholm (Su\u00e8de), 07 2016<\/h6>\n<h6>Cr\u00e9dit photo :\u00a0By F\u00e9lix Potuit (Own work) [Public domain], via Wikimedia Commons<\/h6>\n<\/div>\n<p>&nbsp;<\/p>\n<p>&nbsp;<\/p>\n<p>&nbsp;<\/p>\n<p>&nbsp;<\/p>\n","protected":false},"excerpt":{"rendered":"<p>Le concept de maison naturelle, entour\u00e9e d\u2019une serre cr\u00e9ant un microclimat, permet d\u2019utiliser l\u2019\u00e9nergie de l\u2019environnement pour chauffer les habitations. Il s\u2019inscrit dans la dynamique de transition \u00e9nerg\u00e9tique port\u00e9e par les pouvoirs publics de ce pays scandinave depuis pr\u00e8s de &hellip; <a href=\"https:\/\/claire-jannot.com\/?p=6826\">Continuer la lecture <span class=\"meta-nav\">&rarr;<\/span><\/a><\/p>\n","protected":false},"author":1,"featured_media":0,"comment_status":"open","ping_status":"open","sticky":false,"template":"","format":"standard","meta":{"jetpack_post_was_ever_published":false,"_jetpack_newsletter_access":"","_jetpack_dont_email_post_to_subs":false,"_jetpack_newsletter_tier_id":0,"_jetpack_memberships_contains_paywalled_content":false,"_jetpack_memberships_contains_paid_content":false,"footnotes":"","jetpack_publicize_message":"","jetpack_publicize_feature_enabled":true,"jetpack_social_post_already_shared":true,"jetpack_social_options":{"image_generator_settings":{"template":"highway","default_image_id":0,"font":"","enabled":false},"version":2}},"categories":[2],"tags":[51,4,5,11],"class_list":["post-6826","post","type-post","status-publish","format-standard","hentry","category-ecologie","tag-climat","tag-ecologie2","tag-environnement","tag-societe-2"],"jetpack_publicize_connections":[],"jetpack_featured_media_url":"","jetpack_sharing_enabled":true,"jetpack_shortlink":"https:\/\/wp.me\/p5jjt5-1M6","_links":{"self":[{"href":"https:\/\/claire-jannot.com\/index.php?rest_route=\/wp\/v2\/posts\/6826","targetHints":{"allow":["GET"]}}],"collection":[{"href":"https:\/\/claire-jannot.com\/index.php?rest_route=\/wp\/v2\/posts"}],"about":[{"href":"https:\/\/claire-jannot.com\/index.php?rest_route=\/wp\/v2\/types\/post"}],"author":[{"embeddable":true,"href":"https:\/\/claire-jannot.com\/index.php?rest_route=\/wp\/v2\/users\/1"}],"replies":[{"embeddable":true,"href":"https:\/\/claire-jannot.com\/index.php?rest_route=%2Fwp%2Fv2%2Fcomments&post=6826"}],"version-history":[{"count":1,"href":"https:\/\/claire-jannot.com\/index.php?rest_route=\/wp\/v2\/posts\/6826\/revisions"}],"predecessor-version":[{"id":6829,"href":"https:\/\/claire-jannot.com\/index.php?rest_route=\/wp\/v2\/posts\/6826\/revisions\/6829"}],"wp:attachment":[{"href":"https:\/\/claire-jannot.com\/index.php?rest_route=%2Fwp%2Fv2%2Fmedia&parent=6826"}],"wp:term":[{"taxonomy":"category","embeddable":true,"href":"https:\/\/claire-jannot.com\/index.php?rest_route=%2Fwp%2Fv2%2Fcategories&post=6826"},{"taxonomy":"post_tag","embeddable":true,"href":"https:\/\/claire-jannot.com\/index.php?rest_route=%2Fwp%2Fv2%2Ftags&post=6826"}],"curies":[{"name":"wp","href":"https:\/\/api.w.org\/{rel}","templated":true}]}}