{"id":6860,"date":"2016-07-21T14:00:31","date_gmt":"2016-07-21T13:00:31","guid":{"rendered":"http:\/\/www.grandesterresbio.com\/?p=6860"},"modified":"2016-07-20T14:57:57","modified_gmt":"2016-07-20T13:57:57","slug":"lenergie-hydrolienne-en-france-bilan","status":"publish","type":"post","link":"https:\/\/claire-jannot.com\/?p=6860","title":{"rendered":"L&rsquo;\u00e9nergie Hydrolienne en France : Bilan"},"content":{"rendered":"<h2 class=\"entry-title\"><span style=\"color: #000000;\">Depuis pr\u00e8s d\u2019un an, l\u2019\u00e9nergie hydrolienne conna\u00eet un essor sans pr\u00e9c\u00e9dent en France, o\u00f9 son d\u00e9ploiement propre et \u00e0 fort potentiel s\u2019organise en mer comme en eau douce.<\/span><\/h2>\n<div id=\"attachment_6861\" style=\"width: 356px\" class=\"wp-caption alignleft\"><a style=\"color: #000000;\" href=\"https:\/\/i0.wp.com\/www.grandesterresbio.com\/wp-content\/uploads\/2016\/07\/Sabella_D03_et_un_banc_de_tacots.jpg\" rel=\"attachment wp-att-6861\"><img data-recalc-dims=\"1\" loading=\"lazy\" decoding=\"async\" aria-describedby=\"caption-attachment-6861\" class=\"wp-image-6861\" src=\"https:\/\/i0.wp.com\/www.grandesterresbio.com\/wp-content\/uploads\/2016\/07\/Sabella_D03_et_un_banc_de_tacots.jpg?resize=346%2C230\" alt=\"HYDROLIENNE SABELLA EN POSITION DANS L EMBOUCHURE DE L ODET EN BRETAGNE LES PLONGEURS DE IN VIVO ENVIRONNEMENT FIXENT LA FIBRE OPTIQUE\" width=\"346\" height=\"230\" srcset=\"https:\/\/i0.wp.com\/claire-jannot.com\/wp-content\/uploads\/2016\/07\/Sabella_D03_et_un_banc_de_tacots.jpg?w=1181&amp;ssl=1 1181w, https:\/\/i0.wp.com\/claire-jannot.com\/wp-content\/uploads\/2016\/07\/Sabella_D03_et_un_banc_de_tacots.jpg?resize=300%2C199&amp;ssl=1 300w, https:\/\/i0.wp.com\/claire-jannot.com\/wp-content\/uploads\/2016\/07\/Sabella_D03_et_un_banc_de_tacots.jpg?resize=768%2C510&amp;ssl=1 768w, https:\/\/i0.wp.com\/claire-jannot.com\/wp-content\/uploads\/2016\/07\/Sabella_D03_et_un_banc_de_tacots.jpg?resize=1024%2C680&amp;ssl=1 1024w\" sizes=\"auto, (max-width: 346px) 100vw, 346px\" \/><\/a><p id=\"caption-attachment-6861\" class=\"wp-caption-text\"><span style=\"color: #000000;\">Hydrolienne en position, embouchure de l&rsquo;Odet- Bretagne<\/span><\/p><\/div>\n<p><span style=\"color: #000000;\"><strong>R\u00e9cup\u00e9rer l\u2019\u00e9nergie des courants sous-marins pour la transformer en \u00e9lectricit\u00e9<\/strong>, c\u2019est le principe de l\u2019\u00e9nergie hydrolienne <strong>(contraction d\u2019hydraulique et \u00e9olien)<\/strong>, qui fonctionne \u00e0 partir d\u2019une <strong>h\u00e9lice install\u00e9e sous l\u2019eau.<\/strong> Le potentiel exploitable de cette forme d\u2019\u00e9nergie renouvelable est consid\u00e9rable : <strong>15 GW pour l\u2019Europe, dont 3 GW rien que pour la France.<\/strong> Soit une production estim\u00e9e entre 20 et 30 TWh par an, qui correspond \u00e0 la consommation de<strong> 6 \u00e0 8 millions d\u2019habitants.<\/strong> Dans l\u2019Hexagone, la premi\u00e8re hydrolienne raccord\u00e9e au r\u00e9seau \u00e9lectrique fran\u00e7ais a \u00e9t\u00e9 install\u00e9e \u00e0 55 m\u00e8tres de fond au large de l\u2019\u00eele d\u2019<strong>Ouessant<\/strong> (Finist\u00e8re). Op\u00e9rationnelle depuis septembre 2015, elle fournit 15 % de l\u2019\u00e9lectricit\u00e9 de l\u2019\u00eele et a ouvert la voie \u00e0 de nombreux autres projets dans le domaine.<\/span><\/p>\n<p><span style=\"color: #000000;\">Apr\u00e8s l\u2019installation le 20 janvier 2016 d\u2019une premi\u00e8re hydrolienne \u00e0 40 m\u00e8tres de profondeur au large de <strong>Ploubazlanec (C\u00f4tes-d\u2019Armor)<\/strong>, un deuxi\u00e8me mod\u00e8le a \u00e9t\u00e9 d\u00e9pos\u00e9 non loin de l\u00e0 le 29 mai. D\u00e9velopp\u00e9e par OpenHydro, filiale du groupe industriel DCNS, cette turbine de 16 m\u00e8tres de diam\u00e8tre, reli\u00e9e \u00e0 un convertisseur sous-marin fabriqu\u00e9 par General Electric, transforme l\u2019\u00e9nergie des courants sous-marins en courant continu. <strong>Raccord\u00e9es au r\u00e9seau EDF d\u00e8s cet \u00e9t\u00e9 sur le site de Paimpol-Br\u00e9hat, les deux hydroliennes formeront le premier parc hydrolien au monde reli\u00e9 au r\u00e9seau national de distribution.<\/strong> Et l\u2019implantation d\u2019une troisi\u00e8me hydrolienne au m\u00eame endroit est d\u00e9j\u00e0 \u00e0 l\u2019\u00e9tude par l\u2019entreprise grenobloise Hydroquest, sp\u00e9cialis\u00e9e dans <strong>les hydroliennes fluviales.<\/strong><\/span><\/p>\n<p>En partenariat avec EDF, la start-up is\u00e9roise a d\u00e9j\u00e0 install\u00e9 des prototypes <strong>dans les eaux de la Loire, pr\u00e8s d\u2019Orl\u00e9ans, ainsi qu\u2019en Guyane<\/strong>, o\u00f9 elle fournit l\u2019\u00e9lectricit\u00e9 de la commune de Camopi. Moins importante (40 KW pour l\u2019hydrolienne d\u2019Orl\u00e9ans), l\u2019\u00e9nergie produite en fleuve a n\u00e9anmoins l\u2019avantage d\u2019alimenter des lieux plus difficiles d\u2019acc\u00e8s. Si les essais sont concluants, Hydroquest pr\u00e9voit de fabriquer entre <strong>300 et 500 hydroliennes fluviales par an.<\/strong><\/p>\n<p><span style=\"color: #000000;\">Dans le Morbihan, un nouveau type d\u2019hydrolienne est en cours d\u2019exp\u00e9rimentation par l\u2019entreprise brestoise Guinard \u00c9nergies. Pesant 135 tonnes, M\u00e9ga Watt Blue devrait \u00eatre immerg\u00e9e en 2017 au fond de la rivi\u00e8re d\u2019Etel, face au chantier naval de Bretagne Sud o\u00f9 elle est fabriqu\u00e9e. <strong>\u00ab\u00a0M\u00e9ga Watt Blue est une hydrolienne de seconde g\u00e9n\u00e9ration, con\u00e7ue pour une immersion en zone prot\u00e9g\u00e9e<\/strong> comme le milieu fluvial ou estuarien, explique Vincent Mariette, directeur de Guinard \u00c9nergies. Huit ann\u00e9es de recherches ont \u00e9t\u00e9 n\u00e9cessaires pour d\u00e9velopper ce projet.\u00a0\u00bb L\u2019imposante machine pr\u00e9voit de doubler la puissance des flux capt\u00e9s gr\u00e2ce \u00e0 sa tuy\u00e8re pivotante, qui lui permet d\u2019acc\u00e9l\u00e9rer le courant de 30 % et qui s\u2019adapte aux variations de direction pendant les mar\u00e9es. Pour \u00e9tudier son efficacit\u00e9, un prototype miniature est test\u00e9 depuis le 5 juillet dans les courants de la ria d\u2019Etel, sous <strong>10 m\u00e8tres d\u2019eau \u00e0 mar\u00e9e basse.<\/strong><\/span><\/p>\n<p>Pionni\u00e8re dans le d\u00e9veloppement de l\u2019\u00e9nergie hydrolienne, la France a choisi les groupes DCNS et EDF pour d\u00e9ployer, d\u2019ici 2018, 14 MW de puissance hydrolienne (7 turbines de 2 MW) au large de Cherbourg (Manche). D\u00e9tenu \u00e0 35 % par Thales et \u00e0 64 % par l\u2019\u00c9tat fran\u00e7ais, DCNS travaille sur des projets hydroliens en France, en \u00c9cosse, en Irlande du Nord et au Canada, o\u00f9 un projet de parc hydrolien devrait alimenter plus de 1000 habitants de Nouvelle-\u00c9cosse. \u00ab\u00a0Nous esp\u00e9rons un milliard d\u2019euros de chiffre d\u2019affaires dans l\u2019hydrolien dans dix ans, a d\u00e9clar\u00e9 Thierry Kalanquin, directeur des infrastructures \u00e9nerg\u00e9tiques et marines du groupe DCNS, \u00e0 Ouest-France. Nous visons <strong>20% \u00e0 25% de parts de march\u00e9.\u00a0\u00bb<\/strong><\/p>\n<p><span style=\"color: #000000;\">Dans un an, une usine de fabrication d\u2019hydroliennes devrait ainsi voir le jour \u00e0 Cherbourg, qui a \u00e9t\u00e9 choisi pour sa proximit\u00e9 avec<strong> le Raz Blanchard,<\/strong> un des plus forts courants marins. \u00ab\u00a0C\u2019est un site important pour l\u2019hydrolien car l\u2019\u00e9nergie produite repr\u00e9sente l\u2019activit\u00e9 de 4 EPR, soit 6 MW\u00a0\u00bb, explique Thierry Kalanquin. Le directeur d\u2019OpenHydro compte faire de Cherbourg <strong>\u00ab\u00a0le centre du monde hydrolien\u00a0\u00bb<\/strong> et y fabriquer \u00ab\u00a0toutes les hydroliennes fran\u00e7aises et une partie des hydroliennes europ\u00e9ennes.\u00a0\u00bb \u00ab\u00a0<strong>D\u2019ici 2022, il pourrait y avoir 150 turbines cr\u00e9\u00e9es pour les fermes hydroliennes fran\u00e7aises et autant sur l\u2019\u00eele d\u2019Aurigny, entre Cherbourg et l\u2019Angleterre<\/strong>, reprend-il. Mais avant, nous allons d\u00e9montrer, gr\u00e2ce \u00e0 la ferme pilote cherbourgeoise, que l\u2019hydrolien n\u2019a pas d\u2019impact n\u00e9gatif sur l\u2019environnement sous-marin.\u00a0\u00bb Histoire de ne pas gaspiller l\u2019\u00e9nergie de plusieurs ann\u00e9es de recherche\u2026<\/span><\/p>\n<h6><span style=\"color: #000000;\">Source : greenetevert &#8211;\u00a018.07.2016<\/span><\/h6>\n<h6><span style=\"color: #000000;\">cr\u00e9dit photo :\u00a0Par SABELLA \/ Y.GLADU (Travail personnel) [CC BY-SA 3.0 (http:\/\/creativecommons.org\/licenses\/by-sa\/3.0)], via Wikimedia Commons<\/span><\/h6>\n<p>&nbsp;<\/p>\n<p>&nbsp;<\/p>\n<div class=\"addthis_toolbox addthis_default_style\"><span style=\"color: #000000;\">\u00a0<\/span><\/div>\n","protected":false},"excerpt":{"rendered":"<p>Depuis pr\u00e8s d\u2019un an, l\u2019\u00e9nergie hydrolienne conna\u00eet un essor sans pr\u00e9c\u00e9dent en France, o\u00f9 son d\u00e9ploiement propre et \u00e0 fort potentiel s\u2019organise en mer comme en eau douce. R\u00e9cup\u00e9rer l\u2019\u00e9nergie des courants sous-marins pour la transformer en \u00e9lectricit\u00e9, c\u2019est le &hellip; <a href=\"https:\/\/claire-jannot.com\/?p=6860\">Continuer la lecture <span class=\"meta-nav\">&rarr;<\/span><\/a><\/p>\n","protected":false},"author":1,"featured_media":0,"comment_status":"open","ping_status":"open","sticky":false,"template":"","format":"standard","meta":{"jetpack_post_was_ever_published":false,"_jetpack_newsletter_access":"","_jetpack_dont_email_post_to_subs":false,"_jetpack_newsletter_tier_id":0,"_jetpack_memberships_contains_paywalled_content":false,"_jetpack_memberships_contains_paid_content":false,"footnotes":"","jetpack_publicize_message":"","jetpack_publicize_feature_enabled":true,"jetpack_social_post_already_shared":true,"jetpack_social_options":{"image_generator_settings":{"template":"highway","default_image_id":0,"font":"","enabled":false},"version":2}},"categories":[2,47],"tags":[3,39,44,5,52],"class_list":["post-6860","post","type-post","status-publish","format-standard","hentry","category-ecologie","category-societe","tag-consommation","tag-eau","tag-energie","tag-environnement","tag-oceans"],"jetpack_publicize_connections":[],"jetpack_featured_media_url":"","jetpack_sharing_enabled":true,"jetpack_shortlink":"https:\/\/wp.me\/p5jjt5-1ME","_links":{"self":[{"href":"https:\/\/claire-jannot.com\/index.php?rest_route=\/wp\/v2\/posts\/6860","targetHints":{"allow":["GET"]}}],"collection":[{"href":"https:\/\/claire-jannot.com\/index.php?rest_route=\/wp\/v2\/posts"}],"about":[{"href":"https:\/\/claire-jannot.com\/index.php?rest_route=\/wp\/v2\/types\/post"}],"author":[{"embeddable":true,"href":"https:\/\/claire-jannot.com\/index.php?rest_route=\/wp\/v2\/users\/1"}],"replies":[{"embeddable":true,"href":"https:\/\/claire-jannot.com\/index.php?rest_route=%2Fwp%2Fv2%2Fcomments&post=6860"}],"version-history":[{"count":2,"href":"https:\/\/claire-jannot.com\/index.php?rest_route=\/wp\/v2\/posts\/6860\/revisions"}],"predecessor-version":[{"id":6863,"href":"https:\/\/claire-jannot.com\/index.php?rest_route=\/wp\/v2\/posts\/6860\/revisions\/6863"}],"wp:attachment":[{"href":"https:\/\/claire-jannot.com\/index.php?rest_route=%2Fwp%2Fv2%2Fmedia&parent=6860"}],"wp:term":[{"taxonomy":"category","embeddable":true,"href":"https:\/\/claire-jannot.com\/index.php?rest_route=%2Fwp%2Fv2%2Fcategories&post=6860"},{"taxonomy":"post_tag","embeddable":true,"href":"https:\/\/claire-jannot.com\/index.php?rest_route=%2Fwp%2Fv2%2Ftags&post=6860"}],"curies":[{"name":"wp","href":"https:\/\/api.w.org\/{rel}","templated":true}]}}