{"id":6864,"date":"2016-07-22T13:50:56","date_gmt":"2016-07-22T12:50:56","guid":{"rendered":"http:\/\/www.grandesterresbio.com\/?p=6864"},"modified":"2016-07-22T15:35:50","modified_gmt":"2016-07-22T14:35:50","slug":"tapajos-le-mega-projet-de-barrage-bresilien","status":"publish","type":"post","link":"https:\/\/claire-jannot.com\/?p=6864","title":{"rendered":"Tapajos : le m\u00e9ga projet de barrage br\u00e9silien"},"content":{"rendered":"<header>\n<aside><\/aside>\n<h2>La rivi\u00e8re Tapaj\u00f3s, au c\u0153ur de la for\u00eat amazonienne, abrite une biodiversit\u00e9 exceptionnelle. Mais la construction d\u2019un m\u00e9ga-barrage pourrait mettre en p\u00e9ril ce paradis terrestre et le mode de vie des communaut\u00e9s autochtones. Nous pouvons d\u2019ores et d\u00e9j\u00e0 les d\u00e9fendre en signant le manifeste ( voir \u00e0 la fin de l&rsquo;article).<\/h2>\n<\/header>\n<div class=\"entry\">\n<div id=\"attachment_6865\" style=\"width: 387px\" class=\"wp-caption alignleft\"><a href=\"https:\/\/i0.wp.com\/www.grandesterresbio.com\/wp-content\/uploads\/2016\/07\/Rio_Tapaj%C3%B3s.jpg\" rel=\"attachment wp-att-6865\"><img data-recalc-dims=\"1\" loading=\"lazy\" decoding=\"async\" aria-describedby=\"caption-attachment-6865\" class=\" wp-image-6865\" src=\"https:\/\/i0.wp.com\/www.grandesterresbio.com\/wp-content\/uploads\/2016\/07\/Rio_Tapaj%C3%B3s.jpg?resize=377%2C251\" alt=\"Fleuve Tapajos\" width=\"377\" height=\"251\" srcset=\"https:\/\/i0.wp.com\/claire-jannot.com\/wp-content\/uploads\/2016\/07\/Rio_Tapaj%C3%B3s.jpg?w=3963&amp;ssl=1 3963w, https:\/\/i0.wp.com\/claire-jannot.com\/wp-content\/uploads\/2016\/07\/Rio_Tapaj%C3%B3s.jpg?resize=300%2C200&amp;ssl=1 300w, https:\/\/i0.wp.com\/claire-jannot.com\/wp-content\/uploads\/2016\/07\/Rio_Tapaj%C3%B3s.jpg?resize=768%2C512&amp;ssl=1 768w, https:\/\/i0.wp.com\/claire-jannot.com\/wp-content\/uploads\/2016\/07\/Rio_Tapaj%C3%B3s.jpg?resize=1024%2C683&amp;ssl=1 1024w, https:\/\/i0.wp.com\/claire-jannot.com\/wp-content\/uploads\/2016\/07\/Rio_Tapaj%C3%B3s.jpg?w=1280 1280w, https:\/\/i0.wp.com\/claire-jannot.com\/wp-content\/uploads\/2016\/07\/Rio_Tapaj%C3%B3s.jpg?w=1920 1920w\" sizes=\"auto, (max-width: 377px) 100vw, 377px\" \/><\/a><p id=\"caption-attachment-6865\" class=\"wp-caption-text\">La rivi\u00e8re Tapajos<\/p><\/div>\n<p>Au moment o\u00f9 vous lisez ces lignes, l<strong>a rivi\u00e8re Tapaj\u00f3s coule paisiblement dans la for\u00eat tropicale amazonienne, au Br\u00e9sil.<\/strong> Gr\u00e2ce \u00e0 elle, la vie foisonne\u00a0: des dauphins roses s\u2019\u00e9battent, des oiseaux tropicaux volent de branche et branche et des mammif\u00e8res comme le jaguar, le tamanoir ou encore l\u2019ocelot vaquent \u00e0 leurs occupations le long des rives.<\/p>\n<p><strong>Le peuple munduruku,<\/strong> qui vit dans cette r\u00e9gion depuis des centaines d\u2019ann\u00e9es, tire ses moyens de subsistance de cette rivi\u00e8re et de son \u00e9cosyst\u00e8me. Le mode de vie ancestral de cette communaut\u00e9 est aujourd\u2019hui menac\u00e9 par une <strong>quarantaine de projets de construction de barrages le long de la rivi\u00e8re<\/strong>, port\u00e9s par le gouvernement br\u00e9silien.<\/p>\n<p>La plus grande infrastructure \u00e0 l\u2019\u00e9tude, le barrage de <strong>S\u00e3o Luiz do Tapaj\u00f3s, s\u2019\u00e9tendrait sur 7,6\u00a0km et n\u00e9cessiterait un lac de retenu de la taille de New York (729\u00a0km2)<\/strong>, dont l\u2019am\u00e9nagement inonderait des lacs, des formations rocheuses, des \u00eeles et d\u2019autres habitats essentiels \u00e0 la biodiversit\u00e9, ainsi qu\u2019une partie des terres ancestrales du peuple <strong>Munduruku.<\/strong><\/p>\n<p>D\u00e9but mars, des militants de <strong>Greenpeace Br\u00e9sil<\/strong> ont apport\u00e9 leur soutien au peuple Munduruku pour demander l\u2019abandon du projet de S\u00e3o Luiz do Tapaj\u00f3s. Avec des membres de la communaut\u00e9, ils ont d\u00e9ploy\u00e9 une banderole aux abords de la rivi\u00e8re pour adresser un message clair au gouvernement br\u00e9silien\u00a0: <strong>\u00ab\u00a0Maudit soit le barrage\u00a0: sauvons la rivi\u00e8re Tapaj\u00f3s\u00a0\u00bb<\/strong>. \u00ab\u00a0Nous nous opposons \u00e0 la construction de ce barrage parce que nos vies sont en jeu\u00a0: nos ressources d\u00e9pendent de la rivi\u00e8re et de la for\u00eat, et ces terres nous appartiennent. Si ce projet voit le jour, nous ne pourrons plus p\u00eacher ni nous d\u00e9placer. <strong>Nos modes de vie dispara\u00eetront<\/strong>.\u00a0\u00bb a d\u00e9clar\u00e9 <strong>Juarez Saw Munduruku, dirigeant de la communaut\u00e9 indig\u00e8ne Sawre Muybu.<\/strong><\/p>\n<p>Le peuple munduruku, qui lutte contre l\u2019am\u00e9nagement de ces barrages depuis des d\u00e9cennies, n\u2019a pas eu voix au chapitre concernant ce projet de barrage. <strong>Derri\u00e8re ces m\u00e9ga-projets se cachent les int\u00e9r\u00eats politiques<\/strong> des dirigeants et les profits \u00e9conomiques d\u2019une poign\u00e9e d\u2019entreprises, qui alimentent le cercle vicieux de la <strong>corruption et du d\u00e9tournement de l\u2019argent public au Br\u00e9sil.<\/strong> D\u2019autres barrages \u00e9difi\u00e9s dans la for\u00eat amazonienne, comme celui de <strong>Belo Monte<\/strong>, sont actuellement au c\u0153ur d\u2019une enqu\u00eate sur la corruption au Br\u00e9sil.<\/p>\n<p>D\u2019autres sources d\u2019\u00e9nergie propres et \u00e9quitables, <strong>telles que l\u2019\u00e9nergie \u00e9olienne ou solaire, peuvent r\u00e9pondre aux besoins de tous les Br\u00e9siliens sans an\u00e9antir la biodiversit\u00e9 et les modes de vie des populations indig\u00e8nes.<\/strong> L\u2019avenir \u00e9nerg\u00e9tique du Br\u00e9sil r\u00e9side dans les \u00e9nergies renouvelables, et non dans les projets de m\u00e9ga-barrages hydro\u00e9lectriques.<\/p>\n<p>La construction de ces m\u00e9ga-barrages demande des investissements colossaux en termes de capitaux et de technologie. Pour le moment, nos investigations r\u00e9v\u00e8lent que plusieurs consortiums internationaux sont int\u00e9ress\u00e9s pour prendre part \u00e0 la construction du barrage \u2013 m\u00eame s\u2019ils ne se sont pas encore d\u00e9clar\u00e9s publiquement. <strong>Notamment l\u2019allemand Siemens, au si\u00e8ge duquel nous menions une action le 13 avril 2016 pour lui demander d\u2019abandonner ses plans \u00e9ventuels.<\/strong> C\u00f4t\u00e9 fran\u00e7ais, nous retrouvons des entreprises comme <strong>EDF, Engie, General Electric Renewable Energy (ex-Alstom)\u2026<\/strong><\/p>\n<p>Les acteurs \u00e9conomiques concern\u00e9s doivent en effet prendre conscience qu\u2019<strong>investir dans un m\u00e9ga-barrage en Amazonie, en plus d\u2019\u00eatre synonyme de d\u00e9sastre \u00e9cologique, est un non-sens pour eux<\/strong> : la viabilit\u00e9 du projet est incertaine et nous nous tiendrons, avec les Mundurukus, sur leur passage pour d\u00e9noncer les destructions irr\u00e9versibles qu\u2019ils s\u2019appr\u00eatent \u00e0 faire subir \u00e0 l\u2019environnement \u2013 ce qui ne manquera pas de d\u00e9grader fortement leur image publique et leur r\u00e9putation internationale. Autrement dit : c\u2019est un <strong>pari qui n\u2019en vaut pas la peine.<\/strong><\/p>\n<p>C\u2019est pourquoi Greenpeace compte engager toute son \u00e9nergie pour faire barrage \u00e0 ce grand projet inutile dans les mois qui viennent, avec votre soutien. Pour signer la p\u00e9tition (EN), c\u2019est ici :\u00a0http:\/\/www.greenpeace.fr\/sauvonslecoeurdelamazonie\/<\/p>\n<p><strong>Nous avons d\u00e9j\u00e0 obtenu une petite victoire\u00a0: l\u2019Agence de l\u2019environnement br\u00e9silienne (IBAMA) vient en effet de porter un s\u00e9rieux coup d\u2019arr\u00eat au projet, en suspendant sa licence environnementale, \u00e0 cause des contradictions soulev\u00e9es par la question du droit des Mundurukus sur leurs terres.<\/strong> En cas d\u2019inondations provoqu\u00e9es par le barrage, une partie des 12\u00a0000 Mundurukus du Br\u00e9sil se retrouverait en effet contrainte \u00e0 quitter ses terres ancestrales. <strong>La reconnaissance des droits indig\u00e8nes sur leur territoire est donc d\u00e9cisive.<\/strong><\/p>\n<p>Dans ce cadre, l\u2019Agence br\u00e9silienne en charge des questions indiennes a \u00e9galement publi\u00e9 un rapport dans lequel elle reconnaissait pr\u00e9cis\u00e9ment le droit des Mundurukus \u00e0 tracer un p\u00e9rim\u00e8tre de d\u00e9marcation autour de leurs terres. Ce qui complique \u00e9videmment la t\u00e2che des promoteurs du projet de m\u00e9ga-barrage. Pour autant, l\u2019affaire n\u2019est pas pli\u00e9e et nous continuons \u00e0 faire pression sur les parties prenantes \u00e9ventuelles du projet pour qu\u2019elles s\u2019abstiennent de s\u2019engager dans un projet si controvers\u00e9. <strong>Ainsi, dans les mois \u00e0 venir, Greenpeace appuiera les Mundurukus dans la d\u00e9fense de leurs terres.<\/strong><\/p>\n<p>C\u2019est notamment dans cet optique qu\u2019un<strong> \u201cForest camp\u201d<\/strong> est organis\u00e9 pendant les mois de juin et juillet cet \u00e9t\u00e9 sur la zone du projet. Objectif\u00a0: inviter des gens du monde entier pour qu\u2019ils puissent apporter leur soutien et leur t\u00e9moignage, et proc\u00e9der \u00e0 une d\u00e9marcation concr\u00e8te des terres des Mundurukus.<\/p>\n<h6>Source : http:\/\/www.greenpeace.fr<\/h6>\n<h6>Cr\u00e9dit photo :\u00a0Par Th\u00e2mily Vivian Massari (Travail personnel) [CC BY-SA 4.0 (http:\/\/creativecommons.org\/licenses\/by-sa\/4.0)], via Wikimedia Commons<\/h6>\n<\/div>\n<p>&nbsp;<\/p>\n<p>&nbsp;<\/p>\n","protected":false},"excerpt":{"rendered":"<p>La rivi\u00e8re Tapaj\u00f3s, au c\u0153ur de la for\u00eat amazonienne, abrite une biodiversit\u00e9 exceptionnelle. Mais la construction d\u2019un m\u00e9ga-barrage pourrait mettre en p\u00e9ril ce paradis terrestre et le mode de vie des communaut\u00e9s autochtones. Nous pouvons d\u2019ores et d\u00e9j\u00e0 les d\u00e9fendre &hellip; <a href=\"https:\/\/claire-jannot.com\/?p=6864\">Continuer la lecture <span class=\"meta-nav\">&rarr;<\/span><\/a><\/p>\n","protected":false},"author":1,"featured_media":0,"comment_status":"open","ping_status":"open","sticky":false,"template":"","format":"standard","meta":{"jetpack_post_was_ever_published":false,"_jetpack_newsletter_access":"","_jetpack_dont_email_post_to_subs":false,"_jetpack_newsletter_tier_id":0,"_jetpack_memberships_contains_paywalled_content":false,"_jetpack_memberships_contains_paid_content":false,"footnotes":"","jetpack_publicize_message":"","jetpack_publicize_feature_enabled":true,"jetpack_social_post_already_shared":true,"jetpack_social_options":{"image_generator_settings":{"template":"highway","default_image_id":0,"font":"","enabled":false},"version":2}},"categories":[2],"tags":[39,4,5],"class_list":["post-6864","post","type-post","status-publish","format-standard","hentry","category-ecologie","tag-eau","tag-ecologie2","tag-environnement"],"jetpack_publicize_connections":[],"jetpack_featured_media_url":"","jetpack_sharing_enabled":true,"jetpack_shortlink":"https:\/\/wp.me\/p5jjt5-1MI","_links":{"self":[{"href":"https:\/\/claire-jannot.com\/index.php?rest_route=\/wp\/v2\/posts\/6864","targetHints":{"allow":["GET"]}}],"collection":[{"href":"https:\/\/claire-jannot.com\/index.php?rest_route=\/wp\/v2\/posts"}],"about":[{"href":"https:\/\/claire-jannot.com\/index.php?rest_route=\/wp\/v2\/types\/post"}],"author":[{"embeddable":true,"href":"https:\/\/claire-jannot.com\/index.php?rest_route=\/wp\/v2\/users\/1"}],"replies":[{"embeddable":true,"href":"https:\/\/claire-jannot.com\/index.php?rest_route=%2Fwp%2Fv2%2Fcomments&post=6864"}],"version-history":[{"count":1,"href":"https:\/\/claire-jannot.com\/index.php?rest_route=\/wp\/v2\/posts\/6864\/revisions"}],"predecessor-version":[{"id":6866,"href":"https:\/\/claire-jannot.com\/index.php?rest_route=\/wp\/v2\/posts\/6864\/revisions\/6866"}],"wp:attachment":[{"href":"https:\/\/claire-jannot.com\/index.php?rest_route=%2Fwp%2Fv2%2Fmedia&parent=6864"}],"wp:term":[{"taxonomy":"category","embeddable":true,"href":"https:\/\/claire-jannot.com\/index.php?rest_route=%2Fwp%2Fv2%2Fcategories&post=6864"},{"taxonomy":"post_tag","embeddable":true,"href":"https:\/\/claire-jannot.com\/index.php?rest_route=%2Fwp%2Fv2%2Ftags&post=6864"}],"curies":[{"name":"wp","href":"https:\/\/api.w.org\/{rel}","templated":true}]}}