{"id":6872,"date":"2016-07-27T14:30:15","date_gmt":"2016-07-27T13:30:15","guid":{"rendered":"http:\/\/www.grandesterresbio.com\/?p=6872"},"modified":"2016-07-27T14:30:15","modified_gmt":"2016-07-27T13:30:15","slug":"lherbier-une-histoire-vivante-de-la-diversite","status":"publish","type":"post","link":"https:\/\/claire-jannot.com\/?p=6872","title":{"rendered":"L&rsquo;herbier, une histoire vivante de la diversit\u00e9"},"content":{"rendered":"<h2><span style=\"color: #000000;\">Le nez dans les herbes folles, le botaniste examine \u00e0 la loupe une \u00ab\u00a0Viola lutea\u00a0\u00bb, avant de la glisser d\u00e9licatement dans du papier journal pour la faire s\u00e9cher. S&rsquo;ils peuvent para\u00eetre un brin d\u00e9suets, les herbiers constituent toujours aujourd&rsquo;hui de pr\u00e9cieux outils d&rsquo;\u00e9tude de la biodiversit\u00e9.<\/span><\/h2>\n<div id=\"attachment_6873\" style=\"width: 323px\" class=\"wp-caption alignleft\"><a href=\"https:\/\/i0.wp.com\/www.grandesterresbio.com\/wp-content\/uploads\/2016\/07\/Carex_brunnescens_-_Herbier_Marie-Victorin.jpg\" rel=\"attachment wp-att-6873\"><img data-recalc-dims=\"1\" loading=\"lazy\" decoding=\"async\" aria-describedby=\"caption-attachment-6873\" class=\"wp-image-6873\" src=\"https:\/\/i0.wp.com\/www.grandesterresbio.com\/wp-content\/uploads\/2016\/07\/Carex_brunnescens_-_Herbier_Marie-Victorin.jpg?resize=313%2C455\" alt=\"L\u2019Herbier Marie-Victorin est situ\u00e9 dans les locaux du Centre sur la biodiversit\u00e9 de l'Universit\u00e9 de Montr\u00e9al adjacent au complexe principal du Jardin botanique de Montr\u00e9al. D\u00e9velopp\u00e9 par le fr\u00e8re Marie-Victorin \u00e0 partir de 1920\" width=\"313\" height=\"455\" srcset=\"https:\/\/i0.wp.com\/claire-jannot.com\/wp-content\/uploads\/2016\/07\/Carex_brunnescens_-_Herbier_Marie-Victorin.jpg?w=2787&amp;ssl=1 2787w, https:\/\/i0.wp.com\/claire-jannot.com\/wp-content\/uploads\/2016\/07\/Carex_brunnescens_-_Herbier_Marie-Victorin.jpg?resize=206%2C300&amp;ssl=1 206w, https:\/\/i0.wp.com\/claire-jannot.com\/wp-content\/uploads\/2016\/07\/Carex_brunnescens_-_Herbier_Marie-Victorin.jpg?resize=768%2C1118&amp;ssl=1 768w, https:\/\/i0.wp.com\/claire-jannot.com\/wp-content\/uploads\/2016\/07\/Carex_brunnescens_-_Herbier_Marie-Victorin.jpg?resize=703%2C1024&amp;ssl=1 703w, https:\/\/i0.wp.com\/claire-jannot.com\/wp-content\/uploads\/2016\/07\/Carex_brunnescens_-_Herbier_Marie-Victorin.jpg?w=1280 1280w, https:\/\/i0.wp.com\/claire-jannot.com\/wp-content\/uploads\/2016\/07\/Carex_brunnescens_-_Herbier_Marie-Victorin.jpg?w=1920 1920w\" sizes=\"auto, (max-width: 313px) 100vw, 313px\" \/><\/a><p id=\"caption-attachment-6873\" class=\"wp-caption-text\">L\u2019Herbier Marie-Victorin (Montr\u00e9al) regroupant plus de 634 000 sp\u00e9cimens\u00a0rassembl\u00e9s\u00a0par le fr\u00e8re Marie-Victorin entre 1903 et\u00a01944<\/p><\/div>\n<p><span style=\"color: #000000;\">Au pied du Puy-de-D\u00f4me, au coeur des volcans d&rsquo;Auvergne, <strong>le conservateur des Herbiers universitaires de Clermont-Ferrand Gilles Th\u00e9baud<\/strong> r\u00e9pertorie tous les cinquante centim\u00e8tres les plantes pr\u00e9sentes sur plusieurs tron\u00e7ons d&rsquo;une clairi\u00e8re fleurie de gentianes et de pens\u00e9es sauvages.\u00a0 <\/span><br \/>\n<span style=\"color: #000000;\">\u00ab\u00a0On est un peu comme des arch\u00e9ologues qui \u00e9tudient le patrimoine menac\u00e9 par un chantier. On collecte des <strong>esp\u00e8ces qui sont fragiles, dont on sait qu&rsquo;elles seront d\u00e9truites<\/strong> lors de l&rsquo;extension de carri\u00e8res ou, comme dans ce secteur, par l&rsquo;introduction du pastoralisme\u00a0\u00bb, r\u00e9sume le conservateur auvergnat, missionn\u00e9 par le Parc naturel r\u00e9gional des volcans d&rsquo;Auvergne pour effectuer un <strong>diagnostic de la flore locale.<\/strong><\/span><br \/>\n<span style=\"color: #000000;\">Une plong\u00e9e dans le monde v\u00e9g\u00e9tal bien loin de l&rsquo;image coll\u00e9e \u00e0 ces scientifiques charg\u00e9s de veiller sur de vieux sp\u00e9cimens au charme surann\u00e9.<\/span><br \/>\n<span style=\"color: #000000;\"><strong>Aux Herbiers universitaires d&rsquo;Auvergne, pr\u00e8s de 580.000 planches<\/strong> &#8211; dont les plus anciennes datent de la R\u00e9volution fran\u00e7aise &#8211; et <strong>700.000 sp\u00e9cimens<\/strong> r\u00e9colt\u00e9s aux quatre coins du monde sont conserv\u00e9s dans des centaines de vieux casiers en bois.<\/span><br \/>\n<span style=\"color: #000000;\">\u00ab\u00a0On passe pour une science ringarde\u00a0\u00bb, regrette Gilles Th\u00e9baud. \u00ab\u00a0Mais les herbiers, ce ne sont pas uniquement des objets de mus\u00e9es, ce sont des <strong>mines d&rsquo;informations scientifiques<\/strong> vivantes et essentielles pour conna\u00eetre <strong>l&rsquo;\u00e9volution de la biodiversit\u00e9\u00a0\u00bb,<\/strong> assure le conservateur auvergnat, \u00e0 la t\u00eate de la troisi\u00e8me plus grande collection universitaire de France. Depuis quelques ann\u00e9es, les naturalistes ont rebattu les cartes en mati\u00e8re de syst\u00e9matique (classification des esp\u00e8ces), \u00e0 l&rsquo;aune des progr\u00e8s de la biologie mol\u00e9culaire. <\/span><br \/>\n<span style=\"color: #000000;\"><strong>La dessiccation des plantes pr\u00e9servant leur ADN<\/strong>, le s\u00e9quen\u00e7age g\u00e9n\u00e9tique est venu affiner les connaissances en la mati\u00e8re, au point parfois de bousculer certaines classifications bien \u00e9tablies. Renfermant des banques de donn\u00e9es g\u00e9n\u00e9tiques encore exploitables, les herbiers sont particuli\u00e8rement pris\u00e9s pour certaines recherches en <strong>pharmacologie, cosm\u00e9tique ou allergologie.<\/strong> <\/span><br \/>\n<span style=\"color: #000000;\">En outre, les collections naturalistes apportent d\u00e9sormais des \u00e9l\u00e9ments nouveaux sur <strong>l&rsquo;impact du r\u00e9chauffement climatique.<\/strong> <strong>\u00ab\u00a0Des plantes que l&rsquo;on pouvait r\u00e9colter au 19e si\u00e8cle \u00e0 la base du Puy-de-D\u00f4me, on les retrouve aujourd&rsquo;hui \u00e0 son sommet (\u00e0 1.465 m\u00e8tres d&rsquo;altitude).<\/strong> Elles ont en fait suivi l&rsquo;\u00e9volution de la temp\u00e9rature et migr\u00e9 pour retrouver un <strong>biotope (milieu)<\/strong> plus favorable\u00a0\u00bb, illustre Arnaud Delcoigne, ing\u00e9nieur de recherche au sein des Herbiers clermontois.<\/span><br \/>\n<span style=\"color: #000000;\">\u00ab\u00a0Les herbiers, ce sont<strong> 450 ans d&rsquo;archivage de la biodiversit\u00e9<\/strong>\u00ab\u00a0, abonde \u00e0 son tour Marc Pignal, botaniste au Mus\u00e9um national d&rsquo;histoire naturelle (MNHN) de Paris, citant une \u00e9tude sur le dosage du carbone 13 dans les plantes, qui a permis de<strong> \u00ab\u00a0mettre en \u00e9vidence le d\u00e9but de l&rsquo;utilisation des \u00e9nergies fossiles, dans les ann\u00e9es 1850\u00a0\u00bb<\/strong>. <\/span><br \/>\n<span style=\"color: #000000;\">\u00ab\u00a0C&rsquo;est tr\u00e8s important d&rsquo;avoir des donn\u00e9es aussi vieilles car elles nous permettent v\u00e9ritablement d&rsquo;envisager l&rsquo;avenir\u00a0\u00bb, ajoute celui qui dirige la plateforme Recolnat, charg\u00e9e de num\u00e9riser pr\u00e8s de <strong>2 millions de plantes renferm\u00e9es dans les herbiers fran\u00e7ais d&rsquo;ici \u00e0 2019, en vue de leur valorisation.<\/strong><\/span><br \/>\n<span style=\"color: #000000;\">Les \u00e9chantillons, dont l&rsquo;attachage sur des planches s&rsquo;effectue en grande partie \u00e0 Clermont-Ferrand (avant leur num\u00e9risation \u00e0 Montpellier), seront ainsi visibles sur Internet par des chercheurs du monde entier.\u00a0<\/span><br \/>\n<span style=\"color: #000000;\">\u00ab\u00a0On d\u00e9couvre sans cesse des nouvelles esp\u00e8ces ou sous-esp\u00e8ces et l&rsquo;on continue de collecter des \u00e9chantillons \u00ab\u00a0types\u00a0\u00bb (de r\u00e9f\u00e9rence). La num\u00e9risation, \u00e7a nous permettra de dire \u00e0 un chercheur qui est \u00e0 l&rsquo;autre bout du monde: J&rsquo;ai cette plante ici et vous pouvez venir la chercher\u00a0\u00bb, souligne encore Arnaud Delcoigne.<\/span><br \/>\n<strong><span style=\"color: #000000;\">De quoi d\u00e9poussi\u00e9rer d\u00e9finitivement une science qui n&rsquo;a pas fini de reverdir.<\/span><\/strong><\/p>\n<h6><span style=\"color: #000000;\">Source :\u00a0CEYSSAT (France) -24 juil 2016 (AFP) <\/span><\/h6>\n<h6><span style=\"color: #000000;\">Cr\u00e9dit photo : Par Letartean (Travail personnel) [CC0], via Wikimedia Commons\u00a0<\/span><\/h6>\n<p>&nbsp;<\/p>\n<p>&nbsp;<\/p>\n<p>&nbsp;<\/p>\n<p>&nbsp;<\/p>\n","protected":false},"excerpt":{"rendered":"<p>Le nez dans les herbes folles, le botaniste examine \u00e0 la loupe une \u00ab\u00a0Viola lutea\u00a0\u00bb, avant de la glisser d\u00e9licatement dans du papier journal pour la faire s\u00e9cher. S&rsquo;ils peuvent para\u00eetre un brin d\u00e9suets, les herbiers constituent toujours aujourd&rsquo;hui de &hellip; <a href=\"https:\/\/claire-jannot.com\/?p=6872\">Continuer la lecture <span class=\"meta-nav\">&rarr;<\/span><\/a><\/p>\n","protected":false},"author":1,"featured_media":0,"comment_status":"open","ping_status":"open","sticky":false,"template":"","format":"standard","meta":{"jetpack_post_was_ever_published":false,"_jetpack_newsletter_access":"","_jetpack_dont_email_post_to_subs":false,"_jetpack_newsletter_tier_id":0,"_jetpack_memberships_contains_paywalled_content":false,"_jetpack_memberships_contains_paid_content":false,"footnotes":"","jetpack_publicize_message":"","jetpack_publicize_feature_enabled":true,"jetpack_social_post_already_shared":true,"jetpack_social_options":{"image_generator_settings":{"template":"highway","default_image_id":0,"font":"","enabled":false},"version":2}},"categories":[2],"tags":[4,5,64,21],"class_list":["post-6872","post","type-post","status-publish","format-standard","hentry","category-ecologie","tag-ecologie2","tag-environnement","tag-herboristerie","tag-jardin"],"jetpack_publicize_connections":[],"jetpack_featured_media_url":"","jetpack_sharing_enabled":true,"jetpack_shortlink":"https:\/\/wp.me\/p5jjt5-1MQ","_links":{"self":[{"href":"https:\/\/claire-jannot.com\/index.php?rest_route=\/wp\/v2\/posts\/6872","targetHints":{"allow":["GET"]}}],"collection":[{"href":"https:\/\/claire-jannot.com\/index.php?rest_route=\/wp\/v2\/posts"}],"about":[{"href":"https:\/\/claire-jannot.com\/index.php?rest_route=\/wp\/v2\/types\/post"}],"author":[{"embeddable":true,"href":"https:\/\/claire-jannot.com\/index.php?rest_route=\/wp\/v2\/users\/1"}],"replies":[{"embeddable":true,"href":"https:\/\/claire-jannot.com\/index.php?rest_route=%2Fwp%2Fv2%2Fcomments&post=6872"}],"version-history":[{"count":3,"href":"https:\/\/claire-jannot.com\/index.php?rest_route=\/wp\/v2\/posts\/6872\/revisions"}],"predecessor-version":[{"id":6876,"href":"https:\/\/claire-jannot.com\/index.php?rest_route=\/wp\/v2\/posts\/6872\/revisions\/6876"}],"wp:attachment":[{"href":"https:\/\/claire-jannot.com\/index.php?rest_route=%2Fwp%2Fv2%2Fmedia&parent=6872"}],"wp:term":[{"taxonomy":"category","embeddable":true,"href":"https:\/\/claire-jannot.com\/index.php?rest_route=%2Fwp%2Fv2%2Fcategories&post=6872"},{"taxonomy":"post_tag","embeddable":true,"href":"https:\/\/claire-jannot.com\/index.php?rest_route=%2Fwp%2Fv2%2Ftags&post=6872"}],"curies":[{"name":"wp","href":"https:\/\/api.w.org\/{rel}","templated":true}]}}