{"id":6877,"date":"2016-07-28T14:00:52","date_gmt":"2016-07-28T13:00:52","guid":{"rendered":"http:\/\/www.grandesterresbio.com\/?p=6877"},"modified":"2016-07-28T11:33:22","modified_gmt":"2016-07-28T10:33:22","slug":"labeille-des-villes-et-labeille-des-champs","status":"publish","type":"post","link":"https:\/\/claire-jannot.com\/?p=6877","title":{"rendered":"L&rsquo;abeille des villes et l&rsquo;abeille des champs"},"content":{"rendered":"<h2><span style=\"color: #000000;\">Sur les toits de lyc\u00e9es \u00e0 Montpellier, de l&rsquo;Op\u00e9ra de Paris ou m\u00eame sur ceux de l&rsquo;AFP, les ruches s&rsquo;int\u00e8grent certes depuis quelques ann\u00e9es au paysage citadin, mais l&rsquo;apiculture urbaine a ses limites et l&rsquo;abeille des villes ne remplacera jamais celle des champs.<\/span><\/h2>\n<p><span style=\"color: #000000;\"><a href=\"https:\/\/i0.wp.com\/www.grandesterresbio.com\/wp-content\/uploads\/2016\/07\/Ruche_parc_George_Brassens_Paris.jpg\" rel=\"attachment wp-att-6878\"><img data-recalc-dims=\"1\" loading=\"lazy\" decoding=\"async\" class=\"alignleft  wp-image-6878\" src=\"https:\/\/i0.wp.com\/www.grandesterresbio.com\/wp-content\/uploads\/2016\/07\/Ruche_parc_George_Brassens_Paris.jpg?resize=435%2C326\" alt=\"Ruche_parc_George_Brassens_Paris\" width=\"435\" height=\"326\" srcset=\"https:\/\/i0.wp.com\/claire-jannot.com\/wp-content\/uploads\/2016\/07\/Ruche_parc_George_Brassens_Paris.jpg?w=640&amp;ssl=1 640w, https:\/\/i0.wp.com\/claire-jannot.com\/wp-content\/uploads\/2016\/07\/Ruche_parc_George_Brassens_Paris.jpg?resize=300%2C225&amp;ssl=1 300w\" sizes=\"auto, (max-width: 435px) 100vw, 435px\" \/><\/a>A Lille, par exemple, <strong>un rucher-\u00e9cole municipal<\/strong>, implant\u00e9 derri\u00e8re la gare et destin\u00e9 aux particuliers, conna\u00eet un ind\u00e9niable succ\u00e8s, <strong>avec deux ans de liste d&rsquo;attente, pour une dizaine de ruches.<\/strong><\/span><\/p>\n<p><span style=\"color: #000000;\">En adh\u00e9rant d\u00e8s 2007 au programme national <strong>\u00ab\u00a0Abeille, sentinelle de l&rsquo;environnement\u00a0\u00bb<\/strong>, la capitale nordiste \u00e9tait l&rsquo;une des pionni\u00e8res, avec Montpellier, \u00e0 vouloir d\u00e9fendre farouchement l&rsquo;insecte pollinisateur et son espace naturel: <strong>la ville a ainsi \u00e9radiqu\u00e9 les traitements chimiques au profit de produits naturels et cultive ses propres vari\u00e9t\u00e9s de plantes. <\/strong><\/span><\/p>\n<p><span style=\"color: #000000;\">Un an plus tard, elle cr\u00e9era m\u00eame le <strong>premier poste de conseiller municipal d\u00e9l\u00e9gu\u00e9 \u00e0 l&rsquo;apiculture urbaine de France.<\/strong><\/span><\/p>\n<p><span style=\"color: #000000;\">Depuis, <strong>80 esp\u00e8ces d&rsquo;apid\u00e9s sauvages<\/strong> qui avaient disparu du territoire lillois ont \u00e9t\u00e9 \u00e0 nouveau rep\u00e9r\u00e9es. \u00ab\u00a0En termes de diversit\u00e9, 2015 est une bonne ann\u00e9e avec la d\u00e9couverte de trois nouvelles esp\u00e8ces d&rsquo;abeilles sauvages patrimoniales dont l&rsquo;Andr\u00e8ne vague\u00a0\u00bb, se f\u00e9licite Lise Daleux, d\u00e9l\u00e9gu\u00e9e \u00e9cologiste \u00e0 la nature en ville.<\/span><\/p>\n<p><span style=\"color: #000000;\"><strong>Sur les 17.000 tonnes de miel produites en 2015 dans l&rsquo;hexagone, la part \u00ab\u00a0urbaine\u00a0\u00bb reste donc anecdotique, selon l&rsquo;Unaf.<\/strong> Avec une <strong>consommation moyenne annuelle de 40.000 tonnes<\/strong>, la France continue \u00e0 en importer massivement.<\/span><\/p>\n<p><span style=\"color: #000000;\"><strong>\u00ab\u00a0Dans les ann\u00e9es 1990, la France \u00e9tait pratiquement autonome !<\/strong> Les abeilles ont \u00e9t\u00e9 d\u00e9cim\u00e9es avec l&rsquo;utilisation massive et syst\u00e9matique des pesticides, employ\u00e9s avant-m\u00eame que la plante ne pousse. C&rsquo;est catastrophique!\u00a0\u00bb, peste M. Bonmatin.<\/span><\/p>\n<p><span style=\"color: #000000;\">Mais l&rsquo;essor m\u00eame spectaculaire de l&rsquo;apiculture urbaine ne saurait r\u00e9pondre \u00e0 la menace d&rsquo;un <strong>effondrement de tout l&rsquo;\u00e9cosyst\u00e8me li\u00e9 \u00e0 l&rsquo;usage des pesticides<\/strong>, selon cet expert. Quelque<strong> 40% des pollinisateurs, dont l&rsquo;abeille, cheville ouvri\u00e8re de la biodiversit\u00e9, seraient ainsi menac\u00e9s de disparition.<\/strong><\/span><\/p>\n<p><span style=\"color: #000000;\">\u00ab\u00a0Ces insectes, base de toute vie, sont les <strong>garants de la diversit\u00e9 environnementale<\/strong> par leur r\u00f4le de pollinisateurs sur lequel repose la production agricole, mais aussi des animaux qui s&rsquo;en nourrissent et qui seraient impact\u00e9s en cascade\u00a0\u00bb, explique-t-il.<\/span><\/p>\n<p><span style=\"color: #000000;\">Ce recours syst\u00e9matique aux pesticides, dont <strong>la France est la plus grosse consommatrice en volume en Europe<\/strong>, \u00ab\u00a0favorise la r\u00e9sistance des ravageurs, impliquant l&rsquo;\u00e9pandage encore plus massif de produits chimiques\u00a0\u00bb, selon le chercheur. \u00ab\u00a0Je ne suis pas contre l&rsquo;usage des pesticides, mais avec parcimonie. Or les int\u00e9r\u00eats industriels des multinationales priment aujourd&rsquo;hui\u00a0\u00bb.<\/span><\/p>\n<h6><span style=\"color: #000000;\">Source :\u00a0LILLE, 22 juil 2016 (AFP)\u00a0<\/span><\/h6>\n<h6><span style=\"color: #000000;\">Cr\u00e9dit photo :\u00a0Voir la page pour l\u2019auteur [GFDL (http:\/\/www.gnu.org\/copyleft\/fdl.html) ou CC-BY-SA-3.0 (http:\/\/creativecommons.org\/licenses\/by-sa\/3.0\/)], via Wikimedia Commons<\/span><\/h6>\n<p>&nbsp;<\/p>\n<p>&nbsp;<\/p>\n<p>&nbsp;<\/p>\n<p>&nbsp;<\/p>\n","protected":false},"excerpt":{"rendered":"<p>Sur les toits de lyc\u00e9es \u00e0 Montpellier, de l&rsquo;Op\u00e9ra de Paris ou m\u00eame sur ceux de l&rsquo;AFP, les ruches s&rsquo;int\u00e8grent certes depuis quelques ann\u00e9es au paysage citadin, mais l&rsquo;apiculture urbaine a ses limites et l&rsquo;abeille des villes ne remplacera jamais &hellip; <a href=\"https:\/\/claire-jannot.com\/?p=6877\">Continuer la lecture <span class=\"meta-nav\">&rarr;<\/span><\/a><\/p>\n","protected":false},"author":1,"featured_media":0,"comment_status":"open","ping_status":"open","sticky":false,"template":"","format":"standard","meta":{"jetpack_post_was_ever_published":false,"_jetpack_newsletter_access":"","_jetpack_dont_email_post_to_subs":false,"_jetpack_newsletter_tier_id":0,"_jetpack_memberships_contains_paywalled_content":false,"_jetpack_memberships_contains_paid_content":false,"footnotes":"","jetpack_publicize_message":"","jetpack_publicize_feature_enabled":true,"jetpack_social_post_already_shared":true,"jetpack_social_options":{"image_generator_settings":{"template":"highway","default_image_id":0,"font":"","enabled":false},"version":2}},"categories":[2],"tags":[5,11,48],"class_list":["post-6877","post","type-post","status-publish","format-standard","hentry","category-ecologie","tag-environnement","tag-societe-2","tag-vie-animale"],"jetpack_publicize_connections":[],"jetpack_featured_media_url":"","jetpack_sharing_enabled":true,"jetpack_shortlink":"https:\/\/wp.me\/p5jjt5-1MV","_links":{"self":[{"href":"https:\/\/claire-jannot.com\/index.php?rest_route=\/wp\/v2\/posts\/6877","targetHints":{"allow":["GET"]}}],"collection":[{"href":"https:\/\/claire-jannot.com\/index.php?rest_route=\/wp\/v2\/posts"}],"about":[{"href":"https:\/\/claire-jannot.com\/index.php?rest_route=\/wp\/v2\/types\/post"}],"author":[{"embeddable":true,"href":"https:\/\/claire-jannot.com\/index.php?rest_route=\/wp\/v2\/users\/1"}],"replies":[{"embeddable":true,"href":"https:\/\/claire-jannot.com\/index.php?rest_route=%2Fwp%2Fv2%2Fcomments&post=6877"}],"version-history":[{"count":1,"href":"https:\/\/claire-jannot.com\/index.php?rest_route=\/wp\/v2\/posts\/6877\/revisions"}],"predecessor-version":[{"id":6879,"href":"https:\/\/claire-jannot.com\/index.php?rest_route=\/wp\/v2\/posts\/6877\/revisions\/6879"}],"wp:attachment":[{"href":"https:\/\/claire-jannot.com\/index.php?rest_route=%2Fwp%2Fv2%2Fmedia&parent=6877"}],"wp:term":[{"taxonomy":"category","embeddable":true,"href":"https:\/\/claire-jannot.com\/index.php?rest_route=%2Fwp%2Fv2%2Fcategories&post=6877"},{"taxonomy":"post_tag","embeddable":true,"href":"https:\/\/claire-jannot.com\/index.php?rest_route=%2Fwp%2Fv2%2Ftags&post=6877"}],"curies":[{"name":"wp","href":"https:\/\/api.w.org\/{rel}","templated":true}]}}