{"id":6892,"date":"2016-08-02T10:42:37","date_gmt":"2016-08-02T09:42:37","guid":{"rendered":"http:\/\/www.grandesterresbio.com\/?p=6892"},"modified":"2016-08-02T10:42:37","modified_gmt":"2016-08-02T09:42:37","slug":"ile-de-france-linvasion-des-perruches-vertes","status":"publish","type":"post","link":"https:\/\/claire-jannot.com\/?p=6892","title":{"rendered":"Ile de France : L&rsquo;invasion des perruches vertes"},"content":{"rendered":"<h2 class=\"tt1\"><span class=\"lettrine\">D<\/span>epuis quelques ann\u00e9es, de nouveaux citadins peuplent les grandes villes europ\u00e9ennes\u00a0: verts et bruyants, de plus en plus de \u00ab\u00a0perroquets\u00a0\u00bb peuplent les parcs de Londres, Bruxelles, Barcelone ou Paris. Import\u00e9es comme oiseaux de cage, ces perruches \u00e0 collier, connues sous le nom scientifique Psittacula krameri, trouvent en ville lorsqu\u2019elles s\u2019\u00e9chappent le g\u00eete et le couvert, dans une nature bien moins hostile que celles des for\u00eats d\u2019origines indienne ou africaine.<\/h2>\n<div id=\"articleBody\" class=\"contenu_article js_article_body\">\n<p><span style=\"color: #000000;\"><a style=\"color: #000000;\" href=\"https:\/\/i0.wp.com\/www.grandesterresbio.com\/wp-content\/uploads\/2016\/07\/Psittacula-krameri.jpg\" rel=\"attachment wp-att-6893\"><img data-recalc-dims=\"1\" loading=\"lazy\" decoding=\"async\" class=\"alignleft wp-image-6893\" src=\"https:\/\/i0.wp.com\/www.grandesterresbio.com\/wp-content\/uploads\/2016\/07\/Psittacula-krameri.jpg?resize=390%2C437\" alt=\"Psittacula krameri\" width=\"390\" height=\"437\" srcset=\"https:\/\/i0.wp.com\/claire-jannot.com\/wp-content\/uploads\/2016\/07\/Psittacula-krameri.jpg?w=566&amp;ssl=1 566w, https:\/\/i0.wp.com\/claire-jannot.com\/wp-content\/uploads\/2016\/07\/Psittacula-krameri.jpg?resize=268%2C300&amp;ssl=1 268w\" sizes=\"auto, (max-width: 390px) 100vw, 390px\" \/><\/a><strong>En l\u2019absence de ses pr\u00e9dateurs naturels, les serpents arboricoles, l\u2019esp\u00e8ce n\u2019a que peu de comp\u00e9titeurs dans nos agglom\u00e9rations<\/strong> et s\u2019y reproduit avec succ\u00e8s \u2013 d\u2019o\u00f9 l\u2019augmentation rapide de ses effectifs. Echapp\u00e9e dans les ann\u00e9es 1970, d&rsquo;un conteneur \u00e0 Orly, elle s\u2019est ainsi install\u00e9e dans tout le sud et l\u2019ouest de la r\u00e9gion parisienne. <strong>Elle ne constitue pas une v\u00e9ritable menace pour les autres oiseaux, m\u00eame si elle occupe les trous d\u2019arbre d\u2019ordinaire utilis\u00e9s par les \u00e9tourneaux urbains<\/strong> \u2013 par ailleurs \u00adsouvent consid\u00e9r\u00e9s comme \u00ab\u00a0nuisibles\u00a0\u00bb \u2013 pour \u00e9lever sa nich\u00e9e. <strong>En hiver, les perruches se rassemblent en dortoirs pour passer la nuit dans des zones calmes, par exemple pr\u00e8s des a\u00e9roports franciliens.<\/strong><\/span><\/p>\n<p>Avec son plumage vert vif et son bec rouge, l\u2019esp\u00e8ce est facile \u00e0 reconna\u00eetre. <strong>Le m\u00e2le arbore un fin collier noir devenant rose sur la nuque<\/strong>\u00a0; la femelle et les jeunes n\u2019ont pas de collier. Certains sp\u00e9cimens ont un plumage bleu ou jaune, des formes de coloration originales issues de s\u00e9lections en captivit\u00e9, mais que l\u2019on ne retrouve pas chez les populations indig\u00e8nes. <strong>Ce sont ses cris stridents qui r\u00e9v\u00e8lent sa pr\u00e9sence\u00a0:<\/strong> dans le feuillage des grands arbres, son plumage emp\u00eache de la d\u00e9tecter. En vol, on remarquera sa longue queue pointue.<\/p>\n<p class=\"intertitre\"><span style=\"color: #000000;\"><strong>D\u00e8s le mois de mars, le couple s\u2019installe dans une cavit\u00e9 d\u2019arbre<\/strong> o\u00f9 sont pondus 3 ou 4 \u0153ufs. Les femelles qui couvent \u00adquittent rarement le nid, mais lors de leurs excursions alimentaires, la forme de leur queue r\u00e9v\u00e8le leur statut reproducteur\u00a0: cet appendice d\u00e9mesur\u00e9 \u00e9pouse la forme ronde de la cavit\u00e9 abritant les \u0153ufs. Une perruche avec une queue tordue est donc une femelle qui couve\u00a0! Deux mois plus tard, les poussins s\u2019envoleront, suivant encore quelques jours leurs parents avant de s\u2019\u00e9manciper.<\/span><\/p>\n<p><span style=\"color: #000000;\">La perruche \u00e0 collier est devenue un habitant commun et tr\u00e8s visible de <strong>nos parcs urbains,<\/strong> qui cr\u00e9e la surprise mais inqui\u00e8te les jardiniers. A juste titre\u00a0: elle se nourrit surtout de bourgeons et de jeunes pousses en hiver et au printemps, puis de fruits d\u00e8s l\u2019\u00e9t\u00e9. Mais aucun risque de voir nos vergers ruraux attaqu\u00e9s et les abricots, p\u00eaches et cerises dispara\u00eetre de nos \u00e9tals\u00a0: l\u2019esp\u00e8ce reste cantonn\u00e9e aux zones urbanis\u00e9es, o\u00f9 la raret\u00e9 des \u00e9perviers ne permet pas d\u2019enrayer son installation. <strong>En France, elle niche notamment \u00e0 Paris et en banlieue, \u00e0 Cannes, Nice, Fr\u00e9jus, Marseille, Montpellier, \u00ad\u00adToulouse, mais aussi \u00e0 Lille, Nancy, Nantes\u2026<\/strong> Alors ouvrez l\u2019\u0153il, et reconnectez-vous \u00e0 une nature en p\u00e9ril devenue de plus en plus rare et difficile \u00e0 observer. Surtout au c\u0153ur des villes\u2026<\/span><\/p>\n<div class=\"position_pub\" data-adformat=\"parallax\" data-adsite=\"50270\" data-adpage=\"361904\" data-adquery=\"\" data-adformat-id=\"25258\"><span style=\"color: #000000;\">\u00a0<\/span><\/div>\n<\/div>\n<h6><span style=\"color: #000000;\">En savoir plus sur http:\/\/www.lemonde.fr\/m-actu\/article\/2016\/07\/25\/quand-les-perruches-arrivent-en-ville_4974362_4497186.html#tWYEcZZCP603bSKK.99<\/span><\/h6>\n<h6><span style=\"color: #000000;\">Source :\u00a0<span id=\"publisher\" data-source=\"M le magazine du Monde\">M LE MAGAZINE DU MONDE<\/span> | <time datetime=\"2016-07-25T12:37:01+02:00\">25.07.2016 \u00c0 12H37<\/time> \u2022 MIS \u00c0 JOUR LE <time datetime=\"2016-07-26T10:49:59+02:00\">26.07.2016 \u00c0 10H49<\/time><\/span><\/h6>\n<h6><span style=\"color: #000000;\">Cr\u00e9dit photo :\u00a0By Dick Daniels (http:\/\/carolinabirds.org\/) (Own work) [CC BY-SA 3.0 (http:\/\/creativecommons.org\/licenses\/by-sa\/3.0) or GFDL (http:\/\/www.gnu.org\/copyleft\/fdl.html)], via Wikimedia Commons<\/span><\/h6>\n<p>&nbsp;<\/p>\n<p>&nbsp;<\/p>\n<p>&nbsp;<\/p>\n<p>&nbsp;<\/p>\n","protected":false},"excerpt":{"rendered":"<p>Depuis quelques ann\u00e9es, de nouveaux citadins peuplent les grandes villes europ\u00e9ennes\u00a0: verts et bruyants, de plus en plus de \u00ab\u00a0perroquets\u00a0\u00bb peuplent les parcs de Londres, Bruxelles, Barcelone ou Paris. Import\u00e9es comme oiseaux de cage, ces perruches \u00e0 collier, connues sous &hellip; <a href=\"https:\/\/claire-jannot.com\/?p=6892\">Continuer la lecture <span class=\"meta-nav\">&rarr;<\/span><\/a><\/p>\n","protected":false},"author":1,"featured_media":0,"comment_status":"open","ping_status":"open","sticky":false,"template":"","format":"standard","meta":{"jetpack_post_was_ever_published":false,"_jetpack_newsletter_access":"","_jetpack_dont_email_post_to_subs":false,"_jetpack_newsletter_tier_id":0,"_jetpack_memberships_contains_paywalled_content":false,"_jetpack_memberships_contains_paid_content":false,"footnotes":"","jetpack_publicize_message":"","jetpack_publicize_feature_enabled":true,"jetpack_social_post_already_shared":true,"jetpack_social_options":{"image_generator_settings":{"template":"highway","default_image_id":0,"font":"","enabled":false},"version":2}},"categories":[2],"tags":[27,48],"class_list":["post-6892","post","type-post","status-publish","format-standard","hentry","category-ecologie","tag-insolite","tag-vie-animale"],"jetpack_publicize_connections":[],"jetpack_featured_media_url":"","jetpack_sharing_enabled":true,"jetpack_shortlink":"https:\/\/wp.me\/p5jjt5-1Na","_links":{"self":[{"href":"https:\/\/claire-jannot.com\/index.php?rest_route=\/wp\/v2\/posts\/6892","targetHints":{"allow":["GET"]}}],"collection":[{"href":"https:\/\/claire-jannot.com\/index.php?rest_route=\/wp\/v2\/posts"}],"about":[{"href":"https:\/\/claire-jannot.com\/index.php?rest_route=\/wp\/v2\/types\/post"}],"author":[{"embeddable":true,"href":"https:\/\/claire-jannot.com\/index.php?rest_route=\/wp\/v2\/users\/1"}],"replies":[{"embeddable":true,"href":"https:\/\/claire-jannot.com\/index.php?rest_route=%2Fwp%2Fv2%2Fcomments&post=6892"}],"version-history":[{"count":3,"href":"https:\/\/claire-jannot.com\/index.php?rest_route=\/wp\/v2\/posts\/6892\/revisions"}],"predecessor-version":[{"id":6896,"href":"https:\/\/claire-jannot.com\/index.php?rest_route=\/wp\/v2\/posts\/6892\/revisions\/6896"}],"wp:attachment":[{"href":"https:\/\/claire-jannot.com\/index.php?rest_route=%2Fwp%2Fv2%2Fmedia&parent=6892"}],"wp:term":[{"taxonomy":"category","embeddable":true,"href":"https:\/\/claire-jannot.com\/index.php?rest_route=%2Fwp%2Fv2%2Fcategories&post=6892"},{"taxonomy":"post_tag","embeddable":true,"href":"https:\/\/claire-jannot.com\/index.php?rest_route=%2Fwp%2Fv2%2Ftags&post=6892"}],"curies":[{"name":"wp","href":"https:\/\/api.w.org\/{rel}","templated":true}]}}