{"id":6909,"date":"2016-08-06T13:00:58","date_gmt":"2016-08-06T12:00:58","guid":{"rendered":"http:\/\/www.grandesterresbio.com\/?p=6909"},"modified":"2016-08-05T12:17:32","modified_gmt":"2016-08-05T11:17:32","slug":"lundi-8-aout-2016-nous-aurons-epuise-toutes-nos-ressources","status":"publish","type":"post","link":"https:\/\/claire-jannot.com\/?p=6909","title":{"rendered":"Lundi 8 ao\u00fbt 2016 : nous aurons \u00e9puis\u00e9 toutes nos ressources"},"content":{"rendered":"<div id=\"post-253102\" class=\"post-253102 post type-post status-publish format-standard has-post-thumbnail hentry category-en-direct category-environnement category-planete tag-earth-overshoot-day tag-epuisement-des-ressources tag-jour-du-depassement tag-planete tag-surexploitation\">\n<h2 class=\"entry-title titre-article\"><span style=\"color: #000000;\">Oui, vous avez bien lu : lundi 8 ao\u00fbt, nous aurons consomm\u00e9 toutes les ressources naturelles de la Terre. Ou plut\u00f4t, toutes les ressources naturelles que la Terre peut renouveler en un an. Nous vivrons donc \u00e0 cr\u00e9dit \u00e0 partir de lundi.<\/span><\/h2>\n<p><span style=\"color: #000000;\"><a href=\"https:\/\/i0.wp.com\/www.grandesterresbio.com\/wp-content\/uploads\/2016\/08\/earth-1.png\" rel=\"attachment wp-att-6911\"><img data-recalc-dims=\"1\" loading=\"lazy\" decoding=\"async\" class=\"alignleft  wp-image-6911\" src=\"https:\/\/i0.wp.com\/www.grandesterresbio.com\/wp-content\/uploads\/2016\/08\/earth-1.png?resize=400%2C406\" alt=\"earth\" width=\"400\" height=\"406\" srcset=\"https:\/\/i0.wp.com\/claire-jannot.com\/wp-content\/uploads\/2016\/08\/earth-1.png?w=521&amp;ssl=1 521w, https:\/\/i0.wp.com\/claire-jannot.com\/wp-content\/uploads\/2016\/08\/earth-1.png?resize=295%2C300&amp;ssl=1 295w\" sizes=\"auto, (max-width: 400px) 100vw, 400px\" \/><\/a>En anglais, ce jour, calcul\u00e9 par l\u2019association <strong>Global Footprint Network<\/strong>, d\u00e9di\u00e9e \u00e0 cette t\u00e2che, est appel\u00e9 <strong>\u00ab\u00a0Earth overshoot day\u00a0\u00bb<\/strong>, ce que nous traduisons en Fran\u00e7ais par <strong>\u00ab\u00a0jour du d\u00e9passement\u00a0\u00bb<\/strong>. Relay\u00e9 par le WWF, ce calcul d\u00e9termine <strong>le moment \u00e0 partir duquel les ressources naturelles consomm\u00e9es par l\u2019homme d\u00e9passent leur capacit\u00e9 de renouvellement en un an.<\/strong><\/span><\/p>\n<\/div>\n<div id=\"contenu\">\n<div class=\"entry-content\">\n<p><span style=\"color: #000000;\">Vivre \u00e0 cr\u00e9dit ne peut \u00eatre que provisoire parce que la nature n\u2019est pas un gisement dans lequel nous pouvons puiser ind\u00e9finiment. Cet <strong>indicateur de notre surconsommation \u00e9nerg\u00e9tique et en ressource<\/strong> rappelle que les gouvernements, les\u00a0entreprises, les\u00a0collectivit\u00e9s, et les\u00a0citoyens doivent privil\u00e9gier des modes de production et de consommation plus \u00e9cologiques.<\/span><\/p>\n<p><span style=\"color: #000000;\"><strong>L\u2019exemple le plus parlant est celui de la p\u00eache<\/strong>\u00a0: quand l\u2019homme p\u00eache trop, il \u00e9puise les ressources halieutiques et emp\u00eache les esp\u00e8ces chass\u00e9es de se reproduire en nombre suffisant pour faire face aux captures de l\u2019ann\u00e9e suivante. <strong>R\u00e9sultat, d\u2019ann\u00e9e en ann\u00e9e, l\u2019homme p\u00eache plus loin, plus profond, d\u00e9vastant encore un peu plus les ressources halieutiques.<\/strong><\/span><\/p>\n<p><strong><span style=\"color: #000000;\">Le jour du d\u00e9passement tombait le 3 septembre en 2005, le 3\u00a0novembre en 1980, le 23 d\u00e9cembre en 1970. D\u2019apr\u00e8s les calculs de Global Footprint, le jour du d\u00e9passement pourrait tomber fin juin, en 2030\u2026<\/span><\/strong><\/p>\n<p><span style=\"color: #000000;\">Le WWF explique\u00a0: le jour du d\u00e9passement arrivant cette ann\u00e9e le 8 ao\u00fbt \u00ab\u00a0signifie qu\u2019en huit mois, nous aurons \u00e9mis plus de carbone que ce que les oc\u00e9ans et les for\u00eats ne pouvaient absorber en un an, nous aurons p\u00each\u00e9 plus de poissons, coup\u00e9 plus d\u2019arbres, fait plus de r\u00e9coltes, consomm\u00e9 plus d\u2019eau que ce que la Terre ne pouvait produire sur cette m\u00eame p\u00e9riode\u00a0\u00bb.<\/span><\/p>\n<p><strong>Le co\u00fbt de cette surconsommation est d\u00e9j\u00e0 visible\u00a0: p\u00e9nuries en eau, d\u00e9sertification, \u00e9rosion des sols, chute de la productivit\u00e9 agricole et des stocks de poissons, d\u00e9forestation, disparition des esp\u00e8ces.<\/strong><\/p>\n<p><span style=\"color: #000000;\">Principal facteur de d\u00e9passement, les \u00e9missions de carbone <strong>repr\u00e9sentent d\u00e9sormais 60\u00a0% de notre empreinte \u00e9cologique globale.<\/strong> Elles expliquent m\u00eame\u00a0pour une large part le\u00a0glissement dans le temps de la date.\u00a0Pour tenir les objectifs fix\u00e9s par l\u2019Accord de Paris adopt\u00e9 en d\u00e9cembre 2015 par 195 pays, notre empreinte carbone doit progressivement d\u00e9cro\u00eetre jusqu\u2019\u00e0 atteindre un niveau d\u2019\u00e9missions proche de z\u00e9ro d\u2019ici 2050, indique le WWF, qui pointe aussi les avanc\u00e9es\u00a0: <strong>\u00ab\u00a0fort heureusement, certains pays ont amorc\u00e9 leur transition \u00e9nerg\u00e9tique.<\/strong> Le Costa Rica a produit 97\u00a0% de son \u00e9lectricit\u00e9 gr\u00e2ce \u00e0 des \u00e9nergies renouvelables au cours du premier trimestre 2016. Le Portugal, l\u2019Allemagne et la Grande-Bretagne ont enregistr\u00e9 cette ann\u00e9e une capacit\u00e9 record de leur production en \u00e9nergies renouvelables\u00a0: ils ont ainsi pu assurer 100\u00a0% de leurs besoins en \u00e9lectricit\u00e9 pendant quelques minutes, voire pendant quelques jours pour le Portugal.\u00a0\u00bb<\/span><\/p>\n<h6><span style=\"color: #000000;\">Source :\u00a0http:\/\/www.consoglobe.com\/<\/span><\/h6>\n<h6><span style=\"color: #000000;\">Cr\u00e9dit photo :\u00a0By Tesseract2 [CC BY-SA 3.0 (http:\/\/creativecommons.org\/licenses\/by-sa\/3.0)], via Wikimedia Commons<\/span><\/h6>\n<\/div>\n<\/div>\n<p>&nbsp;<\/p>\n<p>&nbsp;<\/p>\n","protected":false},"excerpt":{"rendered":"<p>Oui, vous avez bien lu : lundi 8 ao\u00fbt, nous aurons consomm\u00e9 toutes les ressources naturelles de la Terre. Ou plut\u00f4t, toutes les ressources naturelles que la Terre peut renouveler en un an. Nous vivrons donc \u00e0 cr\u00e9dit \u00e0 partir &hellip; <a href=\"https:\/\/claire-jannot.com\/?p=6909\">Continuer la lecture <span class=\"meta-nav\">&rarr;<\/span><\/a><\/p>\n","protected":false},"author":1,"featured_media":0,"comment_status":"open","ping_status":"open","sticky":false,"template":"","format":"standard","meta":{"jetpack_post_was_ever_published":false,"_jetpack_newsletter_access":"","_jetpack_dont_email_post_to_subs":false,"_jetpack_newsletter_tier_id":0,"_jetpack_memberships_contains_paywalled_content":false,"_jetpack_memberships_contains_paid_content":false,"footnotes":"","jetpack_publicize_message":"","jetpack_publicize_feature_enabled":true,"jetpack_social_post_already_shared":true,"jetpack_social_options":{"image_generator_settings":{"template":"highway","default_image_id":0,"font":"","enabled":false},"version":2}},"categories":[2],"tags":[51,3,44,5],"class_list":["post-6909","post","type-post","status-publish","format-standard","hentry","category-ecologie","tag-climat","tag-consommation","tag-energie","tag-environnement"],"jetpack_publicize_connections":[],"jetpack_featured_media_url":"","jetpack_sharing_enabled":true,"jetpack_shortlink":"https:\/\/wp.me\/p5jjt5-1Nr","_links":{"self":[{"href":"https:\/\/claire-jannot.com\/index.php?rest_route=\/wp\/v2\/posts\/6909","targetHints":{"allow":["GET"]}}],"collection":[{"href":"https:\/\/claire-jannot.com\/index.php?rest_route=\/wp\/v2\/posts"}],"about":[{"href":"https:\/\/claire-jannot.com\/index.php?rest_route=\/wp\/v2\/types\/post"}],"author":[{"embeddable":true,"href":"https:\/\/claire-jannot.com\/index.php?rest_route=\/wp\/v2\/users\/1"}],"replies":[{"embeddable":true,"href":"https:\/\/claire-jannot.com\/index.php?rest_route=%2Fwp%2Fv2%2Fcomments&post=6909"}],"version-history":[{"count":1,"href":"https:\/\/claire-jannot.com\/index.php?rest_route=\/wp\/v2\/posts\/6909\/revisions"}],"predecessor-version":[{"id":6912,"href":"https:\/\/claire-jannot.com\/index.php?rest_route=\/wp\/v2\/posts\/6909\/revisions\/6912"}],"wp:attachment":[{"href":"https:\/\/claire-jannot.com\/index.php?rest_route=%2Fwp%2Fv2%2Fmedia&parent=6909"}],"wp:term":[{"taxonomy":"category","embeddable":true,"href":"https:\/\/claire-jannot.com\/index.php?rest_route=%2Fwp%2Fv2%2Fcategories&post=6909"},{"taxonomy":"post_tag","embeddable":true,"href":"https:\/\/claire-jannot.com\/index.php?rest_route=%2Fwp%2Fv2%2Ftags&post=6909"}],"curies":[{"name":"wp","href":"https:\/\/api.w.org\/{rel}","templated":true}]}}