{"id":6916,"date":"2016-08-09T13:47:49","date_gmt":"2016-08-09T12:47:49","guid":{"rendered":"http:\/\/www.grandesterresbio.com\/?p=6916"},"modified":"2016-08-05T16:58:09","modified_gmt":"2016-08-05T15:58:09","slug":"empathiques-les-baleines-a-bosse","status":"publish","type":"post","link":"https:\/\/claire-jannot.com\/?p=6916","title":{"rendered":"Empathiques, les baleines \u00e0 bosse ?"},"content":{"rendered":"<h2 class=\"tt2\">\u00a0L\u2019\u00e9cologiste marin Robert Pitman s\u2019int\u00e9resse \u00e0 un trait de comportement \u00e9trange chez les baleines \u00e0 bosse\u00a0: celles-ci tendent \u00e0\u00a0prendre\u00a0volontairement la\u00a0d\u00e9fense\u00a0d\u2019autres mammif\u00e8res lorsqu\u2019ils sont attaqu\u00e9s par des orques.\u00a0Selon le site d\u2019information Mother Nature Network,\u00a0il a observ\u00e9 pour la premi\u00e8re fois ce comportement en\u00a02009. Il raconte l\u2019\u00e9pisode sur le site du\u00a0Natural History Magazine.<\/h2>\n<div id=\"articleBody\" class=\"contenu_article js_article_body\">\n<figure class=\"illustration_haut \"><span style=\"color: #000000;\"><a style=\"color: #000000;\" href=\"https:\/\/i0.wp.com\/www.grandesterresbio.com\/wp-content\/uploads\/2016\/08\/baleine-a-bosse.jpeg\" rel=\"attachment wp-att-6917\"><img data-recalc-dims=\"1\" loading=\"lazy\" decoding=\"async\" class=\"alignleft wp-image-6917\" src=\"https:\/\/i0.wp.com\/www.grandesterresbio.com\/wp-content\/uploads\/2016\/08\/baleine-a-bosse.jpeg?resize=346%2C282\" alt=\"baleine a bosse\" width=\"346\" height=\"282\" srcset=\"https:\/\/i0.wp.com\/claire-jannot.com\/wp-content\/uploads\/2016\/08\/baleine-a-bosse.jpeg?w=2223&amp;ssl=1 2223w, https:\/\/i0.wp.com\/claire-jannot.com\/wp-content\/uploads\/2016\/08\/baleine-a-bosse.jpeg?resize=300%2C245&amp;ssl=1 300w, https:\/\/i0.wp.com\/claire-jannot.com\/wp-content\/uploads\/2016\/08\/baleine-a-bosse.jpeg?resize=768%2C626&amp;ssl=1 768w, https:\/\/i0.wp.com\/claire-jannot.com\/wp-content\/uploads\/2016\/08\/baleine-a-bosse.jpeg?resize=1024%2C835&amp;ssl=1 1024w, https:\/\/i0.wp.com\/claire-jannot.com\/wp-content\/uploads\/2016\/08\/baleine-a-bosse.jpeg?w=1280 1280w, https:\/\/i0.wp.com\/claire-jannot.com\/wp-content\/uploads\/2016\/08\/baleine-a-bosse.jpeg?w=1920 1920w\" sizes=\"auto, (max-width: 346px) 100vw, 346px\" \/><\/a> <\/span><\/p>\n<p><span style=\"color: #000000;\"><strong>L\u2019\u00e9cologiste marin Robert Pitman<\/strong> s\u2019int\u00e9resse \u00e0 un trait de comportement \u00e9trange chez les baleines \u00e0 bosse\u00a0: celles-ci tendent \u00e0\u00a0prendre\u00a0volontairement la\u00a0d\u00e9fense\u00a0d\u2019autres mammif\u00e8res lorsqu\u2019ils sont attaqu\u00e9s par des orques.<\/span><\/p>\n<p><span style=\"color: #000000;\">Selon le site d\u2019information <strong>Mother Nature Network<\/strong>,\u00a0il a observ\u00e9 pour la premi\u00e8re fois ce comportement en\u00a02009. Il raconte l\u2019\u00e9pisode sur le site du\u00a0<strong>Natural History Magazine.<\/strong><\/span><\/p>\n<p><span style=\"color: #000000;\">Un groupe d\u2019orques chassait un phoque pris au pi\u00e8ge sur un bout de banquise, dans l\u2019Antarctique, lorsqu\u2019une baleine \u00e0 bosse a surgi, sous le phoque qui venait d\u2019\u00eatre jet\u00e9 \u00e0 la mer par les orques. Et ce n\u2019\u00e9tait pas un accident\u00a0: la baleine a plac\u00e9 le phoque sur son ventre pour le\u00a0garder\u00a0hors de l\u2019eau. Lorsque le phoque glissait, la baleine l\u2019aidait de ses nageoires.\u00a0<\/span><span style=\"color: #000000;\">Un autre incident, film\u00e9 par la BBC, montre un groupe d\u2019orques s\u2019attaquant \u00e0 un baleineau s\u00e9par\u00e9 de sa m\u00e8re. Deux baleines \u00e0 bosse, qui ne sont pas de la m\u00eame esp\u00e8ce que la baleine grise en p\u00e9ril, semblent s\u2019interposer.<\/span><\/p>\n<p><span style=\"color: #000000;\">La r\u00e9currence du ph\u00e9nom\u00e8ne dans des r\u00e9gions tr\u00e8s diverses du globe a pouss\u00e9 Robert Pitman \u00e0\u00a0approfondir\u00a0l\u2019\u00e9tude de ces <strong>interactions hostiles entre orques et baleines \u00e0 bosse.<\/strong><\/span><\/p>\n<p><span style=\"color: #000000;\">Entre 1951 et 2012, 115 ont \u00e9t\u00e9 document\u00e9es par 51 observateurs et ont servi de base \u00e0 son \u00e9tude,\u00a0publi\u00e9e dans le journal\u00a0Marine Mammal Science.\u00a0Il estime que dans 8<strong>9\u00a0% des incidents observ\u00e9s, les baleines \u00e0 bosse semblent s\u2019approcher une fois que les orques se sont mises en chasse, et choisissent d\u2019intervenir pr\u00e9cis\u00e9ment pour\u00a0interrompre\u00a0la chasse.<\/strong><\/span><\/p>\n<p><span style=\"color: #000000;\">Pour quelle raison les baleines \u00e0 bosse adoptent-elles ce comportement\u00a0? Si elles ne sont pas des proies naturelles des orques, elles risquent quand m\u00eame leur vie pour des animaux qui ne sont pas leur prog\u00e9niture, qui ne font pas partie du m\u00eame groupe ni m\u00eame de la m\u00eame esp\u00e8ce (lions de mer, poissons-lunes, phoques et baleines grises).<\/span><\/p>\n<p><span style=\"color: #000000;\"><strong>Robert Pitman parle de comportement \u00ab\u00a0altruiste\u00a0\u00bb<\/strong>, mais conc\u00e8de que d\u2019autres strat\u00e9gies peuvent\u00a0\u00eatre\u00a0\u00e0 l\u2019\u0153uvre. Les petits des baleines \u00e0 bosse peuvent \u00eatre des proies pour les orques. En perturbant la chasse du pr\u00e9dateur, la baleine aurait une tactique de<strong> dissuasion proactive<\/strong>, au cas o\u00f9 les orques s\u2019aviseraient d\u2019attaquer leur prog\u00e9niture. Ce comportement est cependant la preuve d\u2019une <strong>vie \u00e9motionnelle complexe<\/strong> chez ces animaux,\u00a0de l\u2019ordre de celle\u00a0\u00ab\u00a0que l\u2019on observe chez les <strong>primates<\/strong>\u00a0\u00bb.<\/span><\/p>\n<p><span style=\"color: #000000;\">\u00a0<\/span><\/p>\n<h6><span style=\"color: #000000;\">Source :\u00a0sur http:\/\/www.lemonde.fr\/big-browser\/article\/2016\/08\/03\/les-baleines-boss-des-oceans_4978124_4832693.html#fOoxDcM7C6zsq5R0.99<\/span><\/h6>\n<h6><span style=\"color: #000000;\">Cr\u00e9dit photo :\u00a0Par Mario Lopes Ferreira : Mariomlf (Travail personnel) [CC BY-SA 4.0 (http:\/\/creativecommons.org\/licenses\/by-sa\/4.0)], via Wikimedia Commons<\/span><\/h6>\n<\/figure>\n<\/div>\n<p>&nbsp;<\/p>\n<div id=\"articleBody\" class=\"contenu_article js_article_body\"><\/div>\n","protected":false},"excerpt":{"rendered":"<p>\u00a0L\u2019\u00e9cologiste marin Robert Pitman s\u2019int\u00e9resse \u00e0 un trait de comportement \u00e9trange chez les baleines \u00e0 bosse\u00a0: celles-ci tendent \u00e0\u00a0prendre\u00a0volontairement la\u00a0d\u00e9fense\u00a0d\u2019autres mammif\u00e8res lorsqu\u2019ils sont attaqu\u00e9s par des orques.\u00a0Selon le site d\u2019information Mother Nature Network,\u00a0il a observ\u00e9 pour la premi\u00e8re fois ce &hellip; <a href=\"https:\/\/claire-jannot.com\/?p=6916\">Continuer la lecture <span class=\"meta-nav\">&rarr;<\/span><\/a><\/p>\n","protected":false},"author":1,"featured_media":0,"comment_status":"open","ping_status":"open","sticky":false,"template":"","format":"standard","meta":{"jetpack_post_was_ever_published":false,"_jetpack_newsletter_access":"","_jetpack_dont_email_post_to_subs":false,"_jetpack_newsletter_tier_id":0,"_jetpack_memberships_contains_paywalled_content":false,"_jetpack_memberships_contains_paid_content":false,"footnotes":"","jetpack_publicize_message":"","jetpack_publicize_feature_enabled":true,"jetpack_social_post_already_shared":true,"jetpack_social_options":{"image_generator_settings":{"template":"highway","default_image_id":0,"font":"","enabled":false},"version":2}},"categories":[49],"tags":[27,52,48],"class_list":["post-6916","post","type-post","status-publish","format-standard","hentry","category-vie-animale-2","tag-insolite","tag-oceans","tag-vie-animale"],"jetpack_publicize_connections":[],"jetpack_featured_media_url":"","jetpack_sharing_enabled":true,"jetpack_shortlink":"https:\/\/wp.me\/p5jjt5-1Ny","_links":{"self":[{"href":"https:\/\/claire-jannot.com\/index.php?rest_route=\/wp\/v2\/posts\/6916","targetHints":{"allow":["GET"]}}],"collection":[{"href":"https:\/\/claire-jannot.com\/index.php?rest_route=\/wp\/v2\/posts"}],"about":[{"href":"https:\/\/claire-jannot.com\/index.php?rest_route=\/wp\/v2\/types\/post"}],"author":[{"embeddable":true,"href":"https:\/\/claire-jannot.com\/index.php?rest_route=\/wp\/v2\/users\/1"}],"replies":[{"embeddable":true,"href":"https:\/\/claire-jannot.com\/index.php?rest_route=%2Fwp%2Fv2%2Fcomments&post=6916"}],"version-history":[{"count":5,"href":"https:\/\/claire-jannot.com\/index.php?rest_route=\/wp\/v2\/posts\/6916\/revisions"}],"predecessor-version":[{"id":6933,"href":"https:\/\/claire-jannot.com\/index.php?rest_route=\/wp\/v2\/posts\/6916\/revisions\/6933"}],"wp:attachment":[{"href":"https:\/\/claire-jannot.com\/index.php?rest_route=%2Fwp%2Fv2%2Fmedia&parent=6916"}],"wp:term":[{"taxonomy":"category","embeddable":true,"href":"https:\/\/claire-jannot.com\/index.php?rest_route=%2Fwp%2Fv2%2Fcategories&post=6916"},{"taxonomy":"post_tag","embeddable":true,"href":"https:\/\/claire-jannot.com\/index.php?rest_route=%2Fwp%2Fv2%2Ftags&post=6916"}],"curies":[{"name":"wp","href":"https:\/\/api.w.org\/{rel}","templated":true}]}}