{"id":6934,"date":"2016-08-06T20:45:36","date_gmt":"2016-08-06T19:45:36","guid":{"rendered":"http:\/\/www.grandesterresbio.com\/?p=6934"},"modified":"2016-08-06T20:45:36","modified_gmt":"2016-08-06T19:45:36","slug":"enfin-les-vacances-de-grandes-terres-bio","status":"publish","type":"post","link":"https:\/\/claire-jannot.com\/?p=6934","title":{"rendered":"Enfin les vacances de Grandes Terres Bio"},"content":{"rendered":"<h2><span style=\"color: #000000;\">Apr\u00e8s une ann\u00e9e de d\u00e9couvertes, d&rsquo;\u00e9changes, de conseils donn\u00e9s et de recettes re\u00e7ues &#8230;il est grand temps pour l&rsquo;\u00e9quipe de Grandes Terres Bio de prendre quelque repos estival bien m\u00e9rit\u00e9 ! \ud83d\ude42<\/span><\/h2>\n<div id=\"attachment_6935\" style=\"width: 410px\" class=\"wp-caption alignleft\"><a style=\"color: #000000;\" href=\"https:\/\/i0.wp.com\/www.grandesterresbio.com\/wp-content\/uploads\/2016\/08\/gtb2.jpg\" rel=\"attachment wp-att-6935\"><img data-recalc-dims=\"1\" loading=\"lazy\" decoding=\"async\" aria-describedby=\"caption-attachment-6935\" class=\" wp-image-6935\" src=\"https:\/\/i0.wp.com\/www.grandesterresbio.com\/wp-content\/uploads\/2016\/08\/gtb2.jpg?resize=400%2C400\" alt=\"Une partie de l'\u00e9quipe vous souhaite un bel \u00e9t\u00e9 !\" width=\"400\" height=\"400\" srcset=\"https:\/\/i0.wp.com\/claire-jannot.com\/wp-content\/uploads\/2016\/08\/gtb2.jpg?w=1836&amp;ssl=1 1836w, https:\/\/i0.wp.com\/claire-jannot.com\/wp-content\/uploads\/2016\/08\/gtb2.jpg?resize=150%2C150&amp;ssl=1 150w, https:\/\/i0.wp.com\/claire-jannot.com\/wp-content\/uploads\/2016\/08\/gtb2.jpg?resize=300%2C300&amp;ssl=1 300w, https:\/\/i0.wp.com\/claire-jannot.com\/wp-content\/uploads\/2016\/08\/gtb2.jpg?resize=768%2C768&amp;ssl=1 768w, https:\/\/i0.wp.com\/claire-jannot.com\/wp-content\/uploads\/2016\/08\/gtb2.jpg?resize=1024%2C1024&amp;ssl=1 1024w, https:\/\/i0.wp.com\/claire-jannot.com\/wp-content\/uploads\/2016\/08\/gtb2.jpg?w=1280 1280w\" sizes=\"auto, (max-width: 400px) 100vw, 400px\" \/><\/a><p id=\"caption-attachment-6935\" class=\"wp-caption-text\"><\/span> <span style=\"color: #000000;\">Une partie de l&rsquo;\u00e9quipe\u00a0<\/span><\/p><\/div>\n<p><span style=\"color: #000000;\">Merci pour cette ann\u00e9e riche et passionnante et c&rsquo;est avec un tr\u00e8s grand plaisir que nous vous retrouverons le\u00a030 ao\u00fbt &#8230;\u00e0 partir 9h !<\/span><\/p>\n<p><span style=\"color: #000000;\">Les batteries sont \u00e0 plat mais quelques semaines et hop, en route pour de nouvelles aventures bio !<\/span><\/p>\n<p><span style=\"color: #000000;\">Nous reviendrons bien vite avec des nouveaut\u00e9s plein notre besace.<\/span><\/p>\n<p><span style=\"color: #000000;\">Des id\u00e9es p\u00e9tillantes pour vous faire d\u00e9couvrir et aimer encore plus nos produits bio, ceux \u00e0 d\u00e9guster de mille et une fa\u00e7ons, \u00e0 la mode de Caen &#8230; ou d&rsquo;ailleurs !<\/span><\/p>\n<p><span style=\"color: #000000;\">Nous vous souhaitons un bel \u00e9t\u00e9.<\/span><\/p>\n<p><span style=\"color: #000000;\">L&rsquo;\u00e9quipe de Grandes Terres Bio<\/span><\/p>\n<p><span style=\"color: #000000;\">Pendant les vacances, le site continue &#8230; \ud83d\ude42<\/span><\/p>\n","protected":false},"excerpt":{"rendered":"<p>Apr\u00e8s une ann\u00e9e de d\u00e9couvertes, d&rsquo;\u00e9changes, de conseils donn\u00e9s et de recettes re\u00e7ues &#8230;il est grand temps pour l&rsquo;\u00e9quipe de Grandes Terres Bio de prendre quelque repos estival bien m\u00e9rit\u00e9 ! \ud83d\ude42 Merci pour cette ann\u00e9e riche et passionnante et &hellip; <a href=\"https:\/\/claire-jannot.com\/?p=6934\">Continuer la lecture <span class=\"meta-nav\">&rarr;<\/span><\/a><\/p>\n","protected":false},"author":1,"featured_media":0,"comment_status":"open","ping_status":"open","sticky":false,"template":"","format":"standard","meta":{"jetpack_post_was_ever_published":false,"_jetpack_newsletter_access":"","_jetpack_dont_email_post_to_subs":false,"_jetpack_newsletter_tier_id":0,"_jetpack_memberships_contains_paywalled_content":false,"_jetpack_memberships_contains_paid_content":false,"footnotes":"","jetpack_publicize_message":"","jetpack_publicize_feature_enabled":true,"jetpack_social_post_already_shared":true,"jetpack_social_options":{"image_generator_settings":{"template":"highway","default_image_id":0,"font":"","enabled":false},"version":2}},"categories":[2],"tags":[],"class_list":["post-6934","post","type-post","status-publish","format-standard","hentry","category-ecologie"],"jetpack_publicize_connections":[],"jetpack_featured_media_url":"","jetpack_sharing_enabled":true,"jetpack_shortlink":"https:\/\/wp.me\/p5jjt5-1NQ","_links":{"self":[{"href":"https:\/\/claire-jannot.com\/index.php?rest_route=\/wp\/v2\/posts\/6934","targetHints":{"allow":["GET"]}}],"collection":[{"href":"https:\/\/claire-jannot.com\/index.php?rest_route=\/wp\/v2\/posts"}],"about":[{"href":"https:\/\/claire-jannot.com\/index.php?rest_route=\/wp\/v2\/types\/post"}],"author":[{"embeddable":true,"href":"https:\/\/claire-jannot.com\/index.php?rest_route=\/wp\/v2\/users\/1"}],"replies":[{"embeddable":true,"href":"https:\/\/claire-jannot.com\/index.php?rest_route=%2Fwp%2Fv2%2Fcomments&post=6934"}],"version-history":[{"count":2,"href":"https:\/\/claire-jannot.com\/index.php?rest_route=\/wp\/v2\/posts\/6934\/revisions"}],"predecessor-version":[{"id":6937,"href":"https:\/\/claire-jannot.com\/index.php?rest_route=\/wp\/v2\/posts\/6934\/revisions\/6937"}],"wp:attachment":[{"href":"https:\/\/claire-jannot.com\/index.php?rest_route=%2Fwp%2Fv2%2Fmedia&parent=6934"}],"wp:term":[{"taxonomy":"category","embeddable":true,"href":"https:\/\/claire-jannot.com\/index.php?rest_route=%2Fwp%2Fv2%2Fcategories&post=6934"},{"taxonomy":"post_tag","embeddable":true,"href":"https:\/\/claire-jannot.com\/index.php?rest_route=%2Fwp%2Fv2%2Ftags&post=6934"}],"curies":[{"name":"wp","href":"https:\/\/api.w.org\/{rel}","templated":true}]}}