{"id":694,"date":"2012-01-24T13:54:44","date_gmt":"2012-01-24T12:54:44","guid":{"rendered":"http:\/\/www.clairejannot.com\/?p=694"},"modified":"2015-03-18T14:16:05","modified_gmt":"2015-03-18T13:16:05","slug":"le-boum-du-vin-biologique-francais","status":"publish","type":"post","link":"https:\/\/claire-jannot.com\/?p=694","title":{"rendered":"Le boum du vin biologique fran\u00e7ais"},"content":{"rendered":"<h2>Le vin issu de l&rsquo;agriculture biologique est depuis quelques ann\u00e9es en pleine progression en France o\u00f9 il grignote des parts de march\u00e9s, comme en t\u00e9moigne la 19e \u00e9dition du salon \u00ab\u00a0Mill\u00e9sime bio\u00a0\u00bb qui se tient jusqu&rsquo;au 25\/01 \u00e0 Montpellier.<\/h2>\n<p><a href=\"https:\/\/i0.wp.com\/www.clairejannot.com\/wp-content\/uploads\/2012\/01\/vinbio.jpg\"><img data-recalc-dims=\"1\" loading=\"lazy\" decoding=\"async\" class=\"alignleft size-medium wp-image-695\" title=\"vinbio\" src=\"https:\/\/i0.wp.com\/www.clairejannot.com\/wp-content\/uploads\/2012\/01\/vinbio-300x197.jpg?resize=300%2C197\" alt=\"\" width=\"300\" height=\"197\" \/><\/a>Avec 50.116 hectares pour 3.898 producteurs (fin 2010), le vignoble vert hexagonal, tir\u00e9 par le <strong>Languedoc-Roussillon (16.462 ha) et la r\u00e9gion Paca (11.209 ha), repr\u00e9sente 6% de l&rsquo;ensemble du secteur<\/strong>. Et au niveau mondial, il se classe au <strong>troisi\u00e8me rang, derri\u00e8re l&rsquo;Espagne (57.232 ha) et l&rsquo;Italie (52.273 ha),<\/strong> mais devant les Etats-Unis (11.448 ha) ou l&rsquo;Asie (2.424 ha).<\/p>\n<p>\u00ab\u00a0Depuis 2010, nous avons atteint les objectifs du Grenelle de l&rsquo;Environnement pour 2012\u00a0\u00bb, se f\u00e9licite le pr\u00e9sident de l&rsquo;association interprofessionnelle des vins biologiques du Languedoc-Roussillon (AIVB-LR), Thierry Julien. \u00ab\u00a0Il y a une <strong>explosion des conversions au bio (+28%)<\/strong>\u00ab\u00a0, ajoute le patron de ce salon qui accueille 600 exposants et attend 3.000 visiteurs. Poitou Charentes (+87%), Aquitaine (+63%), Champagne (+59%): partout des viticulteurs du premier producteur de vin au monde (50 millions d&rsquo;hectolitres en 2011) se lancent dans le bio. \u00ab\u00a0Sans sacrifier \u00e0 la quantit\u00e9 et \u00e0 la qualit\u00e9\u00a0\u00bb, assurent des pr\u00e9curseurs du bio, comme Dominique Pons \u00e0 Saint-Nazaire (Gard) ou R\u00e9my Souli\u00e9 \u00e0 Saint-Chinian (H\u00e9rault).<\/p>\n<p>Il est vrai qu&rsquo;aujourd&rsquo;hui, les vignerons sont encourag\u00e9s \u00e0 produire bio. Ce qui n&rsquo;\u00e9tait pas le cas dans le pass\u00e9. \u00ab\u00a0On m&rsquo;a trait\u00e9 de fou, de marginal. La Chambre d&rsquo;agriculture faisait barrage. La banque refusait de me pr\u00eater de l&rsquo;argent\u00a0\u00bb, se souvient M. Pons, fier d&rsquo;arborer sa m\u00e9daille de pionnier.<\/p>\n<p>Avant l&rsquo;arriv\u00e9e des d\u00e9sherbants dans les ann\u00e9es 1950-1960, tout le monde faisait du bio. Sans le savoir. \u00ab\u00a0Avec les produits, on a eu la possibilit\u00e9 de produire plus en travaillant moins. Je n&rsquo;ai pas c\u00e9d\u00e9 m\u00eame si on m&rsquo;a dit que je retournais 50 ans en arri\u00e8re. Et aujourd&rsquo;hui, j&rsquo;ai des terres qui n&rsquo;ont connu ni les pesticides ni les insecticides\u00a0\u00bb, rench\u00e9rit M. Souli\u00e9.<\/p>\n<p>\u00ab\u00a0On a voulu que mon grand-p\u00e8re, Pierre, mette des engrais sur ses vignes. Il a \u00e9t\u00e9 vir\u00e9 de sa coop\u00e9rative. Mais lui voulait faire du vin avec du raisin\u00a0\u00bb, compl\u00e8te Julien Guillot, dont la vie a toujours \u00e9t\u00e9 li\u00e9e au bio. Son p\u00e8re, Alain, pr\u00e9sident de la f\u00e9d\u00e9ration nationale de l&rsquo;agriculture biologique, a impos\u00e9 le logo AB.<\/p>\n<p>Julien Guillot, qui est \u00e0 la t\u00eate du vignoble du <strong>Mayne, \u00e0 Cluny (Sa\u00f4ne-et-Loire), et se revendique comme \u00ab\u00a0le plus ancien domaine bio en France\u00a0\u00bb (1954),<\/strong> vend partout dans le monde: Etats-Unis, Japon, Australie&#8230; Et se r\u00e9jouit de voir \u00ab\u00a0l&rsquo;int\u00e9r\u00eat\u00a0\u00bb se d\u00e9velopper en France. En termes de ventes, le secteur a <strong>gagn\u00e9 8% en un an pour atteindre 322 millions d&rsquo;euros,<\/strong> soit un peu moins de 10% du march\u00e9 de l&rsquo;ensemble des produits biologiques en France (3,4 milliards d&rsquo;euros en 2010). Son potentiel appara\u00eet \u00e9lev\u00e9 si l&rsquo;on consid\u00e8re que 53% des Fran\u00e7ais (sondage Ipsos pour le salon) n&rsquo;ach\u00e8tent pas ce vin \u00ab\u00a0par manque d&rsquo;habitude\u00a0\u00bb.<\/p>\n<p>Le changement de d\u00e9nomination, avec le <strong>passage d&rsquo;un \u00ab\u00a0vin issu de l&rsquo;agriculture biologique\u00a0\u00bb \u00e0 un\u00a0\u00ab\u00a0vin biologique\u00a0\u00bb<\/strong> cette ann\u00e9e, tout comme l&rsquo;aboutissement des n\u00e9gociations europ\u00e9ennes sur la vinification qui permettraient d&rsquo;adopter un logo europ\u00e9en, devraient renforcer une production encore en recherche d&rsquo;image en termes de saveur.<\/p>\n<p><strong>\u00ab\u00a0La plupart des tr\u00e8s grands vins fran\u00e7ais proviennent de la culture bio mais ils ne communiquent pas sur cet aspect\u00a0\u00bb,<\/strong> constate toutefois M. Julien.<\/p>\n<p>&nbsp;<\/p>\n<address>Source\u00a0: AFP du 24\/01\/2012 (extraits)<\/address>\n<address>Cr\u00e9dit photo : <a href=\"http:\/\/www.zegreenweb.com\">www.zegreenweb.com<\/a><\/address>\n<address>\u00a0<\/address>\n<address>\u00a0<\/address>\n<address>\u00a0<\/address>\n","protected":false},"excerpt":{"rendered":"<p>Le vin issu de l&rsquo;agriculture biologique est depuis quelques ann\u00e9es en pleine progression en France o\u00f9 il grignote des parts de march\u00e9s, comme en t\u00e9moigne la 19e \u00e9dition du salon \u00ab\u00a0Mill\u00e9sime bio\u00a0\u00bb qui se tient jusqu&rsquo;au 25\/01 \u00e0 Montpellier. Avec &hellip; <a href=\"https:\/\/claire-jannot.com\/?p=694\">Continuer la lecture <span class=\"meta-nav\">&rarr;<\/span><\/a><\/p>\n","protected":false},"author":1,"featured_media":0,"comment_status":"open","ping_status":"open","sticky":false,"template":"","format":"standard","meta":{"jetpack_post_was_ever_published":false,"_jetpack_newsletter_access":"","_jetpack_dont_email_post_to_subs":false,"_jetpack_newsletter_tier_id":0,"_jetpack_memberships_contains_paywalled_content":false,"_jetpack_memberships_contains_paid_content":false,"footnotes":"","jetpack_publicize_message":"","jetpack_publicize_feature_enabled":true,"jetpack_social_post_already_shared":false,"jetpack_social_options":{"image_generator_settings":{"template":"highway","default_image_id":0,"font":"","enabled":false},"version":2}},"categories":[1,2],"tags":[58,22,3,4,5],"class_list":["post-694","post","type-post","status-publish","format-standard","hentry","category-alimentation","category-ecologie","tag-alimentation-2","tag-biologique","tag-consommation","tag-ecologie2","tag-environnement"],"jetpack_publicize_connections":[],"jetpack_featured_media_url":"","jetpack_sharing_enabled":true,"jetpack_shortlink":"https:\/\/wp.me\/p5jjt5-bc","_links":{"self":[{"href":"https:\/\/claire-jannot.com\/index.php?rest_route=\/wp\/v2\/posts\/694","targetHints":{"allow":["GET"]}}],"collection":[{"href":"https:\/\/claire-jannot.com\/index.php?rest_route=\/wp\/v2\/posts"}],"about":[{"href":"https:\/\/claire-jannot.com\/index.php?rest_route=\/wp\/v2\/types\/post"}],"author":[{"embeddable":true,"href":"https:\/\/claire-jannot.com\/index.php?rest_route=\/wp\/v2\/users\/1"}],"replies":[{"embeddable":true,"href":"https:\/\/claire-jannot.com\/index.php?rest_route=%2Fwp%2Fv2%2Fcomments&post=694"}],"version-history":[{"count":1,"href":"https:\/\/claire-jannot.com\/index.php?rest_route=\/wp\/v2\/posts\/694\/revisions"}],"predecessor-version":[{"id":5449,"href":"https:\/\/claire-jannot.com\/index.php?rest_route=\/wp\/v2\/posts\/694\/revisions\/5449"}],"wp:attachment":[{"href":"https:\/\/claire-jannot.com\/index.php?rest_route=%2Fwp%2Fv2%2Fmedia&parent=694"}],"wp:term":[{"taxonomy":"category","embeddable":true,"href":"https:\/\/claire-jannot.com\/index.php?rest_route=%2Fwp%2Fv2%2Fcategories&post=694"},{"taxonomy":"post_tag","embeddable":true,"href":"https:\/\/claire-jannot.com\/index.php?rest_route=%2Fwp%2Fv2%2Ftags&post=694"}],"curies":[{"name":"wp","href":"https:\/\/api.w.org\/{rel}","templated":true}]}}